{"id":3501,"date":"2015-12-18T14:30:15","date_gmt":"2015-12-18T14:30:15","guid":{"rendered":"https:\/\/centros.uepb.edu.br\/ch\/?p=3501"},"modified":"2015-12-18T14:49:58","modified_gmt":"2015-12-18T14:49:58","slug":"professores-universitarios-e-docentes-da-educacao-basica-prestigiam-abertura-do-1o-encontro-de-formacao-docente-do-ch-e-do-2o-seminario-discente-do-profletras","status":"publish","type":"post","link":"https:\/\/centros.uepb.edu.br\/ch\/professores-universitarios-e-docentes-da-educacao-basica-prestigiam-abertura-do-1o-encontro-de-formacao-docente-do-ch-e-do-2o-seminario-discente-do-profletras\/","title":{"rendered":"Professores universit\u00e1rios e docentes da Educa\u00e7\u00e3o B\u00e1sica prestigiam abertura do 1\u00ba Encontro de Forma\u00e7\u00e3o Docente do CH e do 2\u00ba Semin\u00e1rio Discente do PROFLETRAS"},"content":{"rendered":"<p><a href=\"https:\/\/centros.uepb.edu.br\/ch\/files\/2015\/12\/mesa-1.jpg\" rel=\"attachment wp-att-3506\"><img loading=\"lazy\" decoding=\"async\" class=\"alignleft size-medium wp-image-3506 img-responsive\" src=\"https:\/\/centros.uepb.edu.br\/ch\/files\/2015\/12\/mesa-1-300x183.jpg\" alt=\"mesa\" width=\"300\" height=\"183\" srcset=\"https:\/\/centros.uepb.edu.br\/ch\/files\/2015\/12\/mesa-1-300x183.jpg 300w, https:\/\/centros.uepb.edu.br\/ch\/files\/2015\/12\/mesa-1-768x470.jpg 768w, https:\/\/centros.uepb.edu.br\/ch\/files\/2015\/12\/mesa-1-1024x626.jpg 1024w\" sizes=\"auto, (max-width: 300px) 100vw, 300px\" \/><\/a>Com a finalidade de propiciar um espa\u00e7o de di\u00e1logos sobre o processo de forma\u00e7\u00e3o docente, tiveram in\u00edcio, nessa quinta-feira (17), no Campus III da Universidade Estadual da Para\u00edba (UEPB), em Guarabira, o 1\u00ba Encontro de Forma\u00e7\u00e3o Docente do Centro de Humanidades e o 2\u00ba Semin\u00e1rio Discente do PROFLETRAS. Os eventos, que se estendem at\u00e9 hoje (18), re\u00fanem estudantes de licenciaturas e professores do Ensino B\u00e1sico de Guarabira e munic\u00edpios circunvizinhos.<\/p>\n<p>&nbsp;<\/p>\n<p>A iniciativa \u00e9 resultado de uma parceria entre coordenadores do CH referentes ao Programa Institucional de Bolsa de Inicia\u00e7\u00e3o \u00e0 Doc\u00eancia (PIBID), professor Juarez Nogueira Lins; aos cursos do Plano Nacional de Forma\u00e7\u00e3o de Professores da Educa\u00e7\u00e3o B\u00e1sica (PARFOR), professora M\u00f4nica Guedes; e ao Mestrado Profissional em Letras, professora Maria de F\u00e1tima Aquino. A abertura tamb\u00e9m foi prestigiada pela coordenadora dos cursos de Pedagogia do PARFOR, Adalgisa R\u00e1sia; pela coordenadora do PARFOR do Campus de Campina Grande, Silv\u00e2na Farias; e pelos coordenadores locais do PIBID de Letras (habilita\u00e7\u00f5es Portugu\u00eas e Ingl\u00eas), Pedagogia, Hist\u00f3ria e Geografia.<a href=\"https:\/\/centros.uepb.edu.br\/ch\/files\/2015\/12\/auditorio.jpg\" rel=\"attachment wp-att-3503\"><img loading=\"lazy\" decoding=\"async\" class=\"alignright size-medium wp-image-3503 img-responsive\" src=\"https:\/\/centros.uepb.edu.br\/ch\/files\/2015\/12\/auditorio-300x134.jpg\" alt=\"auditorio\" width=\"300\" height=\"134\" srcset=\"https:\/\/centros.uepb.edu.br\/ch\/files\/2015\/12\/auditorio-300x134.jpg 300w, https:\/\/centros.uepb.edu.br\/ch\/files\/2015\/12\/auditorio-768x344.jpg 768w, https:\/\/centros.uepb.edu.br\/ch\/files\/2015\/12\/auditorio-1024x458.jpg 1024w\" sizes=\"auto, (max-width: 300px) 100vw, 300px\" \/><\/a><\/p>\n<p>&nbsp;<\/p>\n<p>Durante a cerim\u00f4nia, cada coordenador explanou sobre como funciona e os objetivos dos programas que dirigem. Os professores Juarez Nogueira e Maria de F\u00e1tima agradeceram a todos que se emprenharam pela realiza\u00e7\u00e3o dos eventos. Eles tamb\u00e9m ressaltaram a import\u00e2ncia da UEPB em estabelecer um v\u00ednculo cada vez mais forte com a sociedade, por meio de projetos que enriquecem o processo de ensino-aprendizagem e contribuem para o desenvolvimento da educa\u00e7\u00e3o no Estado.<a href=\"https:\/\/centros.uepb.edu.br\/ch\/files\/2015\/12\/fatima.jpg\" rel=\"attachment wp-att-3504\"><img loading=\"lazy\" decoding=\"async\" class=\"alignright wp-image-3504 size-thumbnail img-responsive\" src=\"https:\/\/centros.uepb.edu.br\/ch\/files\/2015\/12\/fatima-150x150.jpg\" alt=\"fatima\" width=\"150\" height=\"150\" srcset=\"https:\/\/centros.uepb.edu.br\/ch\/files\/2015\/12\/fatima-150x150.jpg 150w, https:\/\/centros.uepb.edu.br\/ch\/files\/2015\/12\/fatima-300x300.jpg 300w, https:\/\/centros.uepb.edu.br\/ch\/files\/2015\/12\/fatima-768x767.jpg 768w, https:\/\/centros.uepb.edu.br\/ch\/files\/2015\/12\/fatima-1024x1022.jpg 1024w, https:\/\/centros.uepb.edu.br\/ch\/files\/2015\/12\/fatima-50x50.jpg 50w\" sizes=\"auto, (max-width: 150px) 100vw, 150px\" \/><\/a><\/p>\n<p>&nbsp;<\/p>\n<p>\u201cTratam-se de programas de cunho social. N\u00e3o apenas permitem uma forma\u00e7\u00e3o continuada, mas propiciam o resgate de docentes n\u00e3o qualificados que dificilmente teriam como ingressar \u00e0 universidade para fazer um curso superior, como tamb\u00e9m daqueles desejosos por cursar uma segunda licenciatura\u201d, disse Maria de F\u00e1tima. J\u00e1 para o professor Juarez, \u201co intuito \u00e9 de possibilitar a troca de experi\u00eancias entre alunos que ser\u00e3o futuros profissionais da Educa\u00e7\u00e3o e docentes que h\u00e1 anos exercem a profiss\u00e3o\u201d.<\/p>\n<p>&nbsp;<\/p>\n<p><a href=\"https:\/\/centros.uepb.edu.br\/ch\/files\/2015\/12\/juarez.jpg\" rel=\"attachment wp-att-3505\"><img loading=\"lazy\" decoding=\"async\" class=\"alignleft size-medium wp-image-3505 img-responsive\" src=\"https:\/\/centros.uepb.edu.br\/ch\/files\/2015\/12\/juarez-289x300.jpg\" alt=\"juarez\" width=\"289\" height=\"300\" srcset=\"https:\/\/centros.uepb.edu.br\/ch\/files\/2015\/12\/juarez-289x300.jpg 289w, https:\/\/centros.uepb.edu.br\/ch\/files\/2015\/12\/juarez-768x797.jpg 768w, https:\/\/centros.uepb.edu.br\/ch\/files\/2015\/12\/juarez-987x1024.jpg 987w\" sizes=\"auto, (max-width: 289px) 100vw, 289px\" \/><\/a>Os referidos programas s\u00e3o financiados pela Coordena\u00e7\u00e3o de Aperfei\u00e7oamento de Pessoal de N\u00edvel Superior\u00a0(CAPES). Tanto o PARFOR quanto o PROFLETRAS s\u00e3o promovidos com o intuito de possibilitar a inser\u00e7\u00e3o de professores que j\u00e1 atuam na rede B\u00e1sica de Ensino no cen\u00e1rio universit\u00e1rio. J\u00e1 o PIBID, que tamb\u00e9m \u00e9 voltado para o aperfei\u00e7oamento e a valoriza\u00e7\u00e3o da forma\u00e7\u00e3o docente, visa estimular a inclus\u00e3o dos estudantes no contexto das escolas.<\/p>\n<p>&nbsp;<\/p>\n<p>Al\u00e9m de palestras e oficinas, a programa\u00e7\u00e3o \u00e9 composta por apresenta\u00e7\u00f5es de projetos vinculados ao PIBID, por alunos dos Cursos de Letras (habilita\u00e7\u00e3o Portugu\u00eas e Ingl\u00eas), Pedagogia, Hist\u00f3ria e Geografia; exposi\u00e7\u00e3o das a\u00e7\u00f5es executadas nos cursos de Pedagogia, Educa\u00e7\u00e3o F\u00edsica e Filosofia do Plano Nacional de Forma\u00e7\u00e3o de Professores da Educa\u00e7\u00e3o B\u00e1sica (PARFOR), ofertados pelo CH; e mostra das pesquisas que est\u00e3o sendo desenvolvidas pelos estudantes do Mestrado Profissional em Letras, do Campus III.<\/p>\n<p>&nbsp;<\/p>\n<p>&nbsp;<\/p>\n<p>Simone Bezerrill\/Ascom-CH<\/p>\n","protected":false},"excerpt":{"rendered":"<p>Com a finalidade de propiciar um espa\u00e7o de di\u00e1logos sobre o processo de forma\u00e7\u00e3o docente, tiveram in\u00edcio, nessa quinta-feira (17), no Campus III da Universidade Estadual da Para\u00edba (UEPB), em Guarabira, o 1\u00ba Encontro de Forma\u00e7\u00e3o Docente do Centro de Humanidades e o 2\u00ba Semin\u00e1rio Discente do PROFLETRAS. Os eventos, que se estendem at\u00e9 hoje <a class=\"leiamais\" href=\"https:\/\/centros.uepb.edu.br\/ch\/professores-universitarios-e-docentes-da-educacao-basica-prestigiam-abertura-do-1o-encontro-de-formacao-docente-do-ch-e-do-2o-seminario-discente-do-profletras\/\">Leia Mais&#8230;<\/a><\/p>\n","protected":false},"author":13,"featured_media":0,"comment_status":"closed","ping_status":"closed","sticky":false,"template":"","format":"standard","meta":{"jetpack_post_was_ever_published":false,"_jetpack_newsletter_access":"","_jetpack_dont_email_post_to_subs":false,"_jetpack_newsletter_tier_id":0,"_jetpack_memberships_contains_paywalled_content":false,"_jetpack_memberships_contains_paid_content":false,"footnotes":""},"categories":[3,1,5],"tags":[],"class_list":["post-3501","post","type-post","status-publish","format-standard","hentry","category-noticias","category-sem-categoria","category-visiveis"],"jetpack_featured_media_url":"","jetpack_shortlink":"https:\/\/wp.me\/p4NR4N-Ut","jetpack_sharing_enabled":true,"_links":{"self":[{"href":"https:\/\/centros.uepb.edu.br\/ch\/wp-json\/wp\/v2\/posts\/3501","targetHints":{"allow":["GET"]}}],"collection":[{"href":"https:\/\/centros.uepb.edu.br\/ch\/wp-json\/wp\/v2\/posts"}],"about":[{"href":"https:\/\/centros.uepb.edu.br\/ch\/wp-json\/wp\/v2\/types\/post"}],"author":[{"embeddable":true,"href":"https:\/\/centros.uepb.edu.br\/ch\/wp-json\/wp\/v2\/users\/13"}],"replies":[{"embeddable":true,"href":"https:\/\/centros.uepb.edu.br\/ch\/wp-json\/wp\/v2\/comments?post=3501"}],"version-history":[{"count":0,"href":"https:\/\/centros.uepb.edu.br\/ch\/wp-json\/wp\/v2\/posts\/3501\/revisions"}],"wp:attachment":[{"href":"https:\/\/centros.uepb.edu.br\/ch\/wp-json\/wp\/v2\/media?parent=3501"}],"wp:term":[{"taxonomy":"category","embeddable":true,"href":"https:\/\/centros.uepb.edu.br\/ch\/wp-json\/wp\/v2\/categories?post=3501"},{"taxonomy":"post_tag","embeddable":true,"href":"https:\/\/centros.uepb.edu.br\/ch\/wp-json\/wp\/v2\/tags?post=3501"}],"curies":[{"name":"wp","href":"https:\/\/api.w.org\/{rel}","templated":true}]}}