{"id":3013,"date":"2015-03-05T16:11:31","date_gmt":"2015-03-05T16:11:31","guid":{"rendered":"https:\/\/centros.uepb.edu.br\/ch\/?p=3013"},"modified":"2015-03-05T16:12:05","modified_gmt":"2015-03-05T16:12:05","slug":"campus-iii-abre-inscricao-para-curso-de-extensao-aberto-a-estudantes-e-interessados-em-analise-filmica","status":"publish","type":"post","link":"https:\/\/centros.uepb.edu.br\/ch\/campus-iii-abre-inscricao-para-curso-de-extensao-aberto-a-estudantes-e-interessados-em-analise-filmica\/","title":{"rendered":"Campus III abre inscri\u00e7\u00e3o para curso de extens\u00e3o aberto a estudantes e interessados em an\u00e1lise f\u00edlmica"},"content":{"rendered":"<p>Est\u00e3o abertas, at\u00e9 a pr\u00f3xima quarta-feira (11), as inscri\u00e7\u00f5es para os interessados em participar do curso de extens\u00e3o \u201cUma oferta irrecus\u00e1vel: O Poderoso Chef\u00e3o, 1972 \u2013 Analisando cena por cena\u201d, sob a coordena\u00e7\u00e3o do professor Carlos Adriano Ferreira de Lima, lotado no Departamento de Hist\u00f3ria do C\u00e2mpus III da Universidade Estadual da Para\u00edba (UEPB), situado em Guarabira.<\/p>\n<p>&nbsp;<\/p>\n<p>Trata-se de um curso livre que tem como objetivo o reconhecimento do audiovisual enquanto linguagem. De acordo com o professor, \u201cser\u00e1 realizada uma decupagem do referido filme a partir da apresenta\u00e7\u00e3o de conceitos b\u00e1sicos e dos principais elementos que caracterizam o universo cinematogr\u00e1fico\u201d. A iniciativa \u00e9 aberta ao p\u00fablico em geral, sendo, especialmente, voltada para os estudantes de gradua\u00e7\u00e3o do Centro de Humanidades (CH) que tenham interesse por cinema, audiovisual, narrativa visual, semi\u00f3tica, teoria do cinema e an\u00e1lise f\u00edlmica.<\/p>\n<p>&nbsp;<\/p>\n<p>O curso, que totalizar\u00e1 20 horas de dura\u00e7\u00e3o, ter\u00e1 in\u00edcio no dia 12 de mar\u00e7o, sempre \u00e0s quintas-feiras, das 16h \u00e0s 18h. As inscri\u00e7\u00f5es s\u00e3o gratuitas e devem ser efetuadas exclusivamente pela internet, atrav\u00e9s do seguinte endere\u00e7o eletr\u00f4nico <a href=\"https:\/\/docs.google.com\/forms\/d\/1QgBCDWoyupY0dYKugEvqgAmFBxus5XiScpN_hbwFgKs\/viewform\" target=\"_blank\">https:\/\/docs.google.com\/forms\/d\/1QgBCDWoyupY0dYKugEvqgAmFBxus5XiScpN_hbwFgKs\/viewform<\/a>.<\/p>\n<p>&nbsp;<\/p>\n<p>&nbsp;<\/p>\n<p>Simone Bezerrill\/Ascom-CH<\/p>\n","protected":false},"excerpt":{"rendered":"<p>Est\u00e3o abertas, at\u00e9 a pr\u00f3xima quarta-feira (11), as inscri\u00e7\u00f5es para os interessados em participar do curso de extens\u00e3o \u201cUma oferta irrecus\u00e1vel: O Poderoso Chef\u00e3o, 1972 \u2013 Analisando cena por cena\u201d, sob a coordena\u00e7\u00e3o do professor Carlos Adriano Ferreira de Lima, lotado no Departamento de Hist\u00f3ria do C\u00e2mpus III da Universidade Estadual da Para\u00edba (UEPB), situado <a class=\"leiamais\" href=\"https:\/\/centros.uepb.edu.br\/ch\/campus-iii-abre-inscricao-para-curso-de-extensao-aberto-a-estudantes-e-interessados-em-analise-filmica\/\">Leia Mais&#8230;<\/a><\/p>\n","protected":false},"author":13,"featured_media":0,"comment_status":"open","ping_status":"open","sticky":false,"template":"","format":"standard","meta":{"jetpack_post_was_ever_published":false,"_jetpack_newsletter_access":"","_jetpack_dont_email_post_to_subs":false,"_jetpack_newsletter_tier_id":0,"_jetpack_memberships_contains_paywalled_content":false,"_jetpack_memberships_contains_paid_content":false,"footnotes":""},"categories":[1],"tags":[],"class_list":["post-3013","post","type-post","status-publish","format-standard","hentry","category-sem-categoria"],"jetpack_featured_media_url":"","jetpack_shortlink":"https:\/\/wp.me\/p4NR4N-MB","jetpack_sharing_enabled":true,"_links":{"self":[{"href":"https:\/\/centros.uepb.edu.br\/ch\/wp-json\/wp\/v2\/posts\/3013","targetHints":{"allow":["GET"]}}],"collection":[{"href":"https:\/\/centros.uepb.edu.br\/ch\/wp-json\/wp\/v2\/posts"}],"about":[{"href":"https:\/\/centros.uepb.edu.br\/ch\/wp-json\/wp\/v2\/types\/post"}],"author":[{"embeddable":true,"href":"https:\/\/centros.uepb.edu.br\/ch\/wp-json\/wp\/v2\/users\/13"}],"replies":[{"embeddable":true,"href":"https:\/\/centros.uepb.edu.br\/ch\/wp-json\/wp\/v2\/comments?post=3013"}],"version-history":[{"count":0,"href":"https:\/\/centros.uepb.edu.br\/ch\/wp-json\/wp\/v2\/posts\/3013\/revisions"}],"wp:attachment":[{"href":"https:\/\/centros.uepb.edu.br\/ch\/wp-json\/wp\/v2\/media?parent=3013"}],"wp:term":[{"taxonomy":"category","embeddable":true,"href":"https:\/\/centros.uepb.edu.br\/ch\/wp-json\/wp\/v2\/categories?post=3013"},{"taxonomy":"post_tag","embeddable":true,"href":"https:\/\/centros.uepb.edu.br\/ch\/wp-json\/wp\/v2\/tags?post=3013"}],"curies":[{"name":"wp","href":"https:\/\/api.w.org\/{rel}","templated":true}]}}