{"id":12,"date":"2013-05-13T14:46:58","date_gmt":"2013-05-13T14:46:58","guid":{"rendered":"\/ch\/?p=12"},"modified":"2013-06-17T20:27:17","modified_gmt":"2013-06-17T20:27:17","slug":"abertas-inscricoes-para-selecao-do-mestrado-profissional-em-letras-do-campus-de-guarabira","status":"publish","type":"post","link":"https:\/\/centros.uepb.edu.br\/ch\/abertas-inscricoes-para-selecao-do-mestrado-profissional-em-letras-do-campus-de-guarabira\/","title":{"rendered":"Abertas inscri\u00e7\u00f5es para sele\u00e7\u00e3o do Mestrado Profissional em Letras do Campus de Guarabira"},"content":{"rendered":"<p>O Mestrado Profissional em Letras, ofertado pelo Campus III da Universidade Estadual da Para\u00edba (UEPB), localizado em Guarabira, em parceria com a Universidade Federal do Rio Grande do Norte (UFRN), inscreve, at\u00e9 o dia 20 de maio, os interessados em participar do processo seletivo para a forma\u00e7\u00e3o de nova turma.<\/p>\n<p>Est\u00e3o sendo oferecidas 25 vagas para o Centro de Humanidades da UEPB. \u00a0O PROFLETRAS \u00e9 um curso semipresencial, com oferta simult\u00e2nea nacional, no \u00e2mbito do Sistema da Universidade Aberta do Brasil (UAB). Podem participar da sele\u00e7\u00e3o os candidatos que sejam portadores de diploma de curso superior de Licenciatura em Letras, habilita\u00e7\u00e3o portugu\u00eas, devidamente registrado no Minist\u00e9rio da Educa\u00e7\u00e3o, e que seja professor do Ensino Fundamental (1\u00ba ao 9\u00ba ano), em Escola da Rede P\u00fablica de Ensino do Brasil, regularmente admitido e pertencente ao quadro permanente de servidores.<\/p>\n<p>Para se inscrever, o candidato deve, obrigatoriamente, entregar c\u00f3pias do CPF, RG e Formul\u00e1rio de Inscri\u00e7\u00e3o devidamente preenchido. A inscri\u00e7\u00e3o est\u00e1 sendo feita, exclusivamente, via internet, atrav\u00e9s do endere\u00e7o eletr\u00f4nico <a href=\"http:\/\/www.comperve.ufrn.br\/\">www.comperve.ufrn.br<\/a>, at\u00e9 \u00e0s 23h59 do dia 20 de maio de 2013, observando o hor\u00e1rio local de Bras\u00edlia. As provas ser\u00e3o aplicadas no dia 16 de junho de 2013, no Centro de Humanidades, em Guarabira.<\/p>\n<p>O edital completo est\u00e1 dispon\u00edvel no link: <a href=\"http:\/\/www.comperve.ufrn.br\/conteudo\/posgraduacao\/profletras\/201301\/documentos\/edital_2013011603.pdf\">www.comperve.ufrn.br\/conteudo\/posgraduacao\/profletras\/201301\/documentos\/edital_2013011603.pdf.<\/a><\/p>\n","protected":false},"excerpt":{"rendered":"<p>O Mestrado Profissional em Letras, ofertado pelo Campus III da Universidade Estadual da Para\u00edba (UEPB), localizado em Guarabira, em parceria com a Universidade Federal do Rio Grande do Norte (UFRN), inscreve, at\u00e9 o dia 20 de maio, os interessados em participar do processo seletivo para a forma\u00e7\u00e3o de nova turma. Est\u00e3o sendo oferecidas 25 vagas <a class=\"leiamais\" href=\"https:\/\/centros.uepb.edu.br\/ch\/abertas-inscricoes-para-selecao-do-mestrado-profissional-em-letras-do-campus-de-guarabira\/\">Leia Mais&#8230;<\/a><\/p>\n","protected":false},"author":1,"featured_media":0,"comment_status":"open","ping_status":"open","sticky":false,"template":"","format":"standard","meta":{"jetpack_post_was_ever_published":false,"_jetpack_newsletter_access":"","_jetpack_dont_email_post_to_subs":false,"_jetpack_newsletter_tier_id":0,"_jetpack_memberships_contains_paywalled_content":false,"_jetpack_memberships_contains_paid_content":false,"footnotes":""},"categories":[3,5],"tags":[],"class_list":["post-12","post","type-post","status-publish","format-standard","hentry","category-noticias","category-visiveis"],"jetpack_featured_media_url":"","jetpack_shortlink":"https:\/\/wp.me\/p4NR4N-c","jetpack_sharing_enabled":true,"_links":{"self":[{"href":"https:\/\/centros.uepb.edu.br\/ch\/wp-json\/wp\/v2\/posts\/12","targetHints":{"allow":["GET"]}}],"collection":[{"href":"https:\/\/centros.uepb.edu.br\/ch\/wp-json\/wp\/v2\/posts"}],"about":[{"href":"https:\/\/centros.uepb.edu.br\/ch\/wp-json\/wp\/v2\/types\/post"}],"author":[{"embeddable":true,"href":"https:\/\/centros.uepb.edu.br\/ch\/wp-json\/wp\/v2\/users\/1"}],"replies":[{"embeddable":true,"href":"https:\/\/centros.uepb.edu.br\/ch\/wp-json\/wp\/v2\/comments?post=12"}],"version-history":[{"count":0,"href":"https:\/\/centros.uepb.edu.br\/ch\/wp-json\/wp\/v2\/posts\/12\/revisions"}],"wp:attachment":[{"href":"https:\/\/centros.uepb.edu.br\/ch\/wp-json\/wp\/v2\/media?parent=12"}],"wp:term":[{"taxonomy":"category","embeddable":true,"href":"https:\/\/centros.uepb.edu.br\/ch\/wp-json\/wp\/v2\/categories?post=12"},{"taxonomy":"post_tag","embeddable":true,"href":"https:\/\/centros.uepb.edu.br\/ch\/wp-json\/wp\/v2\/tags?post=12"}],"curies":[{"name":"wp","href":"https:\/\/api.w.org\/{rel}","templated":true}]}}