{"id":970,"date":"2020-11-24T15:23:49","date_gmt":"2020-11-24T18:23:49","guid":{"rendered":"http:\/\/www.uepb.edu.br\/?p=57814"},"modified":"2020-11-24T15:23:49","modified_gmt":"2020-11-24T18:23:49","slug":"uepb-e-cejusc-promovem-webinario-justica-restaurativa-durante-15a-semana-nacional-da-conciliacao","status":"publish","type":"post","link":"https:\/\/centros.uepb.edu.br\/ccj\/uepb-e-cejusc-promovem-webinario-justica-restaurativa-durante-15a-semana-nacional-da-conciliacao\/","title":{"rendered":"UEPB e Cejusc promovem webin\u00e1rio \u201cJusti\u00e7a Restaurativa\u201d durante 15\u00aa Semana Nacional da Concilia\u00e7\u00e3o"},"content":{"rendered":"<figure class=\"wp-block-image size-large\"><img decoding=\"async\" data-attachment-id=\"57813\" data-permalink=\"http:\/\/www.uepb.edu.br\/webinar-justica-restaurativa\/\" data-orig-file=\"https:\/\/i1.wp.com\/www.uepb.edu.br\/wp-content\/uploads\/2020\/11\/Webinar-Justica-Restaurativa.jpeg?fit=1280%2C896\" data-orig-size=\"1280,896\" data-comments-opened=\"1\" data-image-meta=\"{&quot;aperture&quot;:&quot;0&quot;,&quot;credit&quot;:&quot;&quot;,&quot;camera&quot;:&quot;&quot;,&quot;caption&quot;:&quot;&quot;,&quot;created_timestamp&quot;:&quot;0&quot;,&quot;copyright&quot;:&quot;&quot;,&quot;focal_length&quot;:&quot;0&quot;,&quot;iso&quot;:&quot;0&quot;,&quot;shutter_speed&quot;:&quot;0&quot;,&quot;title&quot;:&quot;&quot;,&quot;orientation&quot;:&quot;0&quot;}\" data-image-title=\"Webinar Justi\u00e7a Restaurativa\" data-image-description=\"\" data-medium-file=\"https:\/\/i1.wp.com\/www.uepb.edu.br\/wp-content\/uploads\/2020\/11\/Webinar-Justica-Restaurativa.jpeg?fit=300%2C210\" data-large-file=\"https:\/\/i1.wp.com\/www.uepb.edu.br\/wp-content\/uploads\/2020\/11\/Webinar-Justica-Restaurativa.jpeg?fit=1024%2C717\" loading=\"lazy\" width=\"1024\" height=\"717\" src=\"https:\/\/i1.wp.com\/www.uepb.edu.br\/wp-content\/uploads\/2020\/11\/Webinar-Justica-Restaurativa.jpeg?resize=1024%2C717\" alt=\"\" class=\"wp-image-57813 img-responsive img-responsive\" srcset=\"https:\/\/i1.wp.com\/www.uepb.edu.br\/wp-content\/uploads\/2020\/11\/Webinar-Justica-Restaurativa.jpeg?resize=1024%2C717 1024w, https:\/\/i1.wp.com\/www.uepb.edu.br\/wp-content\/uploads\/2020\/11\/Webinar-Justica-Restaurativa.jpeg?resize=300%2C210 300w, https:\/\/i1.wp.com\/www.uepb.edu.br\/wp-content\/uploads\/2020\/11\/Webinar-Justica-Restaurativa.jpeg?resize=768%2C538 768w, https:\/\/i1.wp.com\/www.uepb.edu.br\/wp-content\/uploads\/2020\/11\/Webinar-Justica-Restaurativa.jpeg?resize=370%2C259 370w, https:\/\/i1.wp.com\/www.uepb.edu.br\/wp-content\/uploads\/2020\/11\/Webinar-Justica-Restaurativa.jpeg?resize=840%2C588 840w, https:\/\/i1.wp.com\/www.uepb.edu.br\/wp-content\/uploads\/2020\/11\/Webinar-Justica-Restaurativa.jpeg?w=1280 1280w\" sizes=\"auto, (max-width: 1000px) 100vw, 1000px\" data-recalc-dims=\"1\" \/><\/figure>\n<p>A Universidade Estadual da Para\u00edba (UEPB) e o N\u00facleo de Justi\u00e7a Restaurativa do Centro Judici\u00e1rio de Solu\u00e7\u00e3o de Conflitos e Cidadania (Cejusc) VII, de Campina Grande, promovem, no pr\u00f3ximo dia 1\u00ba de dezembro, \u00e0s 17h, o webin\u00e1rio \u201cJusti\u00e7a Restaurativa\u201d, durante a 15\u00aa Semana Nacional da Concilia\u00e7\u00e3o. A iniciativa faz parte da campanha realizada anualmente pelo Conselho Nacional de Justi\u00e7a (CNJ), com o prop\u00f3sito de estimular a pr\u00e1tica dos meios adequados de resolu\u00e7\u00e3o de conflitos.<\/p>\n<p>O slogan da campanha de 2020 \u00e9 \u201cO caminho mais curto para resolver problemas\u201d, e o objetivo do webin\u00e1rio \u00e9 realizar discuss\u00f5es acerca da justi\u00e7a restaurativa como meio adequado para solu\u00e7\u00f5es de conflitos e viol\u00eancia. A palestrante ser\u00e1 a professora da UEPB, Adriana Torres Alves de Jesus.<\/p>\n<p>As inscri\u00e7\u00f5es pode der feitas neste <strong><a href=\"https:\/\/docs.google.com\/forms\/d\/e\/1FAIpQLScdazLJY2zAq5xFup9dQdnFS1chZUatSUX4HJplrLZXHXmH0g\/viewform?gxids=7757\"  rel=\"noreferrer noopener\">LINK<\/a><\/strong>. Os inscritos receber\u00e3o o endere\u00e7o da plataforma Google Meet, onde se realizar\u00e1 o evento.<\/p>\n<p><em><strong>Texto:<\/strong> Juliana Rosas<\/em><\/p>\n<p>O post <a rel=\"nofollow\" href=\"http:\/\/www.uepb.edu.br\/uepb-e-cejusc-promovem-webinario-justica-restaurativa-durante-15a-semana-nacional-da-conciliacao\/\">UEPB e Cejusc promovem webin\u00e1rio \u201cJusti\u00e7a Restaurativa\u201d durante 15\u00aa Semana Nacional da Concilia\u00e7\u00e3o<\/a> apareceu primeiro em <a rel=\"nofollow\" href=\"http:\/\/www.uepb.edu.br\/\">UEPB<\/a>.<\/p>\n","protected":false},"excerpt":{"rendered":"<p>A Universidade Estadual da Para\u00edba (UEPB) e o N\u00facleo de Justi\u00e7a Restaurativa do Centro Judici\u00e1rio de Solu\u00e7\u00e3o de Conflitos e Cidadania (Cejusc) VII, de Campina Grande, promovem, no pr\u00f3ximo dia 1\u00ba de dezembro, \u00e0s 17h, o webin\u00e1rio \u201cJusti\u00e7a Restaurativa\u201d, durante a 15\u00aa Semana Nacional da Concilia\u00e7\u00e3o. A iniciativa faz parte da campanha realizada anualmente pelo <a class=\"leiamais\" href=\"http:\/\/www.uepb.edu.br\/uepb-e-cejusc-promovem-webinario-justica-restaurativa-durante-15a-semana-nacional-da-conciliacao\/\">Leia Mais&#8230;<\/a><\/p>\n<p>O post <a rel=\"nofollow\" href=\"http:\/\/www.uepb.edu.br\/uepb-e-cejusc-promovem-webinario-justica-restaurativa-durante-15a-semana-nacional-da-conciliacao\/\">UEPB e Cejusc promovem webin\u00e1rio \u201cJusti\u00e7a Restaurativa\u201d durante 15\u00aa Semana Nacional da Concilia\u00e7\u00e3o<\/a> apareceu primeiro em <a rel=\"nofollow\" href=\"http:\/\/www.uepb.edu.br\/\">UEPB<\/a>.<\/p>\n","protected":false},"author":39,"featured_media":0,"comment_status":"closed","ping_status":"closed","sticky":false,"template":"","format":"standard","meta":{"jetpack_post_was_ever_published":false,"_jetpack_newsletter_access":"","_jetpack_dont_email_post_to_subs":false,"_jetpack_newsletter_tier_id":0,"_jetpack_memberships_contains_paywalled_content":false,"_jetpack_memberships_contains_paid_content":false,"footnotes":"","jetpack_publicize_message":"","jetpack_publicize_feature_enabled":true,"jetpack_social_post_already_shared":true,"jetpack_social_options":{"image_generator_settings":{"template":"highway","default_image_id":0,"font":"","enabled":false},"version":2}},"categories":[10,4,33,12],"tags":[],"class_list":["post-970","post","type-post","status-publish","format-standard","hentry","category-ccj","category-noticias","category-noticias-alunos","category-noticias-destaque"],"jetpack_publicize_connections":[],"jetpack_featured_media_url":"","jetpack_sharing_enabled":true,"jetpack_shortlink":"https:\/\/wp.me\/p7WTDo-fE","_links":{"self":[{"href":"https:\/\/centros.uepb.edu.br\/ccj\/wp-json\/wp\/v2\/posts\/970","targetHints":{"allow":["GET"]}}],"collection":[{"href":"https:\/\/centros.uepb.edu.br\/ccj\/wp-json\/wp\/v2\/posts"}],"about":[{"href":"https:\/\/centros.uepb.edu.br\/ccj\/wp-json\/wp\/v2\/types\/post"}],"author":[{"embeddable":true,"href":"https:\/\/centros.uepb.edu.br\/ccj\/wp-json\/wp\/v2\/users\/39"}],"replies":[{"embeddable":true,"href":"https:\/\/centros.uepb.edu.br\/ccj\/wp-json\/wp\/v2\/comments?post=970"}],"version-history":[{"count":0,"href":"https:\/\/centros.uepb.edu.br\/ccj\/wp-json\/wp\/v2\/posts\/970\/revisions"}],"wp:attachment":[{"href":"https:\/\/centros.uepb.edu.br\/ccj\/wp-json\/wp\/v2\/media?parent=970"}],"wp:term":[{"taxonomy":"category","embeddable":true,"href":"https:\/\/centros.uepb.edu.br\/ccj\/wp-json\/wp\/v2\/categories?post=970"},{"taxonomy":"post_tag","embeddable":true,"href":"https:\/\/centros.uepb.edu.br\/ccj\/wp-json\/wp\/v2\/tags?post=970"}],"curies":[{"name":"wp","href":"https:\/\/api.w.org\/{rel}","templated":true}]}}