{"id":959,"date":"2020-10-19T15:33:18","date_gmt":"2020-10-19T18:33:18","guid":{"rendered":"https:\/\/centros.uepb.edu.br\/ccj\/?p=959"},"modified":"2020-10-19T15:37:33","modified_gmt":"2020-10-19T18:37:33","slug":"nota-de-pesar-em-razao-do-falecimento-do-professor-luiz-gonzaga-de-melo","status":"publish","type":"post","link":"https:\/\/centros.uepb.edu.br\/ccj\/nota-de-pesar-em-razao-do-falecimento-do-professor-luiz-gonzaga-de-melo\/","title":{"rendered":"Nota de Pesar em raz\u00e3o do falecimento do Professor Luiz Gonzaga de Melo"},"content":{"rendered":"<p>O Centro de Ci\u00eancias Jur\u00eddicas manifesta o seu mais profundo pesar pelo falecimento do Professor aposentado Luiz Gonzaga de Melo. Durante sua trajet\u00f3ria dedicou grande parte de sua vida \u00e0s atividades acad\u00eamicas do curso de Direito da UEPB- Campus Campina Grande entre os per\u00edodos 1972-1984 e 1993-2005. Um not\u00e1vel especialista em Direito Internacional Privado que deixar\u00e1 um legado neste centro.<br \/>\nNesse momento, nos solidarizamos aos familiares enlutados ratificando nosso voto de pesar e agradecimento \u00e0 dedica\u00e7\u00e3o e trabalho prestado ao CCJ- UEPB.<\/p>\n","protected":false},"excerpt":{"rendered":"<p>O Centro de Ci\u00eancias Jur\u00eddicas manifesta o seu mais profundo pesar pelo falecimento do Professor aposentado Luiz Gonzaga de Melo. Durante sua trajet\u00f3ria dedicou grande parte de sua vida \u00e0s atividades acad\u00eamicas do curso de Direito da UEPB- Campus Campina Grande entre os per\u00edodos 1972-1984 e 1993-2005. Um not\u00e1vel especialista em Direito Internacional Privado que <a class=\"leiamais\" href=\"https:\/\/centros.uepb.edu.br\/ccj\/nota-de-pesar-em-razao-do-falecimento-do-professor-luiz-gonzaga-de-melo\/\">Leia Mais&#8230;<\/a><\/p>\n","protected":false},"author":43,"featured_media":0,"comment_status":"closed","ping_status":"closed","sticky":false,"template":"","format":"standard","meta":{"jetpack_post_was_ever_published":false,"_jetpack_newsletter_access":"","_jetpack_dont_email_post_to_subs":false,"_jetpack_newsletter_tier_id":0,"_jetpack_memberships_contains_paywalled_content":false,"_jetpack_memberships_contains_paid_content":false,"footnotes":"","jetpack_publicize_message":"","jetpack_publicize_feature_enabled":true,"jetpack_social_post_already_shared":true,"jetpack_social_options":{"image_generator_settings":{"template":"highway","default_image_id":0,"font":"","enabled":false},"version":2}},"categories":[10,4,12,14],"tags":[],"class_list":["post-959","post","type-post","status-publish","format-standard","hentry","category-ccj","category-noticias","category-noticias-destaque","category-noticias-professores"],"jetpack_publicize_connections":[],"jetpack_featured_media_url":"","jetpack_sharing_enabled":true,"jetpack_shortlink":"https:\/\/wp.me\/p7WTDo-ft","_links":{"self":[{"href":"https:\/\/centros.uepb.edu.br\/ccj\/wp-json\/wp\/v2\/posts\/959","targetHints":{"allow":["GET"]}}],"collection":[{"href":"https:\/\/centros.uepb.edu.br\/ccj\/wp-json\/wp\/v2\/posts"}],"about":[{"href":"https:\/\/centros.uepb.edu.br\/ccj\/wp-json\/wp\/v2\/types\/post"}],"author":[{"embeddable":true,"href":"https:\/\/centros.uepb.edu.br\/ccj\/wp-json\/wp\/v2\/users\/43"}],"replies":[{"embeddable":true,"href":"https:\/\/centros.uepb.edu.br\/ccj\/wp-json\/wp\/v2\/comments?post=959"}],"version-history":[{"count":0,"href":"https:\/\/centros.uepb.edu.br\/ccj\/wp-json\/wp\/v2\/posts\/959\/revisions"}],"wp:attachment":[{"href":"https:\/\/centros.uepb.edu.br\/ccj\/wp-json\/wp\/v2\/media?parent=959"}],"wp:term":[{"taxonomy":"category","embeddable":true,"href":"https:\/\/centros.uepb.edu.br\/ccj\/wp-json\/wp\/v2\/categories?post=959"},{"taxonomy":"post_tag","embeddable":true,"href":"https:\/\/centros.uepb.edu.br\/ccj\/wp-json\/wp\/v2\/tags?post=959"}],"curies":[{"name":"wp","href":"https:\/\/api.w.org\/{rel}","templated":true}]}}