{"id":956,"date":"2020-10-19T07:53:50","date_gmt":"2020-10-19T10:53:50","guid":{"rendered":"http:\/\/www.uepb.edu.br\/?p=57478"},"modified":"2020-10-19T07:53:50","modified_gmt":"2020-10-19T10:53:50","slug":"administracao-central-da-uepb-lamenta-falecimento-de-ex-professor-do-centro-de-ciencias-juridicas","status":"publish","type":"post","link":"https:\/\/centros.uepb.edu.br\/ccj\/administracao-central-da-uepb-lamenta-falecimento-de-ex-professor-do-centro-de-ciencias-juridicas\/","title":{"rendered":"Administra\u00e7\u00e3o Central da UEPB lamenta falecimento de ex-professor do Centro de Ci\u00eancias Jur\u00eddicas"},"content":{"rendered":"<p>A Administra\u00e7\u00e3o Central da Universidade Estadual da Para\u00edba (UEPB), junto com a Dire\u00e7\u00e3o do Centro de Ci\u00eancias Jur\u00eddicas (CCJ) e em nome de toda comunidade acad\u00eamica, lamenta com profundo pesar o falecimento do ex-professor Luiz Gonzaga de Melo, ocorrido nesta segunda-feira (19).<\/p>\n<p>Durante sua trajet\u00f3ria, professor Melo, como era conhecido, dedicou grande parte de sua vida \u00e0s atividades acad\u00eamicas do curso de Direito do C\u00e2mpus I da UEPB, entre os per\u00edodos de 1972 a 1984 e de 1993 a 2005. Not\u00e1vel especialista em Direito Internacional Privado, ele deixa um enorme legado no CCJ.<\/p>\n<p>Enlutada, a Reitoria da UEPB presta sua total solidariedade aos familiares e amigos do professor Melo por t\u00e3o dolorosa perda.<\/p>\n<p>O post <a rel=\"nofollow\" href=\"http:\/\/www.uepb.edu.br\/administracao-central-da-uepb-lamenta-falecimento-de-professor-aposentado-do-centro-de-ciencias-juridicas\/\">Administra\u00e7\u00e3o Central da UEPB lamenta falecimento de ex-professor do Centro de Ci\u00eancias Jur\u00eddicas<\/a> apareceu primeiro em <a rel=\"nofollow\" href=\"http:\/\/www.uepb.edu.br\/\">UEPB<\/a>.<\/p>\n","protected":false},"excerpt":{"rendered":"<p>A Administra&ccedil;&atilde;o Central da Universidade Estadual da Para&iacute;ba (UEPB), junto com a Dire&ccedil;&atilde;o do Centro de Ci&ecirc;ncias Jur&iacute;dicas (CCJ) e em nome de toda comunidade acad&ecirc;mica, lamenta com profundo pesar o falecimento do ex-professor Luiz Gonzaga de Melo, ocorrido nesta segunda-feira (19). Durante sua trajet&oacute;ria, professor Melo, como era conhecido, dedicou grande parte de sua <a href=\"http:\/\/www.uepb.edu.br\/administracao-central-da-uepb-lamenta-falecimento-de-professor-aposentado-do-centro-de-ciencias-juridicas\/\">Leia Mais&#8230;<\/a><\/p>\n<p>O post <a rel=\"nofollow\" href=\"http:\/\/www.uepb.edu.br\/administracao-central-da-uepb-lamenta-falecimento-de-professor-aposentado-do-centro-de-ciencias-juridicas\/\">Administra&ccedil;&atilde;o Central da UEPB lamenta falecimento de ex-professor do Centro de Ci&ecirc;ncias Jur&iacute;dicas<\/a> apareceu primeiro em <a rel=\"nofollow\" href=\"http:\/\/www.uepb.edu.br\/\">UEPB<\/a>.<\/p>\n","protected":false},"author":25,"featured_media":0,"comment_status":"closed","ping_status":"closed","sticky":false,"template":"","format":"standard","meta":{"jetpack_post_was_ever_published":false,"_jetpack_newsletter_access":"","_jetpack_dont_email_post_to_subs":false,"_jetpack_newsletter_tier_id":0,"_jetpack_memberships_contains_paywalled_content":false,"_jetpack_memberships_contains_paid_content":false,"footnotes":"","jetpack_publicize_message":"","jetpack_publicize_feature_enabled":true,"jetpack_social_post_already_shared":true,"jetpack_social_options":{"image_generator_settings":{"template":"highway","default_image_id":0,"font":"","enabled":false},"version":2}},"categories":[10,4,12],"tags":[],"class_list":["post-956","post","type-post","status-publish","format-standard","hentry","category-ccj","category-noticias","category-noticias-destaque"],"jetpack_publicize_connections":[],"jetpack_featured_media_url":"","jetpack_sharing_enabled":true,"jetpack_shortlink":"https:\/\/wp.me\/p7WTDo-fq","_links":{"self":[{"href":"https:\/\/centros.uepb.edu.br\/ccj\/wp-json\/wp\/v2\/posts\/956","targetHints":{"allow":["GET"]}}],"collection":[{"href":"https:\/\/centros.uepb.edu.br\/ccj\/wp-json\/wp\/v2\/posts"}],"about":[{"href":"https:\/\/centros.uepb.edu.br\/ccj\/wp-json\/wp\/v2\/types\/post"}],"author":[{"embeddable":true,"href":"https:\/\/centros.uepb.edu.br\/ccj\/wp-json\/wp\/v2\/users\/25"}],"replies":[{"embeddable":true,"href":"https:\/\/centros.uepb.edu.br\/ccj\/wp-json\/wp\/v2\/comments?post=956"}],"version-history":[{"count":0,"href":"https:\/\/centros.uepb.edu.br\/ccj\/wp-json\/wp\/v2\/posts\/956\/revisions"}],"wp:attachment":[{"href":"https:\/\/centros.uepb.edu.br\/ccj\/wp-json\/wp\/v2\/media?parent=956"}],"wp:term":[{"taxonomy":"category","embeddable":true,"href":"https:\/\/centros.uepb.edu.br\/ccj\/wp-json\/wp\/v2\/categories?post=956"},{"taxonomy":"post_tag","embeddable":true,"href":"https:\/\/centros.uepb.edu.br\/ccj\/wp-json\/wp\/v2\/tags?post=956"}],"curies":[{"name":"wp","href":"https:\/\/api.w.org\/{rel}","templated":true}]}}