{"id":884,"date":"2020-05-25T06:36:03","date_gmt":"2020-05-25T09:36:03","guid":{"rendered":"http:\/\/www.uepb.edu.br\/?p=55761"},"modified":"2020-05-25T06:36:03","modified_gmt":"2020-05-25T09:36:03","slug":"universidade-estadual-da-paraiba-lamenta-falecimento-de-professor-do-centro-de-ciencias-juridicas","status":"publish","type":"post","link":"https:\/\/centros.uepb.edu.br\/ccj\/universidade-estadual-da-paraiba-lamenta-falecimento-de-professor-do-centro-de-ciencias-juridicas\/","title":{"rendered":"Universidade Estadual da Para\u00edba lamenta falecimento de professor do Centro de Ci\u00eancias Jur\u00eddicas"},"content":{"rendered":"<div class=\"wp-block-image\">\n<figure class=\"alignleft size-large\"><img decoding=\"async\" data-attachment-id=\"55762\" data-permalink=\"http:\/\/www.uepb.edu.br\/universidade-estadual-da-paraiba-lamenta-falecimento-de-professor-do-centro-de-ciencias-juridicas\/whatsapp-image-2020-05-24-at-20-03-34\/\" data-orig-file=\"https:\/\/i2.wp.com\/www.uepb.edu.br\/wp-content\/uploads\/2020\/05\/WhatsApp-Image-2020-05-24-at-20.03.34.jpeg?fit=195%2C401\" data-orig-size=\"195,401\" data-comments-opened=\"1\" data-image-meta=\"{&quot;aperture&quot;:&quot;0&quot;,&quot;credit&quot;:&quot;&quot;,&quot;camera&quot;:&quot;&quot;,&quot;caption&quot;:&quot;&quot;,&quot;created_timestamp&quot;:&quot;0&quot;,&quot;copyright&quot;:&quot;&quot;,&quot;focal_length&quot;:&quot;0&quot;,&quot;iso&quot;:&quot;0&quot;,&quot;shutter_speed&quot;:&quot;0&quot;,&quot;title&quot;:&quot;&quot;,&quot;orientation&quot;:&quot;0&quot;}\" data-image-title=\"WhatsApp-Image-2020-05-24-at-20.03.34\" data-image-description=\"\" data-medium-file=\"https:\/\/i2.wp.com\/www.uepb.edu.br\/wp-content\/uploads\/2020\/05\/WhatsApp-Image-2020-05-24-at-20.03.34.jpeg?fit=146%2C300\" data-large-file=\"https:\/\/i2.wp.com\/www.uepb.edu.br\/wp-content\/uploads\/2020\/05\/WhatsApp-Image-2020-05-24-at-20.03.34.jpeg?fit=195%2C401\" src=\"https:\/\/i2.wp.com\/www.uepb.edu.br\/wp-content\/uploads\/2020\/05\/WhatsApp-Image-2020-05-24-at-20.03.34.jpeg\" alt=\"\" class=\"wp-image-55762 img-responsive img-responsive\" srcset=\"https:\/\/i2.wp.com\/www.uepb.edu.br\/wp-content\/uploads\/2020\/05\/WhatsApp-Image-2020-05-24-at-20.03.34.jpeg?w=195 195w, https:\/\/i2.wp.com\/www.uepb.edu.br\/wp-content\/uploads\/2020\/05\/WhatsApp-Image-2020-05-24-at-20.03.34.jpeg?resize=146%2C300 146w\" sizes=\"(max-width: 195px) 100vw, 195px\" data-recalc-dims=\"1\" \/><\/figure>\n<\/div>\n<p>A Administra\u00e7\u00e3o Central da Universidade Estadual da Para\u00edba (UEPB) lamenta, com profundo pesar, o falecimento do professor Ednaldo Agra, do Centro de Ci\u00eancias Jur\u00eddicas da Institui\u00e7\u00e3o, ocorrido neste domingo (24), em decorr\u00eancia de uma s\u00edndrome hepatorenal.<\/p>\n<p>Professor Ednaldo deixa uma marca de compromisso com a profiss\u00e3o e de retid\u00e3o de car\u00e1ter, que se exteriorizou pelo senso de justi\u00e7a no exerc\u00edcio dos diversos cargos que exerceu na Universidade. Ele era refer\u00eancia na \u00e1rea do Direito Tribut\u00e1rio, tendo sido autor do novo C\u00f3digo Tribut\u00e1rio de Campina Grande, que foi transformado em Lei Complementar pela C\u00e2mara Municipal, em 2016.<\/p>\n<p>Enlutada, a Universidade Estadual da Para\u00edba presta sua solidariedade aos familiares e amigos do professor Ednaldo, por sua dolorosa perda.<\/p>\n<p>O post <a rel=\"nofollow\" href=\"http:\/\/www.uepb.edu.br\/universidade-estadual-da-paraiba-lamenta-falecimento-de-professor-do-centro-de-ciencias-juridicas\/\">Universidade Estadual da Para\u00edba lamenta falecimento de professor do Centro de Ci\u00eancias Jur\u00eddicas<\/a> apareceu primeiro em <a rel=\"nofollow\" href=\"http:\/\/www.uepb.edu.br\/\">UEPB<\/a>.<\/p>\n","protected":false},"excerpt":{"rendered":"<p>A Administra&ccedil;&atilde;o Central da Universidade Estadual da Para&iacute;ba (UEPB) lamenta, com profundo pesar, o falecimento do professor Ednaldo Agra, do Centro de Ci&ecirc;ncias Jur&iacute;dicas da Institui&ccedil;&atilde;o, ocorrido neste domingo (24), em decorr&ecirc;ncia de uma s&iacute;ndrome hepatorenal. Professor Ednaldo deixa uma marca de compromisso com a profiss&atilde;o e de retid&atilde;o de car&aacute;ter, que se exteriorizou pelo <a href=\"http:\/\/www.uepb.edu.br\/universidade-estadual-da-paraiba-lamenta-falecimento-de-professor-do-centro-de-ciencias-juridicas\/\">Leia Mais&#8230;<\/a><\/p>\n<p>O post <a rel=\"nofollow\" href=\"http:\/\/www.uepb.edu.br\/universidade-estadual-da-paraiba-lamenta-falecimento-de-professor-do-centro-de-ciencias-juridicas\/\">Universidade Estadual da Para&iacute;ba lamenta falecimento de professor do Centro de Ci&ecirc;ncias Jur&iacute;dicas<\/a> apareceu primeiro em <a rel=\"nofollow\" href=\"http:\/\/www.uepb.edu.br\/\">UEPB<\/a>.<\/p>\n","protected":false},"author":25,"featured_media":0,"comment_status":"closed","ping_status":"closed","sticky":false,"template":"","format":"standard","meta":{"jetpack_post_was_ever_published":false,"_jetpack_newsletter_access":"","_jetpack_dont_email_post_to_subs":false,"_jetpack_newsletter_tier_id":0,"_jetpack_memberships_contains_paywalled_content":false,"_jetpack_memberships_contains_paid_content":false,"footnotes":"","jetpack_publicize_message":"","jetpack_publicize_feature_enabled":true,"jetpack_social_post_already_shared":true,"jetpack_social_options":{"image_generator_settings":{"template":"highway","default_image_id":0,"font":"","enabled":false},"version":2}},"categories":[10,4,12],"tags":[],"class_list":["post-884","post","type-post","status-publish","format-standard","hentry","category-ccj","category-noticias","category-noticias-destaque"],"jetpack_publicize_connections":[],"jetpack_featured_media_url":"","jetpack_sharing_enabled":true,"jetpack_shortlink":"https:\/\/wp.me\/p7WTDo-eg","_links":{"self":[{"href":"https:\/\/centros.uepb.edu.br\/ccj\/wp-json\/wp\/v2\/posts\/884","targetHints":{"allow":["GET"]}}],"collection":[{"href":"https:\/\/centros.uepb.edu.br\/ccj\/wp-json\/wp\/v2\/posts"}],"about":[{"href":"https:\/\/centros.uepb.edu.br\/ccj\/wp-json\/wp\/v2\/types\/post"}],"author":[{"embeddable":true,"href":"https:\/\/centros.uepb.edu.br\/ccj\/wp-json\/wp\/v2\/users\/25"}],"replies":[{"embeddable":true,"href":"https:\/\/centros.uepb.edu.br\/ccj\/wp-json\/wp\/v2\/comments?post=884"}],"version-history":[{"count":0,"href":"https:\/\/centros.uepb.edu.br\/ccj\/wp-json\/wp\/v2\/posts\/884\/revisions"}],"wp:attachment":[{"href":"https:\/\/centros.uepb.edu.br\/ccj\/wp-json\/wp\/v2\/media?parent=884"}],"wp:term":[{"taxonomy":"category","embeddable":true,"href":"https:\/\/centros.uepb.edu.br\/ccj\/wp-json\/wp\/v2\/categories?post=884"},{"taxonomy":"post_tag","embeddable":true,"href":"https:\/\/centros.uepb.edu.br\/ccj\/wp-json\/wp\/v2\/tags?post=884"}],"curies":[{"name":"wp","href":"https:\/\/api.w.org\/{rel}","templated":true}]}}