{"id":852,"date":"2020-02-19T06:17:52","date_gmt":"2020-02-19T09:17:52","guid":{"rendered":"http:\/\/www.uepb.edu.br\/?p=54720"},"modified":"2020-02-19T06:17:52","modified_gmt":"2020-02-19T09:17:52","slug":"ccj-lanca-edital-para-eleicao-de-nova-gestao-e-representacao-docente-no-consuni-e-consepe","status":"publish","type":"post","link":"https:\/\/centros.uepb.edu.br\/ccj\/ccj-lanca-edital-para-eleicao-de-nova-gestao-e-representacao-docente-no-consuni-e-consepe\/","title":{"rendered":"CCJ lan\u00e7a edital para elei\u00e7\u00e3o de nova gest\u00e3o e representa\u00e7\u00e3o docente no Consuni e Consepe"},"content":{"rendered":"<p>O Centro de Ci\u00eancias Jur\u00eddicas (CCJ) da Universidade Estadual da Para\u00edba (UEPB) lan\u00e7ou edital para escolha de novos gestores para Dire\u00e7\u00e3o de Centro e Coordena\u00e7\u00e3o de Curso, al\u00e9m de representantes docentes para o Conselho Universit\u00e1rio (Consuni) e para o Conselho de Ensino, Pesquisa e Extens\u00e3o (Consepe). As inscri\u00e7\u00f5es de chapas est\u00e3o sendo realizadas at\u00e9 o dia 3 de mar\u00e7o, das 8h \u00e0s 17h, na Secretaria do CCJ. <\/p>\n<p>A elei\u00e7\u00e3o ser\u00e1 realizada no dia 23 de mar\u00e7o. S\u00e3o considerados eleitores os estudantes do Bacharelado em Direito do CCJ, com base na lista de alunos regularmente matriculados no per\u00edodo letivo em que se realizar\u00e1 o processo eleitoral; os docentes integrantes da carreira do magist\u00e9rio superior lotados no CCJ; bem como os t\u00e9cnicos administrativos lotados no CCJ. <\/p>\n<p>Todos os atos referentes \u00e0 elei\u00e7\u00e3o ser\u00e3o comunicados atrav\u00e9s do endere\u00e7o <strong><a href=\"https:\/\/centros.uepb.edu.br\/ccj\/eleicoes-ccj-2020\"  rel=\"noreferrer noopener\" aria-label=\" (opens in a new tab)\">https:\/\/centros.uepb.edu.br\/ccj\/eleicoes-ccj-2020<\/a><\/strong>\/, onde est\u00e1 dispon\u00edvel o edital. Outras informa\u00e7\u00f5es podem ser obtidas pelo telefone (83) 3310-9752 \/ 9753.<\/p>\n<p><em><strong>Texto:<\/strong> Tatiana Brand\u00e3o<\/em><\/p>\n<p>O post <a rel=\"nofollow\" href=\"http:\/\/www.uepb.edu.br\/ccj-lanca-edital-para-eleicao-de-nova-gestao-e-representacao-docente-no-consuni-e-consepe\/\">CCJ lan\u00e7a edital para elei\u00e7\u00e3o de nova gest\u00e3o e representa\u00e7\u00e3o docente no Consuni e Consepe<\/a> apareceu primeiro em <a rel=\"nofollow\" href=\"http:\/\/www.uepb.edu.br\/\">UEPB<\/a>.<\/p>\n","protected":false},"excerpt":{"rendered":"<p>O Centro de Ci&ecirc;ncias Jur&iacute;dicas (CCJ) da Universidade Estadual da Para&iacute;ba (UEPB) lan&ccedil;ou edital para escolha de novos gestores para Dire&ccedil;&atilde;o de Centro e Coordena&ccedil;&atilde;o de Curso, al&eacute;m de representantes docentes para o Conselho Universit&aacute;rio (Consuni) e para o Conselho de Ensino, Pesquisa e Extens&atilde;o (Consepe). As inscri&ccedil;&otilde;es de chapas est&atilde;o sendo realizadas at&eacute; o <a href=\"http:\/\/www.uepb.edu.br\/ccj-lanca-edital-para-eleicao-de-nova-gestao-e-representacao-docente-no-consuni-e-consepe\/\">Leia Mais&#8230;<\/a><\/p>\n<p>O post <a rel=\"nofollow\" href=\"http:\/\/www.uepb.edu.br\/ccj-lanca-edital-para-eleicao-de-nova-gestao-e-representacao-docente-no-consuni-e-consepe\/\">CCJ lan&ccedil;a edital para elei&ccedil;&atilde;o de nova gest&atilde;o e representa&ccedil;&atilde;o docente no Consuni e Consepe<\/a> apareceu primeiro em <a rel=\"nofollow\" href=\"http:\/\/www.uepb.edu.br\/\">UEPB<\/a>.<\/p>\n","protected":false},"author":25,"featured_media":0,"comment_status":"closed","ping_status":"closed","sticky":false,"template":"","format":"standard","meta":{"jetpack_post_was_ever_published":false,"_jetpack_newsletter_access":"","_jetpack_dont_email_post_to_subs":false,"_jetpack_newsletter_tier_id":0,"_jetpack_memberships_contains_paywalled_content":false,"_jetpack_memberships_contains_paid_content":false,"footnotes":"","jetpack_publicize_message":"","jetpack_publicize_feature_enabled":true,"jetpack_social_post_already_shared":true,"jetpack_social_options":{"image_generator_settings":{"template":"highway","default_image_id":0,"font":"","enabled":false},"version":2}},"categories":[10,4,12],"tags":[],"class_list":["post-852","post","type-post","status-publish","format-standard","hentry","category-ccj","category-noticias","category-noticias-destaque"],"jetpack_publicize_connections":[],"jetpack_featured_media_url":"","jetpack_sharing_enabled":true,"jetpack_shortlink":"https:\/\/wp.me\/p7WTDo-dK","_links":{"self":[{"href":"https:\/\/centros.uepb.edu.br\/ccj\/wp-json\/wp\/v2\/posts\/852","targetHints":{"allow":["GET"]}}],"collection":[{"href":"https:\/\/centros.uepb.edu.br\/ccj\/wp-json\/wp\/v2\/posts"}],"about":[{"href":"https:\/\/centros.uepb.edu.br\/ccj\/wp-json\/wp\/v2\/types\/post"}],"author":[{"embeddable":true,"href":"https:\/\/centros.uepb.edu.br\/ccj\/wp-json\/wp\/v2\/users\/25"}],"replies":[{"embeddable":true,"href":"https:\/\/centros.uepb.edu.br\/ccj\/wp-json\/wp\/v2\/comments?post=852"}],"version-history":[{"count":0,"href":"https:\/\/centros.uepb.edu.br\/ccj\/wp-json\/wp\/v2\/posts\/852\/revisions"}],"wp:attachment":[{"href":"https:\/\/centros.uepb.edu.br\/ccj\/wp-json\/wp\/v2\/media?parent=852"}],"wp:term":[{"taxonomy":"category","embeddable":true,"href":"https:\/\/centros.uepb.edu.br\/ccj\/wp-json\/wp\/v2\/categories?post=852"},{"taxonomy":"post_tag","embeddable":true,"href":"https:\/\/centros.uepb.edu.br\/ccj\/wp-json\/wp\/v2\/tags?post=852"}],"curies":[{"name":"wp","href":"https:\/\/api.w.org\/{rel}","templated":true}]}}