{"id":744,"date":"2019-04-16T16:12:38","date_gmt":"2019-04-16T19:12:38","guid":{"rendered":"http:\/\/www.uepb.edu.br\/?p=47966"},"modified":"2019-04-16T16:12:38","modified_gmt":"2019-04-16T19:12:38","slug":"2o-encontro-multidisciplinar-de-direito-de-familia-debatera-perspectivas-sobre-adocao-e-inclusao-no-brasil","status":"publish","type":"post","link":"https:\/\/centros.uepb.edu.br\/ccj\/2o-encontro-multidisciplinar-de-direito-de-familia-debatera-perspectivas-sobre-adocao-e-inclusao-no-brasil\/","title":{"rendered":"2\u00ba Encontro Multidisciplinar de Direito de Fam\u00edlia debater\u00e1 perspectivas sobre ado\u00e7\u00e3o e inclus\u00e3o no Brasil"},"content":{"rendered":"<p>O Centro de Ci\u00eancias Jur\u00eddicas (CCJ) da Universidade Estadual da Para\u00edba (UEPB) realiza, nos dias 7 e 8 de maio, o 2\u00ba Encontro Multidisciplinar de Direito de Fam\u00edlia, cuja tem\u00e1tica \u201cPerspectivas sobre a ado\u00e7\u00e3o e inclus\u00e3o no Brasil\u201d busca tratar a problem\u00e1tica da ado\u00e7\u00e3o no contexto brasileiro, bem como o direito \u00e0 educa\u00e7\u00e3o inclusiva de crian\u00e7as com espectro autista. As atividades ser\u00e3o desenvolvidas no Audit\u00f3rio do CCJ.<\/p>\n<p>No dia 7, a partir das 19h, o Encontro ser\u00e1 aberto com as palestras dos professores Glauber Salom\u00e3o Leite e Renata Villarim, que tratar\u00e3o sobre a educa\u00e7\u00e3o inclusiva no Brasil. No dia 8, a partir das 8h, ocorrer\u00e3o as palestras dos ju\u00edzes Hugo Zaher e Ivna Mozart, que apontar\u00e3o as novas perspectivas da ado\u00e7\u00e3o. Haver\u00e1 ainda sorteio de livros. <\/p>\n<p>O evento \u00e9 idealizado pelos integrantes de dois projetos de extens\u00e3o do CCJ: \u201cLei Brasileira de Inclus\u00e3o da Pessoa com Defici\u00eancia: um monitoramento acerca do efetivo acesso \u00e0 educa\u00e7\u00e3o das crian\u00e7as com espectro autista no munic\u00edpio de Campina Grande\u201d, coordenado pela professora Adriana Torres Alves, e \u201cO Processo de Ado\u00e7\u00e3o no Munic\u00edpio de Campina Grande: os efeitos pr\u00e1ticos das modifica\u00e7\u00f5es introduzidas pela Lei 13.509\/17 e a multiplicidade de perfis frente \u00e0s caracter\u00edsticas buscadas pelos adotantes\u201d, sob orienta\u00e7\u00e3o da professora Milena Melo.<\/p>\n<p>Os interessados em apresentar resumos expandidos devem acessar o <strong><a rel=\"noreferrer noopener\" aria-label=\"edital  (opens in a new tab)\" href=\"https:\/\/drive.google.com\/file\/d\/1vF9giubiNU6WFfE640FaAZM4TYbKv4Sp\/view\" >edital <\/a><\/strong>e submeter seus trabalhos at\u00e9 o dia 28 de abril. As inscri\u00e7\u00f5es podem ser feitas online, clicando <strong><a rel=\"noreferrer noopener\" aria-label=\"AQUI (opens in a new tab)\" href=\"https:\/\/docs.google.com\/forms\/d\/e\/1FAIpQLSdkdHsvUWBVvv4rfyf8I9YFyqASkDGT9CTctBsiOCim7416Fg\/formResponse\" >AQUI<\/a><\/strong>. A taxa de inscri\u00e7\u00e3o \u00e9 de R$ 20 mais a doa\u00e7\u00e3o de um quilo de alimento n\u00e3o perec\u00edvel, que ser\u00e1 doado \u00e0 institui\u00e7\u00e3o Lar da Sagrada Face, em Lagoa Seca. Outras informa\u00e7\u00f5es podem ser obtidas pelo e-mail <em><strong>iiencontrodedireitodefamilia@gmail.com<\/strong><\/em>, no Instagram  <strong><a rel=\"noreferrer noopener\" aria-label=\"https:\/\/www.instagram.com\/direitodefamiliaencontro\/ (opens in a new tab)\" href=\"https:\/\/www.instagram.com\/direitodefamiliaencontro\/\" >https:\/\/www.instagram.com\/direitodefamiliaencontro\/<\/a><\/strong>   ou pelos telefones (83) 9 8664-5094 \/ 9 9804-2171.<\/p>\n<figure class=\"wp-block-image\"><img decoding=\"async\" data-attachment-id=\"47967\" data-permalink=\"http:\/\/www.uepb.edu.br\/2o-encontro-multidisciplinar-de-direito-de-familia-debatera-perspectivas-sobre-adocao-e-inclusao-no-brasil\/direito-de-familia\/\" data-orig-file=\"https:\/\/i2.wp.com\/www.uepb.edu.br\/wp-content\/uploads\/2019\/04\/Direito-de-Fam\u00edlia.jpeg?fit=794%2C1123\" data-orig-size=\"794,1123\" data-comments-opened=\"1\" data-image-meta=\"{&quot;aperture&quot;:&quot;0&quot;,&quot;credit&quot;:&quot;&quot;,&quot;camera&quot;:&quot;&quot;,&quot;caption&quot;:&quot;&quot;,&quot;created_timestamp&quot;:&quot;0&quot;,&quot;copyright&quot;:&quot;&quot;,&quot;focal_length&quot;:&quot;0&quot;,&quot;iso&quot;:&quot;0&quot;,&quot;shutter_speed&quot;:&quot;0&quot;,&quot;title&quot;:&quot;&quot;,&quot;orientation&quot;:&quot;0&quot;}\" data-image-title=\"Direito de Fam\u00edlia\" data-image-description=\"\" data-medium-file=\"https:\/\/i2.wp.com\/www.uepb.edu.br\/wp-content\/uploads\/2019\/04\/Direito-de-Fam\u00edlia.jpeg?fit=212%2C300\" data-large-file=\"https:\/\/i2.wp.com\/www.uepb.edu.br\/wp-content\/uploads\/2019\/04\/Direito-de-Fam\u00edlia.jpeg?fit=724%2C1024\" src=\"https:\/\/i2.wp.com\/www.uepb.edu.br\/wp-content\/uploads\/2019\/04\/Direito-de-Fam%C3%ADlia.jpeg?resize=724%2C1024\" alt=\"\" class=\"wp-image-47967 img-responsive img-responsive\" srcset=\"https:\/\/i2.wp.com\/www.uepb.edu.br\/wp-content\/uploads\/2019\/04\/Direito-de-Fam\u00edlia.jpeg?resize=724%2C1024 724w, https:\/\/i2.wp.com\/www.uepb.edu.br\/wp-content\/uploads\/2019\/04\/Direito-de-Fam\u00edlia.jpeg?resize=212%2C300 212w, https:\/\/i2.wp.com\/www.uepb.edu.br\/wp-content\/uploads\/2019\/04\/Direito-de-Fam\u00edlia.jpeg?resize=768%2C1086 768w, https:\/\/i2.wp.com\/www.uepb.edu.br\/wp-content\/uploads\/2019\/04\/Direito-de-Fam\u00edlia.jpeg?resize=370%2C523 370w, https:\/\/i2.wp.com\/www.uepb.edu.br\/wp-content\/uploads\/2019\/04\/Direito-de-Fam\u00edlia.jpeg?w=794 794w\" sizes=\"(max-width: 724px) 100vw, 724px\" data-recalc-dims=\"1\" \/><\/figure>\n<p><em><strong>Texto:<\/strong> Giuliana Rodrigues<\/em><\/p>\n<p>O post <a rel=\"nofollow\" href=\"http:\/\/www.uepb.edu.br\/2o-encontro-multidisciplinar-de-direito-de-familia-debatera-perspectivas-sobre-adocao-e-inclusao-no-brasil\/\">2\u00ba Encontro Multidisciplinar de Direito de Fam\u00edlia debater\u00e1 perspectivas sobre ado\u00e7\u00e3o e inclus\u00e3o no Brasil<\/a> apareceu primeiro em <a rel=\"nofollow\" href=\"http:\/\/www.uepb.edu.br\/\">UEPB<\/a>.<\/p>\n","protected":false},"excerpt":{"rendered":"<p>O Centro de Ci&ecirc;ncias Jur&iacute;dicas (CCJ) da Universidade Estadual da Para&iacute;ba (UEPB) realiza, nos dias 7 e 8 de maio, o 2&ordm; Encontro Multidisciplinar de Direito de Fam&iacute;lia, cuja tem&aacute;tica &ldquo;Perspectivas sobre a ado&ccedil;&atilde;o e inclus&atilde;o no Brasil&rdquo; busca tratar a problem&aacute;tica da ado&ccedil;&atilde;o no contexto brasileiro, bem como o direito &agrave; educa&ccedil;&atilde;o inclusiva de <a href=\"http:\/\/www.uepb.edu.br\/2o-encontro-multidisciplinar-de-direito-de-familia-debatera-perspectivas-sobre-adocao-e-inclusao-no-brasil\/\">Leia Mais&#8230;<\/a><\/p>\n<p>O post <a rel=\"nofollow\" href=\"http:\/\/www.uepb.edu.br\/2o-encontro-multidisciplinar-de-direito-de-familia-debatera-perspectivas-sobre-adocao-e-inclusao-no-brasil\/\">2&ordm; Encontro Multidisciplinar de Direito de Fam&iacute;lia debater&aacute; perspectivas sobre ado&ccedil;&atilde;o e inclus&atilde;o no Brasil<\/a> apareceu primeiro em <a rel=\"nofollow\" href=\"http:\/\/www.uepb.edu.br\/\">UEPB<\/a>.<\/p>\n","protected":false},"author":25,"featured_media":0,"comment_status":"closed","ping_status":"closed","sticky":false,"template":"","format":"standard","meta":{"jetpack_post_was_ever_published":false,"_jetpack_newsletter_access":"","_jetpack_dont_email_post_to_subs":false,"_jetpack_newsletter_tier_id":0,"_jetpack_memberships_contains_paywalled_content":false,"_jetpack_memberships_contains_paid_content":false,"footnotes":"","jetpack_publicize_message":"","jetpack_publicize_feature_enabled":true,"jetpack_social_post_already_shared":true,"jetpack_social_options":{"image_generator_settings":{"template":"highway","default_image_id":0,"font":"","enabled":false},"version":2}},"categories":[10,4,38],"tags":[],"class_list":["post-744","post","type-post","status-publish","format-standard","hentry","category-ccj","category-noticias","category-proex"],"jetpack_publicize_connections":[],"jetpack_featured_media_url":"","jetpack_sharing_enabled":true,"jetpack_shortlink":"https:\/\/wp.me\/p7WTDo-c0","_links":{"self":[{"href":"https:\/\/centros.uepb.edu.br\/ccj\/wp-json\/wp\/v2\/posts\/744","targetHints":{"allow":["GET"]}}],"collection":[{"href":"https:\/\/centros.uepb.edu.br\/ccj\/wp-json\/wp\/v2\/posts"}],"about":[{"href":"https:\/\/centros.uepb.edu.br\/ccj\/wp-json\/wp\/v2\/types\/post"}],"author":[{"embeddable":true,"href":"https:\/\/centros.uepb.edu.br\/ccj\/wp-json\/wp\/v2\/users\/25"}],"replies":[{"embeddable":true,"href":"https:\/\/centros.uepb.edu.br\/ccj\/wp-json\/wp\/v2\/comments?post=744"}],"version-history":[{"count":0,"href":"https:\/\/centros.uepb.edu.br\/ccj\/wp-json\/wp\/v2\/posts\/744\/revisions"}],"wp:attachment":[{"href":"https:\/\/centros.uepb.edu.br\/ccj\/wp-json\/wp\/v2\/media?parent=744"}],"wp:term":[{"taxonomy":"category","embeddable":true,"href":"https:\/\/centros.uepb.edu.br\/ccj\/wp-json\/wp\/v2\/categories?post=744"},{"taxonomy":"post_tag","embeddable":true,"href":"https:\/\/centros.uepb.edu.br\/ccj\/wp-json\/wp\/v2\/tags?post=744"}],"curies":[{"name":"wp","href":"https:\/\/api.w.org\/{rel}","templated":true}]}}