{"id":740,"date":"2019-05-24T15:05:27","date_gmt":"2019-05-24T18:05:27","guid":{"rendered":"http:\/\/www.uepb.edu.br\/?p=48711"},"modified":"2019-05-24T15:05:27","modified_gmt":"2019-05-24T18:05:27","slug":"uepb-e-ministerio-publico-discutem-parceria-para-implementacao-do-nucleo-de-autocomposicao-de-conflitos","status":"publish","type":"post","link":"https:\/\/centros.uepb.edu.br\/ccj\/uepb-e-ministerio-publico-discutem-parceria-para-implementacao-do-nucleo-de-autocomposicao-de-conflitos\/","title":{"rendered":"UEPB e Minist\u00e9rio P\u00fablico discutem parceria para implementa\u00e7\u00e3o do N\u00facleo de Autocomposi\u00e7\u00e3o de Conflitos"},"content":{"rendered":"<p>Representantes do Minist\u00e9rio P\u00fablico da Para\u00edba (MPPB) e da Universidade Estadual da Para\u00edba (UEPB) se reuniram, nesta quinta-feira (23), para discutir sobre parceria para implanta\u00e7\u00e3o do N\u00facleo de Autocomposi\u00e7\u00e3o de Conflitos em Campina Grande, com o objetivo inicial de ampliar o conjunto de atividades desenvolvidas pelo \u201cProjeto Presente\u201d, destinado \u00e0 prote\u00e7\u00e3o de crian\u00e7as e adolescentes v\u00edtimas de aliena\u00e7\u00e3o parental e\/ou abandono afetivo, por meio da resolu\u00e7\u00e3o de conflitos familiares.<\/p>\n<p>A reuni\u00e3o aconteceu na sede do MPPB, em Campina Grande, e foi presidido pela coordenadora das Promotorias de Justi\u00e7a C\u00edveis e Fam\u00edlia e idealizadora do \u201cProjeto Presente\u201d, promotora Liana Esp\u00ednola Pereira de Carvalho. Estiveram presentes no encontro a promotora coordenadora do N\u00facleo Permanente de Incentivo \u00e0 Autocomposi\u00e7\u00e3o do MPPB (NUPIA), Renata Carvalho da Luz; o diretor do Centro de Ci\u00eancias Jur\u00eddicas (CCJ) da UEPB, professor Laplace Guedes; o assessor jur\u00eddico da UEPB, Heriberto Melo de Lima, e a servidora do MPPB, Silmary Soares Vilanova Cavalcante.<\/p>\n<p>Na oportunidade, foram apresentadas as principais atividades do \u201cProjeto Presente\u201d e do N\u00facleo de Promo\u00e7\u00e3o de Paternidade (NUPAR), por onde come\u00e7ar\u00e3o os encaminhamentos para as sess\u00f5es de concilia\u00e7\u00e3o e media\u00e7\u00e3o. Ainda foi discutida a necessidade de fomento \u00e0 capacita\u00e7\u00e3o e provimento de mediadores, tendo em vista que o Minist\u00e9rio P\u00fablico ainda n\u00e3o disp\u00f5e de pessoal capacitado para a realiza\u00e7\u00e3o de tais atividades.<\/p>\n<p>Nesse sentido, o diretor do CCJ, Laplace Guedes, mostrou-se favor\u00e1vel \u00e0 proposta apresentada, ressaltando a import\u00e2ncia da iniciativa do Minist\u00e9rio P\u00fablico em buscar parcerias junto \u00e0s institui\u00e7\u00f5es p\u00fablicas de ensino, com objetivo de viabilizar e fortalecer suas a\u00e7\u00f5es em benef\u00edcio da sociedade. O encontro resultou na elabora\u00e7\u00e3o do esbo\u00e7o do termo de coopera\u00e7\u00e3o para a implementa\u00e7\u00e3o e funcionamento do N\u00facleo de Autocomposi\u00e7\u00e3o de Conflitos na Comarca de Campina Grande, com a coopera\u00e7\u00e3o do N\u00facleo de Pr\u00e1tica Jur\u00eddica da UEPB, atrav\u00e9s do projeto de extens\u00e3o \u201cMedia\u00e7\u00e3o e Concilia\u00e7\u00e3o: Instrumento de Paz e Cidadania\u201d, na \u00e1rea de Direitos Humanos.<\/p>\n<p><em><strong>Colabora\u00e7\u00e3o:<\/strong> Assessoria MPPB<\/em><\/p>\n<p>O post <a rel=\"nofollow\" href=\"http:\/\/www.uepb.edu.br\/uepb-e-ministerio-publico-discutem-parceria-para-implementacao-do-nucleo-de-autocomposicao-de-conflitos\/\">UEPB e Minist\u00e9rio P\u00fablico discutem parceria para implementa\u00e7\u00e3o do N\u00facleo de Autocomposi\u00e7\u00e3o de Conflitos<\/a> apareceu primeiro em <a rel=\"nofollow\" href=\"http:\/\/www.uepb.edu.br\/\">UEPB<\/a>.<\/p>\n","protected":false},"excerpt":{"rendered":"<p>Representantes do Minist&eacute;rio P&uacute;blico da Para&iacute;ba (MPPB) e da Universidade Estadual da Para&iacute;ba (UEPB) se reuniram, nesta quinta-feira (23), para discutir sobre parceria para implanta&ccedil;&atilde;o do N&uacute;cleo de Autocomposi&ccedil;&atilde;o de Conflitos em Campina Grande, com o objetivo inicial de ampliar o conjunto de atividades desenvolvidas pelo &ldquo;Projeto Presente&rdquo;, destinado &agrave; prote&ccedil;&atilde;o de crian&ccedil;as e adolescentes <a href=\"http:\/\/www.uepb.edu.br\/uepb-e-ministerio-publico-discutem-parceria-para-implementacao-do-nucleo-de-autocomposicao-de-conflitos\/\">Leia Mais&#8230;<\/a><\/p>\n<p>O post <a rel=\"nofollow\" href=\"http:\/\/www.uepb.edu.br\/uepb-e-ministerio-publico-discutem-parceria-para-implementacao-do-nucleo-de-autocomposicao-de-conflitos\/\">UEPB e Minist&eacute;rio P&uacute;blico discutem parceria para implementa&ccedil;&atilde;o do N&uacute;cleo de Autocomposi&ccedil;&atilde;o de Conflitos<\/a> apareceu primeiro em <a rel=\"nofollow\" href=\"http:\/\/www.uepb.edu.br\/\">UEPB<\/a>.<\/p>\n","protected":false},"author":25,"featured_media":0,"comment_status":"closed","ping_status":"closed","sticky":false,"template":"","format":"standard","meta":{"jetpack_post_was_ever_published":false,"_jetpack_newsletter_access":"","_jetpack_dont_email_post_to_subs":false,"_jetpack_newsletter_tier_id":0,"_jetpack_memberships_contains_paywalled_content":false,"_jetpack_memberships_contains_paid_content":false,"footnotes":"","jetpack_publicize_message":"","jetpack_publicize_feature_enabled":true,"jetpack_social_post_already_shared":true,"jetpack_social_options":{"image_generator_settings":{"template":"highway","default_image_id":0,"font":"","enabled":false},"version":2}},"categories":[10,4,12],"tags":[],"class_list":["post-740","post","type-post","status-publish","format-standard","hentry","category-ccj","category-noticias","category-noticias-destaque"],"jetpack_publicize_connections":[],"jetpack_featured_media_url":"","jetpack_sharing_enabled":true,"jetpack_shortlink":"https:\/\/wp.me\/p7WTDo-bW","_links":{"self":[{"href":"https:\/\/centros.uepb.edu.br\/ccj\/wp-json\/wp\/v2\/posts\/740","targetHints":{"allow":["GET"]}}],"collection":[{"href":"https:\/\/centros.uepb.edu.br\/ccj\/wp-json\/wp\/v2\/posts"}],"about":[{"href":"https:\/\/centros.uepb.edu.br\/ccj\/wp-json\/wp\/v2\/types\/post"}],"author":[{"embeddable":true,"href":"https:\/\/centros.uepb.edu.br\/ccj\/wp-json\/wp\/v2\/users\/25"}],"replies":[{"embeddable":true,"href":"https:\/\/centros.uepb.edu.br\/ccj\/wp-json\/wp\/v2\/comments?post=740"}],"version-history":[{"count":0,"href":"https:\/\/centros.uepb.edu.br\/ccj\/wp-json\/wp\/v2\/posts\/740\/revisions"}],"wp:attachment":[{"href":"https:\/\/centros.uepb.edu.br\/ccj\/wp-json\/wp\/v2\/media?parent=740"}],"wp:term":[{"taxonomy":"category","embeddable":true,"href":"https:\/\/centros.uepb.edu.br\/ccj\/wp-json\/wp\/v2\/categories?post=740"},{"taxonomy":"post_tag","embeddable":true,"href":"https:\/\/centros.uepb.edu.br\/ccj\/wp-json\/wp\/v2\/tags?post=740"}],"curies":[{"name":"wp","href":"https:\/\/api.w.org\/{rel}","templated":true}]}}