{"id":706,"date":"2019-04-16T15:17:34","date_gmt":"2019-04-16T18:17:34","guid":{"rendered":"http:\/\/www.uepb.edu.br\/?p=47955"},"modified":"2019-04-16T15:17:34","modified_gmt":"2019-04-16T18:17:34","slug":"programa-de-extensao-da-uepb-auxilia-a-populacao-no-preenchimento-da-declaracao-do-imposto-de-renda-2019","status":"publish","type":"post","link":"https:\/\/centros.uepb.edu.br\/ccj\/programa-de-extensao-da-uepb-auxilia-a-populacao-no-preenchimento-da-declaracao-do-imposto-de-renda-2019\/","title":{"rendered":"Programa de extens\u00e3o da UEPB auxilia a popula\u00e7\u00e3o no preenchimento da Declara\u00e7\u00e3o do Imposto de Renda 2019"},"content":{"rendered":"<ul data-carousel-extra='{\"blog_id\":1,\"permalink\":\"http:\\\/\\\/www.uepb.edu.br\\\/programa-de-extensao-da-uepb-auxilia-a-populacao-no-preenchimento-da-declaracao-do-imposto-de-renda-2019\\\/\"}' class=\"wp-block-gallery columns-3 is-cropped\">\n<li class=\"blocks-gallery-item\">\n<figure><img decoding=\"async\" data-attachment-id=\"47959\" data-permalink=\"http:\/\/www.uepb.edu.br\/programa-de-extensao-da-uepb-auxilia-a-populacao-no-preenchimento-da-declaracao-do-imposto-de-renda-2019\/ir-2019-4\/\" data-orig-file=\"https:\/\/i1.wp.com\/www.uepb.edu.br\/wp-content\/uploads\/2019\/04\/IR-2019-4.jpg?fit=840%2C454\" data-orig-size=\"840,454\" data-comments-opened=\"1\" data-image-meta=\"{&quot;aperture&quot;:&quot;5.6&quot;,&quot;credit&quot;:&quot;&quot;,&quot;camera&quot;:&quot;NIKON D90&quot;,&quot;caption&quot;:&quot;&quot;,&quot;created_timestamp&quot;:&quot;1555318985&quot;,&quot;copyright&quot;:&quot;&quot;,&quot;focal_length&quot;:&quot;28&quot;,&quot;iso&quot;:&quot;400&quot;,&quot;shutter_speed&quot;:&quot;0.0333333333333&quot;,&quot;title&quot;:&quot;&quot;,&quot;orientation&quot;:&quot;1&quot;}\" data-image-title=\"IR 2019 (4)\" data-image-description=\"\" data-medium-file=\"https:\/\/i1.wp.com\/www.uepb.edu.br\/wp-content\/uploads\/2019\/04\/IR-2019-4.jpg?fit=300%2C162\" data-large-file=\"https:\/\/i1.wp.com\/www.uepb.edu.br\/wp-content\/uploads\/2019\/04\/IR-2019-4.jpg?fit=840%2C454\" src=\"https:\/\/i1.wp.com\/www.uepb.edu.br\/wp-content\/uploads\/2019\/04\/IR-2019-4.jpg\" alt=\"\" data-id=\"47959\" data-link=\"http:\/\/www.uepb.edu.br\/?attachment_id=47959\" class=\"wp-image-47959 img-responsive img-responsive\" srcset=\"https:\/\/i1.wp.com\/www.uepb.edu.br\/wp-content\/uploads\/2019\/04\/IR-2019-4.jpg?w=840 840w, https:\/\/i1.wp.com\/www.uepb.edu.br\/wp-content\/uploads\/2019\/04\/IR-2019-4.jpg?resize=300%2C162 300w, https:\/\/i1.wp.com\/www.uepb.edu.br\/wp-content\/uploads\/2019\/04\/IR-2019-4.jpg?resize=768%2C415 768w, https:\/\/i1.wp.com\/www.uepb.edu.br\/wp-content\/uploads\/2019\/04\/IR-2019-4.jpg?resize=370%2C200 370w\" sizes=\"(max-width: 840px) 100vw, 840px\" data-recalc-dims=\"1\" \/><\/figure>\n<\/li>\n<li class=\"blocks-gallery-item\">\n<figure><img decoding=\"async\" data-attachment-id=\"47958\" data-permalink=\"http:\/\/www.uepb.edu.br\/programa-de-extensao-da-uepb-auxilia-a-populacao-no-preenchimento-da-declaracao-do-imposto-de-renda-2019\/ir-2019-3\/\" data-orig-file=\"https:\/\/i2.wp.com\/www.uepb.edu.br\/wp-content\/uploads\/2019\/04\/IR-2019-3.jpg?fit=840%2C454\" data-orig-size=\"840,454\" data-comments-opened=\"1\" data-image-meta=\"{&quot;aperture&quot;:&quot;5&quot;,&quot;credit&quot;:&quot;&quot;,&quot;camera&quot;:&quot;NIKON D90&quot;,&quot;caption&quot;:&quot;&quot;,&quot;created_timestamp&quot;:&quot;1555318143&quot;,&quot;copyright&quot;:&quot;&quot;,&quot;focal_length&quot;:&quot;45&quot;,&quot;iso&quot;:&quot;400&quot;,&quot;shutter_speed&quot;:&quot;0.04&quot;,&quot;title&quot;:&quot;&quot;,&quot;orientation&quot;:&quot;1&quot;}\" data-image-title=\"IR 2019 (3)\" data-image-description=\"\" data-medium-file=\"https:\/\/i2.wp.com\/www.uepb.edu.br\/wp-content\/uploads\/2019\/04\/IR-2019-3.jpg?fit=300%2C162\" data-large-file=\"https:\/\/i2.wp.com\/www.uepb.edu.br\/wp-content\/uploads\/2019\/04\/IR-2019-3.jpg?fit=840%2C454\" src=\"https:\/\/i2.wp.com\/www.uepb.edu.br\/wp-content\/uploads\/2019\/04\/IR-2019-3.jpg\" alt=\"\" data-id=\"47958\" data-link=\"http:\/\/www.uepb.edu.br\/?attachment_id=47958\" class=\"wp-image-47958 img-responsive img-responsive\" srcset=\"https:\/\/i2.wp.com\/www.uepb.edu.br\/wp-content\/uploads\/2019\/04\/IR-2019-3.jpg?w=840 840w, https:\/\/i2.wp.com\/www.uepb.edu.br\/wp-content\/uploads\/2019\/04\/IR-2019-3.jpg?resize=300%2C162 300w, https:\/\/i2.wp.com\/www.uepb.edu.br\/wp-content\/uploads\/2019\/04\/IR-2019-3.jpg?resize=768%2C415 768w, https:\/\/i2.wp.com\/www.uepb.edu.br\/wp-content\/uploads\/2019\/04\/IR-2019-3.jpg?resize=370%2C200 370w\" sizes=\"(max-width: 840px) 100vw, 840px\" data-recalc-dims=\"1\" \/><\/figure>\n<\/li>\n<li class=\"blocks-gallery-item\">\n<figure><img decoding=\"async\" data-attachment-id=\"47957\" data-permalink=\"http:\/\/www.uepb.edu.br\/programa-de-extensao-da-uepb-auxilia-a-populacao-no-preenchimento-da-declaracao-do-imposto-de-renda-2019\/ir-2019-2\/\" data-orig-file=\"https:\/\/i0.wp.com\/www.uepb.edu.br\/wp-content\/uploads\/2019\/04\/IR-2019-2.jpg?fit=840%2C454\" data-orig-size=\"840,454\" data-comments-opened=\"1\" data-image-meta=\"{&quot;aperture&quot;:&quot;5&quot;,&quot;credit&quot;:&quot;&quot;,&quot;camera&quot;:&quot;NIKON D90&quot;,&quot;caption&quot;:&quot;&quot;,&quot;created_timestamp&quot;:&quot;1555318110&quot;,&quot;copyright&quot;:&quot;&quot;,&quot;focal_length&quot;:&quot;26&quot;,&quot;iso&quot;:&quot;400&quot;,&quot;shutter_speed&quot;:&quot;0.04&quot;,&quot;title&quot;:&quot;&quot;,&quot;orientation&quot;:&quot;1&quot;}\" data-image-title=\"IR 2019 (2)\" data-image-description=\"\" data-medium-file=\"https:\/\/i0.wp.com\/www.uepb.edu.br\/wp-content\/uploads\/2019\/04\/IR-2019-2.jpg?fit=300%2C162\" data-large-file=\"https:\/\/i0.wp.com\/www.uepb.edu.br\/wp-content\/uploads\/2019\/04\/IR-2019-2.jpg?fit=840%2C454\" src=\"https:\/\/i0.wp.com\/www.uepb.edu.br\/wp-content\/uploads\/2019\/04\/IR-2019-2.jpg\" alt=\"\" data-id=\"47957\" data-link=\"http:\/\/www.uepb.edu.br\/?attachment_id=47957\" class=\"wp-image-47957 img-responsive img-responsive\" srcset=\"https:\/\/i0.wp.com\/www.uepb.edu.br\/wp-content\/uploads\/2019\/04\/IR-2019-2.jpg?w=840 840w, https:\/\/i0.wp.com\/www.uepb.edu.br\/wp-content\/uploads\/2019\/04\/IR-2019-2.jpg?resize=300%2C162 300w, https:\/\/i0.wp.com\/www.uepb.edu.br\/wp-content\/uploads\/2019\/04\/IR-2019-2.jpg?resize=768%2C415 768w, https:\/\/i0.wp.com\/www.uepb.edu.br\/wp-content\/uploads\/2019\/04\/IR-2019-2.jpg?resize=370%2C200 370w\" sizes=\"(max-width: 840px) 100vw, 840px\" data-recalc-dims=\"1\" \/><\/figure>\n<\/li>\n<li class=\"blocks-gallery-item\">\n<figure><img decoding=\"async\" data-attachment-id=\"47956\" data-permalink=\"http:\/\/www.uepb.edu.br\/programa-de-extensao-da-uepb-auxilia-a-populacao-no-preenchimento-da-declaracao-do-imposto-de-renda-2019\/ir-2019-1\/\" data-orig-file=\"https:\/\/i0.wp.com\/www.uepb.edu.br\/wp-content\/uploads\/2019\/04\/IR-2019-1.jpg?fit=840%2C454\" data-orig-size=\"840,454\" data-comments-opened=\"1\" data-image-meta=\"{&quot;aperture&quot;:&quot;5.6&quot;,&quot;credit&quot;:&quot;&quot;,&quot;camera&quot;:&quot;NIKON D90&quot;,&quot;caption&quot;:&quot;&quot;,&quot;created_timestamp&quot;:&quot;1555319262&quot;,&quot;copyright&quot;:&quot;&quot;,&quot;focal_length&quot;:&quot;28&quot;,&quot;iso&quot;:&quot;400&quot;,&quot;shutter_speed&quot;:&quot;0.0333333333333&quot;,&quot;title&quot;:&quot;&quot;,&quot;orientation&quot;:&quot;1&quot;}\" data-image-title=\"IR 2019 (1)\" data-image-description=\"\" data-medium-file=\"https:\/\/i0.wp.com\/www.uepb.edu.br\/wp-content\/uploads\/2019\/04\/IR-2019-1.jpg?fit=300%2C162\" data-large-file=\"https:\/\/i0.wp.com\/www.uepb.edu.br\/wp-content\/uploads\/2019\/04\/IR-2019-1.jpg?fit=840%2C454\" src=\"https:\/\/i0.wp.com\/www.uepb.edu.br\/wp-content\/uploads\/2019\/04\/IR-2019-1.jpg\" alt=\"\" data-id=\"47956\" data-link=\"http:\/\/www.uepb.edu.br\/?attachment_id=47956\" class=\"wp-image-47956 img-responsive img-responsive\" srcset=\"https:\/\/i0.wp.com\/www.uepb.edu.br\/wp-content\/uploads\/2019\/04\/IR-2019-1.jpg?w=840 840w, https:\/\/i0.wp.com\/www.uepb.edu.br\/wp-content\/uploads\/2019\/04\/IR-2019-1.jpg?resize=300%2C162 300w, https:\/\/i0.wp.com\/www.uepb.edu.br\/wp-content\/uploads\/2019\/04\/IR-2019-1.jpg?resize=768%2C415 768w, https:\/\/i0.wp.com\/www.uepb.edu.br\/wp-content\/uploads\/2019\/04\/IR-2019-1.jpg?resize=370%2C200 370w\" sizes=\"(max-width: 840px) 100vw, 840px\" data-recalc-dims=\"1\" \/><\/figure>\n<\/li>\n<li class=\"blocks-gallery-item\">\n<figure><img decoding=\"async\" data-attachment-id=\"47961\" data-permalink=\"http:\/\/www.uepb.edu.br\/programa-de-extensao-da-uepb-auxilia-a-populacao-no-preenchimento-da-declaracao-do-imposto-de-renda-2019\/ir-2019-6\/\" data-orig-file=\"https:\/\/i0.wp.com\/www.uepb.edu.br\/wp-content\/uploads\/2019\/04\/IR-2019-6.jpg?fit=840%2C454\" data-orig-size=\"840,454\" data-comments-opened=\"1\" data-image-meta=\"{&quot;aperture&quot;:&quot;4.5&quot;,&quot;credit&quot;:&quot;&quot;,&quot;camera&quot;:&quot;NIKON D90&quot;,&quot;caption&quot;:&quot;&quot;,&quot;created_timestamp&quot;:&quot;1555319049&quot;,&quot;copyright&quot;:&quot;&quot;,&quot;focal_length&quot;:&quot;35&quot;,&quot;iso&quot;:&quot;400&quot;,&quot;shutter_speed&quot;:&quot;0.005&quot;,&quot;title&quot;:&quot;&quot;,&quot;orientation&quot;:&quot;1&quot;}\" data-image-title=\"IR 2019 (6)\" data-image-description=\"\" data-medium-file=\"https:\/\/i0.wp.com\/www.uepb.edu.br\/wp-content\/uploads\/2019\/04\/IR-2019-6.jpg?fit=300%2C162\" data-large-file=\"https:\/\/i0.wp.com\/www.uepb.edu.br\/wp-content\/uploads\/2019\/04\/IR-2019-6.jpg?fit=840%2C454\" src=\"https:\/\/i0.wp.com\/www.uepb.edu.br\/wp-content\/uploads\/2019\/04\/IR-2019-6.jpg\" alt=\"\" data-id=\"47961\" data-link=\"http:\/\/www.uepb.edu.br\/?attachment_id=47961\" class=\"wp-image-47961 img-responsive img-responsive\" srcset=\"https:\/\/i0.wp.com\/www.uepb.edu.br\/wp-content\/uploads\/2019\/04\/IR-2019-6.jpg?w=840 840w, https:\/\/i0.wp.com\/www.uepb.edu.br\/wp-content\/uploads\/2019\/04\/IR-2019-6.jpg?resize=300%2C162 300w, https:\/\/i0.wp.com\/www.uepb.edu.br\/wp-content\/uploads\/2019\/04\/IR-2019-6.jpg?resize=768%2C415 768w, https:\/\/i0.wp.com\/www.uepb.edu.br\/wp-content\/uploads\/2019\/04\/IR-2019-6.jpg?resize=370%2C200 370w\" sizes=\"(max-width: 840px) 100vw, 840px\" data-recalc-dims=\"1\" \/><\/figure>\n<\/li>\n<\/ul>\n<p>Desde o dia 7 de mar\u00e7o os contribuintes de todo o pa\u00eds j\u00e1 podem entregar a declara\u00e7\u00e3o do Imposto de Renda de Pessoa F\u00edsica (IRPF) 2019. O prazo para envio dos dados \u00e0 Receita Federal vai at\u00e9 30 de abril. Muitos contribuintes ainda t\u00eam dificuldade para fazer a declara\u00e7\u00e3o e dependem de um contator. Como forma de facilitar a vida dos contribuintes, h\u00e1 cinco anos o programa de extens\u00e3o \u201cReceita para Cidadania e para o Desenvolvimento\u201d, da Universidade Estadual da Para\u00edba (UEPB), presta esse servi\u00e7o gratuito aos servidores e estudantes da Institui\u00e7\u00e3o e \u00e0 comunidade em geral. <\/p>\n<p>A a\u00e7\u00e3o, realizada por meio dos projetos \u201cN\u00facleo de Assessoramento Fiscal (NAF) de Campina Grande e de Monteiro\u201d e \u201cEscrit\u00f3rio de Pr\u00e1tica Cont\u00e1bil (EPC)\u201d, auxilia os contribuintes no preenchimento da Declara\u00e7\u00e3o do Imposto de Renda, evitando, assim, que eles caiam nas \u201cgarras do le\u00e3o\u201d. Em Campina Grande, o atendimento come\u00e7ou nesta ter\u00e7a-feira (16) e prossegue nesta quarta-feira (17), das 8h \u00e0s 11h30 e das 14h \u00e0s 17h, no Laborat\u00f3rio de Ci\u00eancias Cont\u00e1beis, localizado na Sala 144 da Central de Integra\u00e7\u00e3o Acad\u00eamica, no C\u00e2mpus de Bodocong\u00f3. Estudantes de Ci\u00eancias Cont\u00e1beis, acompanhados por professores, est\u00e3o ajudando a comunidade na elabora\u00e7\u00e3o e aux\u00edlio na Declara\u00e7\u00e3o do Imposto de Renda 2019.<\/p>\n<p>Os estudantes est\u00e3o sendo acompanhados por v\u00e1rios professores do programa, a exemplo de Francisco Leite Duarte, coordenador geral do \u201cReceita para Cidadania e para o Desenvolvimento\u201d; V\u00e2nia Nunes Teixeira, coordenadora do \u201cEscrit\u00f3rio de Pr\u00e1tica Cont\u00e1bil\u201d; e Jos\u00e9 Elenilton Cruz Menezes, coordenador do \u201cN\u00facleo de Assessoramento Fiscal\u201d. No primeiro dia de execu\u00e7\u00e3o dos servi\u00e7os, diversos servidores procuraram a equipe e fizeram a declara\u00e7\u00e3o do IR na hora, saindo com toda a documenta\u00e7\u00e3o pronta. Cerca de 20 alunos est\u00e3o envolvidos no projeto. <\/p>\n<p>O professor Jos\u00e9 Luiz de Sousa est\u00e1 atuando como colaborador do projeto e, na manh\u00e3 desta ter\u00e7a-feira, auxiliou v\u00e1rios estudantes na execu\u00e7\u00e3o dos trabalhos. Atento, ele observou a desenvoltura de estudantes bolsistas que passaram por um treinamento ministrado pela professora V\u00e2nia, que se encarregou da parte pr\u00e1tica, e pelo professor e coordenador do programa, Francisco Leite, que ficou respons\u00e1vel pela parte te\u00f3rica.<\/p>\n<p>A perspectiva \u00e9 de que mais de 80 pessoas aproveitem os servi\u00e7os e fa\u00e7am a sua declara\u00e7\u00e3o de IR nos dois dias de funcionamento do projeto. A servidora do Departamento de Filosofia, Gilmara Coutinho Pereira, n\u00e3o perdeu tempo e foi a primeira a ser atendida. Pelo segundo ano seguido ela fez a declara\u00e7\u00e3o na UEPB. \u201cEssa \u00e9 uma boa iniciativa que ajuda muito a comunidade, principalmente quem tem pouco tempo para procurar um contador\u201d, disse. A professora Marta L\u00facia de Souza Celino tamb\u00e9m aproveitou o servi\u00e7o e, pela primeira vez, fez a declara\u00e7\u00e3o no pr\u00f3prio ambiente de trabalho. \u201cMuito pr\u00e1tico. \u00c9 importante que toda a comunidade valorize esse projeto de muita relev\u00e2ncia\u201d, frisou. <\/p>\n<p>Coordenadora do Escrit\u00f3rio de Pr\u00e1tica Cont\u00e1bil, a professora V\u00e2nia Nunes ressaltou a import\u00e2ncia dos contribuintes apresentarem a c\u00f3pia da declara\u00e7\u00e3o do ano anterior, se tiver bens, al\u00e9m dos comprovantes de rendimentos e de despesas m\u00e9dicas, como plano de sa\u00fade, escola, entre outros dados, o que ajuda a agilizar os trabalhos. Al\u00e9m de fazer a declara\u00e7\u00e3o, a equipe tamb\u00e9m est\u00e1 tirando d\u00favidas dos contribuintes. Esse mesmo atendimento est\u00e1 sendo oferecido em Monteiro nesta ter\u00e7a e quarta e tamb\u00e9m acontecer\u00e1 de 23 a 25 de abril, das 14h \u00e0s 17h, na sede do Centro de Ci\u00eancias Humanas e Exatas (CCHE).<\/p>\n<p>Criado em 2014, o projeto de extens\u00e3o \u201cReceita para Cidadania e para o Desenvolvimento\u201d \u00e9 coordenado pelo professor Francisco Leite e tem como prop\u00f3sito treinar os alunos para atender a comunidade gratuitamente com o servi\u00e7o de orienta\u00e7\u00e3o de submiss\u00e3o do Imposto de Renda para Pessoa F\u00edsica. O servi\u00e7o j\u00e1 foi premiado com o segundo lugar nacional em evento promovido pela Federa\u00e7\u00e3o Brasileira de Associa\u00e7\u00e3o de Fiscais de Tributos Estaduais (Febrafite). A iniciativa tem como meta inserir anualmente os alunos na pr\u00e1tica extensionista da Institui\u00e7\u00e3o, capacitando-os na tem\u00e1tica de educa\u00e7\u00e3o fiscal e do empreendedorismo, potencializando o efeito multiplicador do alunado junto \u00e0s suas respectivas comunidades. <\/p>\n<p>O Programa \u201cReceita para a Cidadania e para o Desenvolvimento\u201d \u00e9 parceiro das Delegacias da Receita Federal do Brasil em Jo\u00e3o Pessoa e Campina Grande; do Conselho Regional de Contabilidade na Para\u00edba; da Controladoria Geral da Uni\u00e3o (CGU\/PB) e do Instituto Paraibano de Estudos Tribut\u00e1rios \u2013IPBET. Todo o trabalho de preenchimento das declara\u00e7\u00f5es do Imposto de Renda s\u00e3o feitos por alunos dos cursos de Administra\u00e7\u00e3o, Contabilidade e Direito da UEPB, sob a supervis\u00e3o de professores da Institui\u00e7\u00e3o.<\/p>\n<p><em><strong>Texto:<\/strong> Severino Lopes<br \/> <strong>Fotos:<\/strong> M\u00e1rcia Dias<\/em><\/p>\n<p>O post <a rel=\"nofollow\" href=\"http:\/\/www.uepb.edu.br\/programa-de-extensao-da-uepb-auxilia-a-populacao-no-preenchimento-da-declaracao-do-imposto-de-renda-2019\/\">Programa de extens\u00e3o da UEPB auxilia a popula\u00e7\u00e3o no preenchimento da Declara\u00e7\u00e3o do Imposto de Renda 2019<\/a> apareceu primeiro em <a rel=\"nofollow\" href=\"http:\/\/www.uepb.edu.br\/\">UEPB<\/a>.<\/p>\n","protected":false},"excerpt":{"rendered":"<p>Desde o dia 7 de mar&ccedil;o os contribuintes de todo o pa&iacute;s j&aacute; podem entregar a declara&ccedil;&atilde;o do Imposto de Renda de Pessoa F&iacute;sica (IRPF) 2019. O prazo para envio dos dados &agrave; Receita Federal vai at&eacute; 30 de abril. Muitos contribuintes ainda t&ecirc;m dificuldade para fazer a declara&ccedil;&atilde;o e dependem de um contator. Como <a href=\"http:\/\/www.uepb.edu.br\/programa-de-extensao-da-uepb-auxilia-a-populacao-no-preenchimento-da-declaracao-do-imposto-de-renda-2019\/\">Leia Mais&#8230;<\/a><\/p>\n<p>O post <a rel=\"nofollow\" href=\"http:\/\/www.uepb.edu.br\/programa-de-extensao-da-uepb-auxilia-a-populacao-no-preenchimento-da-declaracao-do-imposto-de-renda-2019\/\">Programa de extens&atilde;o da UEPB auxilia a popula&ccedil;&atilde;o no preenchimento da Declara&ccedil;&atilde;o do Imposto de Renda 2019<\/a> apareceu primeiro em <a rel=\"nofollow\" href=\"http:\/\/www.uepb.edu.br\/\">UEPB<\/a>.<\/p>\n","protected":false},"author":25,"featured_media":0,"comment_status":"closed","ping_status":"closed","sticky":false,"template":"","format":"standard","meta":{"jetpack_post_was_ever_published":false,"_jetpack_newsletter_access":"","_jetpack_dont_email_post_to_subs":false,"_jetpack_newsletter_tier_id":0,"_jetpack_memberships_contains_paywalled_content":false,"_jetpack_memberships_contains_paid_content":false,"footnotes":"","jetpack_publicize_message":"","jetpack_publicize_feature_enabled":true,"jetpack_social_post_already_shared":true,"jetpack_social_options":{"image_generator_settings":{"template":"highway","default_image_id":0,"font":"","enabled":false},"version":2}},"categories":[10,11,4,13,38],"tags":[],"class_list":["post-706","post","type-post","status-publish","format-standard","hentry","category-ccj","category-ccsa","category-noticias","category-noticias-destaque-img","category-proex"],"jetpack_publicize_connections":[],"jetpack_featured_media_url":"","jetpack_sharing_enabled":true,"jetpack_shortlink":"https:\/\/wp.me\/p7WTDo-bo","_links":{"self":[{"href":"https:\/\/centros.uepb.edu.br\/ccj\/wp-json\/wp\/v2\/posts\/706","targetHints":{"allow":["GET"]}}],"collection":[{"href":"https:\/\/centros.uepb.edu.br\/ccj\/wp-json\/wp\/v2\/posts"}],"about":[{"href":"https:\/\/centros.uepb.edu.br\/ccj\/wp-json\/wp\/v2\/types\/post"}],"author":[{"embeddable":true,"href":"https:\/\/centros.uepb.edu.br\/ccj\/wp-json\/wp\/v2\/users\/25"}],"replies":[{"embeddable":true,"href":"https:\/\/centros.uepb.edu.br\/ccj\/wp-json\/wp\/v2\/comments?post=706"}],"version-history":[{"count":0,"href":"https:\/\/centros.uepb.edu.br\/ccj\/wp-json\/wp\/v2\/posts\/706\/revisions"}],"wp:attachment":[{"href":"https:\/\/centros.uepb.edu.br\/ccj\/wp-json\/wp\/v2\/media?parent=706"}],"wp:term":[{"taxonomy":"category","embeddable":true,"href":"https:\/\/centros.uepb.edu.br\/ccj\/wp-json\/wp\/v2\/categories?post=706"},{"taxonomy":"post_tag","embeddable":true,"href":"https:\/\/centros.uepb.edu.br\/ccj\/wp-json\/wp\/v2\/tags?post=706"}],"curies":[{"name":"wp","href":"https:\/\/api.w.org\/{rel}","templated":true}]}}