{"id":691,"date":"2019-04-12T12:51:11","date_gmt":"2019-04-12T15:51:11","guid":{"rendered":"http:\/\/www.uepb.edu.br\/?p=47911"},"modified":"2019-04-12T12:51:11","modified_gmt":"2019-04-12T15:51:11","slug":"universidade-estadual-da-paraiba-inaugura-centro-judiciario-de-solucao-de-conflitos-e-cidadania","status":"publish","type":"post","link":"https:\/\/centros.uepb.edu.br\/ccj\/universidade-estadual-da-paraiba-inaugura-centro-judiciario-de-solucao-de-conflitos-e-cidadania\/","title":{"rendered":"Universidade Estadual da Para\u00edba inaugura Centro Judici\u00e1rio de Solu\u00e7\u00e3o de Conflitos e Cidadania"},"content":{"rendered":"<ul data-carousel-extra='{\"blog_id\":1,\"permalink\":\"http:\\\/\\\/www.uepb.edu.br\\\/universidade-estadual-da-paraiba-inaugura-centro-judiciario-de-solucao-de-conflitos-e-cidadania\\\/\"}' class=\"wp-block-gallery columns-3 is-cropped\">\n<li class=\"blocks-gallery-item\">\n<figure><img decoding=\"async\" data-attachment-id=\"47901\" data-permalink=\"http:\/\/www.uepb.edu.br\/inauguracao-cejusc-7-5\/\" data-orig-file=\"https:\/\/i1.wp.com\/www.uepb.edu.br\/wp-content\/uploads\/2019\/04\/Inaugura\u00e7\u00e3o-Cejusc-7-5.jpg?fit=840%2C454\" data-orig-size=\"840,454\" data-comments-opened=\"1\" data-image-meta=\"{&quot;aperture&quot;:&quot;0&quot;,&quot;credit&quot;:&quot;PAIZINHA LEMOS&quot;,&quot;camera&quot;:&quot;&quot;,&quot;caption&quot;:&quot;&quot;,&quot;created_timestamp&quot;:&quot;0&quot;,&quot;copyright&quot;:&quot;PAIZINHA LEMOS&quot;,&quot;focal_length&quot;:&quot;0&quot;,&quot;iso&quot;:&quot;0&quot;,&quot;shutter_speed&quot;:&quot;0&quot;,&quot;title&quot;:&quot;&quot;,&quot;orientation&quot;:&quot;1&quot;}\" data-image-title=\"Inaugura\u00e7\u00e3o Cejusc 7-5\" data-image-description=\"\" data-medium-file=\"https:\/\/i1.wp.com\/www.uepb.edu.br\/wp-content\/uploads\/2019\/04\/Inaugura\u00e7\u00e3o-Cejusc-7-5.jpg?fit=300%2C162\" data-large-file=\"https:\/\/i1.wp.com\/www.uepb.edu.br\/wp-content\/uploads\/2019\/04\/Inaugura\u00e7\u00e3o-Cejusc-7-5.jpg?fit=840%2C454\" src=\"https:\/\/i1.wp.com\/www.uepb.edu.br\/wp-content\/uploads\/2019\/04\/Inaugura%C3%A7%C3%A3o-Cejusc-7-5.jpg\" alt=\"\" data-id=\"47901\" data-link=\"http:\/\/www.uepb.edu.br\/inauguracao-cejusc-7-5\/\" class=\"wp-image-47901 img-responsive img-responsive\" srcset=\"https:\/\/i1.wp.com\/www.uepb.edu.br\/wp-content\/uploads\/2019\/04\/Inaugura\u00e7\u00e3o-Cejusc-7-5.jpg?w=840 840w, https:\/\/i1.wp.com\/www.uepb.edu.br\/wp-content\/uploads\/2019\/04\/Inaugura\u00e7\u00e3o-Cejusc-7-5.jpg?resize=300%2C162 300w, https:\/\/i1.wp.com\/www.uepb.edu.br\/wp-content\/uploads\/2019\/04\/Inaugura\u00e7\u00e3o-Cejusc-7-5.jpg?resize=768%2C415 768w, https:\/\/i1.wp.com\/www.uepb.edu.br\/wp-content\/uploads\/2019\/04\/Inaugura\u00e7\u00e3o-Cejusc-7-5.jpg?resize=370%2C200 370w\" sizes=\"(max-width: 840px) 100vw, 840px\" data-recalc-dims=\"1\" \/><\/figure>\n<\/li>\n<li class=\"blocks-gallery-item\">\n<figure><img decoding=\"async\" data-attachment-id=\"47895\" data-permalink=\"http:\/\/www.uepb.edu.br\/cejusc-7-12\/\" data-orig-file=\"https:\/\/i0.wp.com\/www.uepb.edu.br\/wp-content\/uploads\/2019\/04\/Cejusc-7-12.jpg?fit=840%2C454\" data-orig-size=\"840,454\" data-comments-opened=\"1\" data-image-meta=\"{&quot;aperture&quot;:&quot;0&quot;,&quot;credit&quot;:&quot;PAIZINHA LEMOS&quot;,&quot;camera&quot;:&quot;&quot;,&quot;caption&quot;:&quot;&quot;,&quot;created_timestamp&quot;:&quot;0&quot;,&quot;copyright&quot;:&quot;PAIZINHA LEMOS&quot;,&quot;focal_length&quot;:&quot;0&quot;,&quot;iso&quot;:&quot;0&quot;,&quot;shutter_speed&quot;:&quot;0&quot;,&quot;title&quot;:&quot;&quot;,&quot;orientation&quot;:&quot;1&quot;}\" data-image-title=\"Cejusc 7 (12)\" data-image-description=\"\" data-medium-file=\"https:\/\/i0.wp.com\/www.uepb.edu.br\/wp-content\/uploads\/2019\/04\/Cejusc-7-12.jpg?fit=300%2C162\" data-large-file=\"https:\/\/i0.wp.com\/www.uepb.edu.br\/wp-content\/uploads\/2019\/04\/Cejusc-7-12.jpg?fit=840%2C454\" src=\"https:\/\/i0.wp.com\/www.uepb.edu.br\/wp-content\/uploads\/2019\/04\/Cejusc-7-12.jpg\" alt=\"\" data-id=\"47895\" data-link=\"http:\/\/www.uepb.edu.br\/cejusc-7-12\/\" class=\"wp-image-47895 img-responsive img-responsive\" srcset=\"https:\/\/i0.wp.com\/www.uepb.edu.br\/wp-content\/uploads\/2019\/04\/Cejusc-7-12.jpg?w=840 840w, https:\/\/i0.wp.com\/www.uepb.edu.br\/wp-content\/uploads\/2019\/04\/Cejusc-7-12.jpg?resize=300%2C162 300w, https:\/\/i0.wp.com\/www.uepb.edu.br\/wp-content\/uploads\/2019\/04\/Cejusc-7-12.jpg?resize=768%2C415 768w, https:\/\/i0.wp.com\/www.uepb.edu.br\/wp-content\/uploads\/2019\/04\/Cejusc-7-12.jpg?resize=370%2C200 370w\" sizes=\"(max-width: 840px) 100vw, 840px\" data-recalc-dims=\"1\" \/><\/figure>\n<\/li>\n<li class=\"blocks-gallery-item\">\n<figure><img decoding=\"async\" data-attachment-id=\"47899\" data-permalink=\"http:\/\/www.uepb.edu.br\/inauguracao-cejusc-7-3\/\" data-orig-file=\"https:\/\/i1.wp.com\/www.uepb.edu.br\/wp-content\/uploads\/2019\/04\/Inaugura\u00e7\u00e3o-Cejusc-7-3.jpg?fit=840%2C454\" data-orig-size=\"840,454\" data-comments-opened=\"1\" data-image-meta=\"{&quot;aperture&quot;:&quot;0&quot;,&quot;credit&quot;:&quot;PAIZINHA LEMOS&quot;,&quot;camera&quot;:&quot;&quot;,&quot;caption&quot;:&quot;&quot;,&quot;created_timestamp&quot;:&quot;0&quot;,&quot;copyright&quot;:&quot;PAIZINHA LEMOS&quot;,&quot;focal_length&quot;:&quot;0&quot;,&quot;iso&quot;:&quot;0&quot;,&quot;shutter_speed&quot;:&quot;0&quot;,&quot;title&quot;:&quot;&quot;,&quot;orientation&quot;:&quot;1&quot;}\" data-image-title=\"Inaugura\u00e7\u00e3o Cejusc 7-3\" data-image-description=\"\" data-medium-file=\"https:\/\/i1.wp.com\/www.uepb.edu.br\/wp-content\/uploads\/2019\/04\/Inaugura\u00e7\u00e3o-Cejusc-7-3.jpg?fit=300%2C162\" data-large-file=\"https:\/\/i1.wp.com\/www.uepb.edu.br\/wp-content\/uploads\/2019\/04\/Inaugura\u00e7\u00e3o-Cejusc-7-3.jpg?fit=840%2C454\" src=\"https:\/\/i1.wp.com\/www.uepb.edu.br\/wp-content\/uploads\/2019\/04\/Inaugura%C3%A7%C3%A3o-Cejusc-7-3.jpg\" alt=\"\" data-id=\"47899\" data-link=\"http:\/\/www.uepb.edu.br\/inauguracao-cejusc-7-3\/\" class=\"wp-image-47899 img-responsive img-responsive\" srcset=\"https:\/\/i1.wp.com\/www.uepb.edu.br\/wp-content\/uploads\/2019\/04\/Inaugura\u00e7\u00e3o-Cejusc-7-3.jpg?w=840 840w, https:\/\/i1.wp.com\/www.uepb.edu.br\/wp-content\/uploads\/2019\/04\/Inaugura\u00e7\u00e3o-Cejusc-7-3.jpg?resize=300%2C162 300w, https:\/\/i1.wp.com\/www.uepb.edu.br\/wp-content\/uploads\/2019\/04\/Inaugura\u00e7\u00e3o-Cejusc-7-3.jpg?resize=768%2C415 768w, https:\/\/i1.wp.com\/www.uepb.edu.br\/wp-content\/uploads\/2019\/04\/Inaugura\u00e7\u00e3o-Cejusc-7-3.jpg?resize=370%2C200 370w\" sizes=\"(max-width: 840px) 100vw, 840px\" data-recalc-dims=\"1\" \/><\/figure>\n<\/li>\n<li class=\"blocks-gallery-item\">\n<figure><img decoding=\"async\" data-attachment-id=\"47900\" data-permalink=\"http:\/\/www.uepb.edu.br\/inauguracao-cejusc-7-4\/\" data-orig-file=\"https:\/\/i1.wp.com\/www.uepb.edu.br\/wp-content\/uploads\/2019\/04\/Inaugura\u00e7\u00e3o-Cejusc-7-4.jpg?fit=840%2C454\" data-orig-size=\"840,454\" data-comments-opened=\"1\" data-image-meta=\"{&quot;aperture&quot;:&quot;0&quot;,&quot;credit&quot;:&quot;PAIZINHA LEMOS&quot;,&quot;camera&quot;:&quot;&quot;,&quot;caption&quot;:&quot;&quot;,&quot;created_timestamp&quot;:&quot;0&quot;,&quot;copyright&quot;:&quot;PAIZINHA LEMOS&quot;,&quot;focal_length&quot;:&quot;0&quot;,&quot;iso&quot;:&quot;0&quot;,&quot;shutter_speed&quot;:&quot;0&quot;,&quot;title&quot;:&quot;&quot;,&quot;orientation&quot;:&quot;1&quot;}\" data-image-title=\"Inaugura\u00e7\u00e3o Cejusc 7-4\" data-image-description=\"\" data-medium-file=\"https:\/\/i1.wp.com\/www.uepb.edu.br\/wp-content\/uploads\/2019\/04\/Inaugura\u00e7\u00e3o-Cejusc-7-4.jpg?fit=300%2C162\" data-large-file=\"https:\/\/i1.wp.com\/www.uepb.edu.br\/wp-content\/uploads\/2019\/04\/Inaugura\u00e7\u00e3o-Cejusc-7-4.jpg?fit=840%2C454\" src=\"https:\/\/i1.wp.com\/www.uepb.edu.br\/wp-content\/uploads\/2019\/04\/Inaugura%C3%A7%C3%A3o-Cejusc-7-4.jpg\" alt=\"\" data-id=\"47900\" data-link=\"http:\/\/www.uepb.edu.br\/inauguracao-cejusc-7-4\/\" class=\"wp-image-47900 img-responsive img-responsive\" srcset=\"https:\/\/i1.wp.com\/www.uepb.edu.br\/wp-content\/uploads\/2019\/04\/Inaugura\u00e7\u00e3o-Cejusc-7-4.jpg?w=840 840w, https:\/\/i1.wp.com\/www.uepb.edu.br\/wp-content\/uploads\/2019\/04\/Inaugura\u00e7\u00e3o-Cejusc-7-4.jpg?resize=300%2C162 300w, https:\/\/i1.wp.com\/www.uepb.edu.br\/wp-content\/uploads\/2019\/04\/Inaugura\u00e7\u00e3o-Cejusc-7-4.jpg?resize=768%2C415 768w, https:\/\/i1.wp.com\/www.uepb.edu.br\/wp-content\/uploads\/2019\/04\/Inaugura\u00e7\u00e3o-Cejusc-7-4.jpg?resize=370%2C200 370w\" sizes=\"(max-width: 840px) 100vw, 840px\" data-recalc-dims=\"1\" \/><\/figure>\n<\/li>\n<li class=\"blocks-gallery-item\">\n<figure><img decoding=\"async\" data-attachment-id=\"47897\" data-permalink=\"http:\/\/www.uepb.edu.br\/inauguracao-cejusc-7-1\/\" data-orig-file=\"https:\/\/i1.wp.com\/www.uepb.edu.br\/wp-content\/uploads\/2019\/04\/Inaugura\u00e7\u00e3o-Cejusc-7-1.jpg?fit=840%2C454\" data-orig-size=\"840,454\" data-comments-opened=\"1\" data-image-meta=\"{&quot;aperture&quot;:&quot;0&quot;,&quot;credit&quot;:&quot;PAIZINHA LEMOS&quot;,&quot;camera&quot;:&quot;&quot;,&quot;caption&quot;:&quot;&quot;,&quot;created_timestamp&quot;:&quot;0&quot;,&quot;copyright&quot;:&quot;PAIZINHA LEMOS&quot;,&quot;focal_length&quot;:&quot;0&quot;,&quot;iso&quot;:&quot;0&quot;,&quot;shutter_speed&quot;:&quot;0&quot;,&quot;title&quot;:&quot;&quot;,&quot;orientation&quot;:&quot;1&quot;}\" data-image-title=\"Inaugura\u00e7\u00e3o Cejusc 7-1\" data-image-description=\"\" data-medium-file=\"https:\/\/i1.wp.com\/www.uepb.edu.br\/wp-content\/uploads\/2019\/04\/Inaugura\u00e7\u00e3o-Cejusc-7-1.jpg?fit=300%2C162\" data-large-file=\"https:\/\/i1.wp.com\/www.uepb.edu.br\/wp-content\/uploads\/2019\/04\/Inaugura\u00e7\u00e3o-Cejusc-7-1.jpg?fit=840%2C454\" src=\"https:\/\/i1.wp.com\/www.uepb.edu.br\/wp-content\/uploads\/2019\/04\/Inaugura%C3%A7%C3%A3o-Cejusc-7-1.jpg\" alt=\"\" data-id=\"47897\" data-link=\"http:\/\/www.uepb.edu.br\/inauguracao-cejusc-7-1\/\" class=\"wp-image-47897 img-responsive img-responsive\" srcset=\"https:\/\/i1.wp.com\/www.uepb.edu.br\/wp-content\/uploads\/2019\/04\/Inaugura\u00e7\u00e3o-Cejusc-7-1.jpg?w=840 840w, https:\/\/i1.wp.com\/www.uepb.edu.br\/wp-content\/uploads\/2019\/04\/Inaugura\u00e7\u00e3o-Cejusc-7-1.jpg?resize=300%2C162 300w, https:\/\/i1.wp.com\/www.uepb.edu.br\/wp-content\/uploads\/2019\/04\/Inaugura\u00e7\u00e3o-Cejusc-7-1.jpg?resize=768%2C415 768w, https:\/\/i1.wp.com\/www.uepb.edu.br\/wp-content\/uploads\/2019\/04\/Inaugura\u00e7\u00e3o-Cejusc-7-1.jpg?resize=370%2C200 370w\" sizes=\"(max-width: 840px) 100vw, 840px\" data-recalc-dims=\"1\" \/><\/figure>\n<\/li>\n<li class=\"blocks-gallery-item\">\n<figure><img decoding=\"async\" data-attachment-id=\"47898\" data-permalink=\"http:\/\/www.uepb.edu.br\/inauguracao-cejusc-7-2\/\" data-orig-file=\"https:\/\/i2.wp.com\/www.uepb.edu.br\/wp-content\/uploads\/2019\/04\/Inaugura\u00e7\u00e3o-Cejusc-7-2.jpg?fit=840%2C454\" data-orig-size=\"840,454\" data-comments-opened=\"1\" data-image-meta=\"{&quot;aperture&quot;:&quot;0&quot;,&quot;credit&quot;:&quot;PAIZINHA LEMOS&quot;,&quot;camera&quot;:&quot;&quot;,&quot;caption&quot;:&quot;&quot;,&quot;created_timestamp&quot;:&quot;0&quot;,&quot;copyright&quot;:&quot;PAIZINHA LEMOS&quot;,&quot;focal_length&quot;:&quot;0&quot;,&quot;iso&quot;:&quot;0&quot;,&quot;shutter_speed&quot;:&quot;0&quot;,&quot;title&quot;:&quot;&quot;,&quot;orientation&quot;:&quot;1&quot;}\" data-image-title=\"Inaugura\u00e7\u00e3o Cejusc 7-2\" data-image-description=\"\" data-medium-file=\"https:\/\/i2.wp.com\/www.uepb.edu.br\/wp-content\/uploads\/2019\/04\/Inaugura\u00e7\u00e3o-Cejusc-7-2.jpg?fit=300%2C162\" data-large-file=\"https:\/\/i2.wp.com\/www.uepb.edu.br\/wp-content\/uploads\/2019\/04\/Inaugura\u00e7\u00e3o-Cejusc-7-2.jpg?fit=840%2C454\" src=\"https:\/\/i2.wp.com\/www.uepb.edu.br\/wp-content\/uploads\/2019\/04\/Inaugura%C3%A7%C3%A3o-Cejusc-7-2.jpg\" alt=\"\" data-id=\"47898\" data-link=\"http:\/\/www.uepb.edu.br\/inauguracao-cejusc-7-2\/\" class=\"wp-image-47898 img-responsive img-responsive\" srcset=\"https:\/\/i2.wp.com\/www.uepb.edu.br\/wp-content\/uploads\/2019\/04\/Inaugura\u00e7\u00e3o-Cejusc-7-2.jpg?w=840 840w, https:\/\/i2.wp.com\/www.uepb.edu.br\/wp-content\/uploads\/2019\/04\/Inaugura\u00e7\u00e3o-Cejusc-7-2.jpg?resize=300%2C162 300w, https:\/\/i2.wp.com\/www.uepb.edu.br\/wp-content\/uploads\/2019\/04\/Inaugura\u00e7\u00e3o-Cejusc-7-2.jpg?resize=768%2C415 768w, https:\/\/i2.wp.com\/www.uepb.edu.br\/wp-content\/uploads\/2019\/04\/Inaugura\u00e7\u00e3o-Cejusc-7-2.jpg?resize=370%2C200 370w\" sizes=\"(max-width: 840px) 100vw, 840px\" data-recalc-dims=\"1\" \/><\/figure>\n<\/li>\n<li class=\"blocks-gallery-item\">\n<figure><img decoding=\"async\" data-attachment-id=\"47903\" data-permalink=\"http:\/\/www.uepb.edu.br\/inauguracao-cejusc-7-7\/\" data-orig-file=\"https:\/\/i2.wp.com\/www.uepb.edu.br\/wp-content\/uploads\/2019\/04\/Inaugura\u00e7\u00e3o-Cejusc-7-7.jpg?fit=840%2C454\" data-orig-size=\"840,454\" data-comments-opened=\"1\" data-image-meta=\"{&quot;aperture&quot;:&quot;0&quot;,&quot;credit&quot;:&quot;PAIZINHA LEMOS&quot;,&quot;camera&quot;:&quot;&quot;,&quot;caption&quot;:&quot;&quot;,&quot;created_timestamp&quot;:&quot;0&quot;,&quot;copyright&quot;:&quot;PAIZINHA LEMOS&quot;,&quot;focal_length&quot;:&quot;0&quot;,&quot;iso&quot;:&quot;0&quot;,&quot;shutter_speed&quot;:&quot;0&quot;,&quot;title&quot;:&quot;&quot;,&quot;orientation&quot;:&quot;1&quot;}\" data-image-title=\"Inaugura\u00e7\u00e3o Cejusc 7-7\" data-image-description=\"\" data-medium-file=\"https:\/\/i2.wp.com\/www.uepb.edu.br\/wp-content\/uploads\/2019\/04\/Inaugura\u00e7\u00e3o-Cejusc-7-7.jpg?fit=300%2C162\" data-large-file=\"https:\/\/i2.wp.com\/www.uepb.edu.br\/wp-content\/uploads\/2019\/04\/Inaugura\u00e7\u00e3o-Cejusc-7-7.jpg?fit=840%2C454\" src=\"https:\/\/i2.wp.com\/www.uepb.edu.br\/wp-content\/uploads\/2019\/04\/Inaugura%C3%A7%C3%A3o-Cejusc-7-7.jpg\" alt=\"\" data-id=\"47903\" data-link=\"http:\/\/www.uepb.edu.br\/inauguracao-cejusc-7-7\/\" class=\"wp-image-47903 img-responsive img-responsive\" srcset=\"https:\/\/i2.wp.com\/www.uepb.edu.br\/wp-content\/uploads\/2019\/04\/Inaugura\u00e7\u00e3o-Cejusc-7-7.jpg?w=840 840w, https:\/\/i2.wp.com\/www.uepb.edu.br\/wp-content\/uploads\/2019\/04\/Inaugura\u00e7\u00e3o-Cejusc-7-7.jpg?resize=300%2C162 300w, https:\/\/i2.wp.com\/www.uepb.edu.br\/wp-content\/uploads\/2019\/04\/Inaugura\u00e7\u00e3o-Cejusc-7-7.jpg?resize=768%2C415 768w, https:\/\/i2.wp.com\/www.uepb.edu.br\/wp-content\/uploads\/2019\/04\/Inaugura\u00e7\u00e3o-Cejusc-7-7.jpg?resize=370%2C200 370w\" sizes=\"(max-width: 840px) 100vw, 840px\" data-recalc-dims=\"1\" \/><\/figure>\n<\/li>\n<\/ul>\n<p>O direito de acesso \u00e0 Justi\u00e7a atrav\u00e9s de mecanismos que promovam a cidadania e estimulem a solu\u00e7\u00e3o r\u00e1pida de desentendimentos \u00e9 um dos motores para a valoriza\u00e7\u00e3o dos indiv\u00edduos e a promo\u00e7\u00e3o da cultura de paz. Embasado nesse prop\u00f3sito, a Universidade Estadual da Para\u00edba (UEPB), atrav\u00e9s do Centro de Ci\u00eancias Jur\u00eddicas (CCJ) deu mais um passo importante no que diz respeito \u00e0 concilia\u00e7\u00e3o e a solu\u00e7\u00e3o de quest\u00f5es mediadas atrav\u00e9s de processos judiciais inaugurando na noite desta quinta-feira (11) o Centro Judici\u00e1rio de Solu\u00e7\u00e3o de Conflitos e Cidadania (CEJUSC. O local funciona como unidade respons\u00e1vel pela realiza\u00e7\u00e3o de audi\u00eancias de concilia\u00e7\u00e3o atendidas pelo Judici\u00e1rio paraibano.<\/p>\n<p>Esta \u00e9 a 7\u00aa unidade do Estado que tem na concilia\u00e7\u00e3o e na media\u00e7\u00e3o sua base para constituir uma importante ferramenta destinada \u00e0 pacifica\u00e7\u00e3o social, com \u00eanfase na solu\u00e7\u00e3o ou preven\u00e7\u00e3o de conflitos. De acordo com o reitor da UEPB, professor Rangel Junior, este momento \u00e9 muito importante por, a partir de agora, a sociedade paraibana ter mais um instrumento voltado \u00e0 busca pela concilia\u00e7\u00e3o. Rangel ainda destacou a contribui\u00e7\u00e3o que a Institui\u00e7\u00e3o est\u00e1 dando para a constru\u00e7\u00e3o do processo civilizat\u00f3rio, mediando conflitos e buscando construir uma cultura de paz.<\/p>\n<p>\u201cEssa \u00e9 mais uma demonstra\u00e7\u00e3o da dimens\u00e3o t\u00e3o ampla que a Universidade tem para alcan\u00e7ar a sociedade. A inaugura\u00e7\u00e3o do CEJUSC \u00e9 mais um espa\u00e7o de cidadania que permitir\u00e1 a sociedade usufruir mais ainda da Universidade. A UEPB n\u00e3o forma apenas pessoas, a dimens\u00e3o da a\u00e7\u00e3o da Universidade vai muito al\u00e9m de entregar diplomas. Exemplo disso \u00e9 a inaugura\u00e7\u00e3o do Centro Judici\u00e1rio de Solu\u00e7\u00e3o de Conflitos e Cidadania, que demonstra o enraizamento da UEPB na vida da sociedade. Para n\u00f3s \u00e9 sempre algo importante e motivo de muita alegria poder buscar e fazer algo novo para garantir que a sociedade possa se apropriar de tudo aquilo que a Universidade tem\u201d, destacou o reitor.<\/p>\n<ul data-carousel-extra='{\"blog_id\":1,\"permalink\":\"http:\\\/\\\/www.uepb.edu.br\\\/universidade-estadual-da-paraiba-inaugura-centro-judiciario-de-solucao-de-conflitos-e-cidadania\\\/\"}' class=\"wp-block-gallery columns-3 is-cropped\">\n<li class=\"blocks-gallery-item\">\n<figure><img decoding=\"async\" data-attachment-id=\"47893\" data-permalink=\"http:\/\/www.uepb.edu.br\/cejusc-7-4\/\" data-orig-file=\"https:\/\/i1.wp.com\/www.uepb.edu.br\/wp-content\/uploads\/2019\/04\/Cejusc-7-4.jpg?fit=840%2C454\" data-orig-size=\"840,454\" data-comments-opened=\"1\" data-image-meta=\"{&quot;aperture&quot;:&quot;0&quot;,&quot;credit&quot;:&quot;PAIZINHA LEMOS&quot;,&quot;camera&quot;:&quot;&quot;,&quot;caption&quot;:&quot;&quot;,&quot;created_timestamp&quot;:&quot;0&quot;,&quot;copyright&quot;:&quot;PAIZINHA LEMOS&quot;,&quot;focal_length&quot;:&quot;0&quot;,&quot;iso&quot;:&quot;0&quot;,&quot;shutter_speed&quot;:&quot;0&quot;,&quot;title&quot;:&quot;&quot;,&quot;orientation&quot;:&quot;1&quot;}\" data-image-title=\"Cejusc 7 (4)\" data-image-description=\"\" data-medium-file=\"https:\/\/i1.wp.com\/www.uepb.edu.br\/wp-content\/uploads\/2019\/04\/Cejusc-7-4.jpg?fit=300%2C162\" data-large-file=\"https:\/\/i1.wp.com\/www.uepb.edu.br\/wp-content\/uploads\/2019\/04\/Cejusc-7-4.jpg?fit=840%2C454\" src=\"https:\/\/i1.wp.com\/www.uepb.edu.br\/wp-content\/uploads\/2019\/04\/Cejusc-7-4.jpg\" alt=\"\" data-id=\"47893\" data-link=\"http:\/\/www.uepb.edu.br\/cejusc-7-4\/\" class=\"wp-image-47893 img-responsive img-responsive\" srcset=\"https:\/\/i1.wp.com\/www.uepb.edu.br\/wp-content\/uploads\/2019\/04\/Cejusc-7-4.jpg?w=840 840w, https:\/\/i1.wp.com\/www.uepb.edu.br\/wp-content\/uploads\/2019\/04\/Cejusc-7-4.jpg?resize=300%2C162 300w, https:\/\/i1.wp.com\/www.uepb.edu.br\/wp-content\/uploads\/2019\/04\/Cejusc-7-4.jpg?resize=768%2C415 768w, https:\/\/i1.wp.com\/www.uepb.edu.br\/wp-content\/uploads\/2019\/04\/Cejusc-7-4.jpg?resize=370%2C200 370w\" sizes=\"(max-width: 840px) 100vw, 840px\" data-recalc-dims=\"1\" \/><\/figure>\n<\/li>\n<li class=\"blocks-gallery-item\">\n<figure><img decoding=\"async\" data-attachment-id=\"47896\" data-permalink=\"http:\/\/www.uepb.edu.br\/inauguracao-cejusc-7\/\" data-orig-file=\"https:\/\/i1.wp.com\/www.uepb.edu.br\/wp-content\/uploads\/2019\/04\/Inaugura\u00e7\u00e3o-Cejusc-7.jpg?fit=840%2C454\" data-orig-size=\"840,454\" data-comments-opened=\"1\" data-image-meta=\"{&quot;aperture&quot;:&quot;0&quot;,&quot;credit&quot;:&quot;PAIZINHA LEMOS&quot;,&quot;camera&quot;:&quot;&quot;,&quot;caption&quot;:&quot;&quot;,&quot;created_timestamp&quot;:&quot;0&quot;,&quot;copyright&quot;:&quot;PAIZINHA LEMOS&quot;,&quot;focal_length&quot;:&quot;0&quot;,&quot;iso&quot;:&quot;0&quot;,&quot;shutter_speed&quot;:&quot;0&quot;,&quot;title&quot;:&quot;&quot;,&quot;orientation&quot;:&quot;1&quot;}\" data-image-title=\"Inaugura\u00e7\u00e3o Cejusc 7\" data-image-description=\"\" data-medium-file=\"https:\/\/i1.wp.com\/www.uepb.edu.br\/wp-content\/uploads\/2019\/04\/Inaugura\u00e7\u00e3o-Cejusc-7.jpg?fit=300%2C162\" data-large-file=\"https:\/\/i1.wp.com\/www.uepb.edu.br\/wp-content\/uploads\/2019\/04\/Inaugura\u00e7\u00e3o-Cejusc-7.jpg?fit=840%2C454\" src=\"https:\/\/i1.wp.com\/www.uepb.edu.br\/wp-content\/uploads\/2019\/04\/Inaugura%C3%A7%C3%A3o-Cejusc-7.jpg\" alt=\"\" data-id=\"47896\" data-link=\"http:\/\/www.uepb.edu.br\/inauguracao-cejusc-7\/\" class=\"wp-image-47896 img-responsive img-responsive\" srcset=\"https:\/\/i1.wp.com\/www.uepb.edu.br\/wp-content\/uploads\/2019\/04\/Inaugura\u00e7\u00e3o-Cejusc-7.jpg?w=840 840w, https:\/\/i1.wp.com\/www.uepb.edu.br\/wp-content\/uploads\/2019\/04\/Inaugura\u00e7\u00e3o-Cejusc-7.jpg?resize=300%2C162 300w, https:\/\/i1.wp.com\/www.uepb.edu.br\/wp-content\/uploads\/2019\/04\/Inaugura\u00e7\u00e3o-Cejusc-7.jpg?resize=768%2C415 768w, https:\/\/i1.wp.com\/www.uepb.edu.br\/wp-content\/uploads\/2019\/04\/Inaugura\u00e7\u00e3o-Cejusc-7.jpg?resize=370%2C200 370w\" sizes=\"(max-width: 840px) 100vw, 840px\" data-recalc-dims=\"1\" \/><\/figure>\n<\/li>\n<li class=\"blocks-gallery-item\">\n<figure><img decoding=\"async\" data-attachment-id=\"47902\" data-permalink=\"http:\/\/www.uepb.edu.br\/inauguracao-cejusc-7-6\/\" data-orig-file=\"https:\/\/i0.wp.com\/www.uepb.edu.br\/wp-content\/uploads\/2019\/04\/Inaugura\u00e7\u00e3o-Cejusc-7-6.jpg?fit=840%2C454\" data-orig-size=\"840,454\" data-comments-opened=\"1\" data-image-meta=\"{&quot;aperture&quot;:&quot;0&quot;,&quot;credit&quot;:&quot;PAIZINHA LEMOS&quot;,&quot;camera&quot;:&quot;&quot;,&quot;caption&quot;:&quot;&quot;,&quot;created_timestamp&quot;:&quot;0&quot;,&quot;copyright&quot;:&quot;PAIZINHA LEMOS&quot;,&quot;focal_length&quot;:&quot;0&quot;,&quot;iso&quot;:&quot;0&quot;,&quot;shutter_speed&quot;:&quot;0&quot;,&quot;title&quot;:&quot;&quot;,&quot;orientation&quot;:&quot;1&quot;}\" data-image-title=\"Inaugura\u00e7\u00e3o Cejusc 7-6\" data-image-description=\"\" data-medium-file=\"https:\/\/i0.wp.com\/www.uepb.edu.br\/wp-content\/uploads\/2019\/04\/Inaugura\u00e7\u00e3o-Cejusc-7-6.jpg?fit=300%2C162\" data-large-file=\"https:\/\/i0.wp.com\/www.uepb.edu.br\/wp-content\/uploads\/2019\/04\/Inaugura\u00e7\u00e3o-Cejusc-7-6.jpg?fit=840%2C454\" src=\"https:\/\/i0.wp.com\/www.uepb.edu.br\/wp-content\/uploads\/2019\/04\/Inaugura%C3%A7%C3%A3o-Cejusc-7-6.jpg\" alt=\"\" data-id=\"47902\" data-link=\"http:\/\/www.uepb.edu.br\/inauguracao-cejusc-7-6\/\" class=\"wp-image-47902 img-responsive img-responsive\" srcset=\"https:\/\/i0.wp.com\/www.uepb.edu.br\/wp-content\/uploads\/2019\/04\/Inaugura\u00e7\u00e3o-Cejusc-7-6.jpg?w=840 840w, https:\/\/i0.wp.com\/www.uepb.edu.br\/wp-content\/uploads\/2019\/04\/Inaugura\u00e7\u00e3o-Cejusc-7-6.jpg?resize=300%2C162 300w, https:\/\/i0.wp.com\/www.uepb.edu.br\/wp-content\/uploads\/2019\/04\/Inaugura\u00e7\u00e3o-Cejusc-7-6.jpg?resize=768%2C415 768w, https:\/\/i0.wp.com\/www.uepb.edu.br\/wp-content\/uploads\/2019\/04\/Inaugura\u00e7\u00e3o-Cejusc-7-6.jpg?resize=370%2C200 370w\" sizes=\"(max-width: 840px) 100vw, 840px\" data-recalc-dims=\"1\" \/><\/figure>\n<\/li>\n<li class=\"blocks-gallery-item\">\n<figure><img decoding=\"async\" data-attachment-id=\"47894\" data-permalink=\"http:\/\/www.uepb.edu.br\/cejusc-7-7\/\" data-orig-file=\"https:\/\/i0.wp.com\/www.uepb.edu.br\/wp-content\/uploads\/2019\/04\/Cejusc-7-7.jpg?fit=840%2C454\" data-orig-size=\"840,454\" data-comments-opened=\"1\" data-image-meta=\"{&quot;aperture&quot;:&quot;0&quot;,&quot;credit&quot;:&quot;PAIZINHA LEMOS&quot;,&quot;camera&quot;:&quot;&quot;,&quot;caption&quot;:&quot;&quot;,&quot;created_timestamp&quot;:&quot;0&quot;,&quot;copyright&quot;:&quot;PAIZINHA LEMOS&quot;,&quot;focal_length&quot;:&quot;0&quot;,&quot;iso&quot;:&quot;0&quot;,&quot;shutter_speed&quot;:&quot;0&quot;,&quot;title&quot;:&quot;&quot;,&quot;orientation&quot;:&quot;1&quot;}\" data-image-title=\"Cejusc 7 (7)\" data-image-description=\"\" data-medium-file=\"https:\/\/i0.wp.com\/www.uepb.edu.br\/wp-content\/uploads\/2019\/04\/Cejusc-7-7.jpg?fit=300%2C162\" data-large-file=\"https:\/\/i0.wp.com\/www.uepb.edu.br\/wp-content\/uploads\/2019\/04\/Cejusc-7-7.jpg?fit=840%2C454\" src=\"https:\/\/i0.wp.com\/www.uepb.edu.br\/wp-content\/uploads\/2019\/04\/Cejusc-7-7.jpg\" alt=\"\" data-id=\"47894\" data-link=\"http:\/\/www.uepb.edu.br\/cejusc-7-7\/\" class=\"wp-image-47894 img-responsive img-responsive\" srcset=\"https:\/\/i0.wp.com\/www.uepb.edu.br\/wp-content\/uploads\/2019\/04\/Cejusc-7-7.jpg?w=840 840w, https:\/\/i0.wp.com\/www.uepb.edu.br\/wp-content\/uploads\/2019\/04\/Cejusc-7-7.jpg?resize=300%2C162 300w, https:\/\/i0.wp.com\/www.uepb.edu.br\/wp-content\/uploads\/2019\/04\/Cejusc-7-7.jpg?resize=768%2C415 768w, https:\/\/i0.wp.com\/www.uepb.edu.br\/wp-content\/uploads\/2019\/04\/Cejusc-7-7.jpg?resize=370%2C200 370w\" sizes=\"(max-width: 840px) 100vw, 840px\" data-recalc-dims=\"1\" \/><\/figure>\n<\/li>\n<\/ul>\n<p>O desembargador do Tribunal de Justi\u00e7a da Para\u00edba (TJPB), Ricardo Vital de Almeida, ressaltou mais esse servi\u00e7o que a UEPB, atrav\u00e9s do CCJ est\u00e1 oferecendo. Ele apontou que a solu\u00e7\u00e3o de conflitos garante o acesso \u00e0 justi\u00e7a de maneira eficiente, podendo sair do velho molde processual, quando a lei permitir. J\u00e1 o diretor-geral do N\u00facleo Permanente de M\u00e9todos Consensuais de Solu\u00e7\u00e3o de Conflitos (NUPEMEC), desembargador Leandro dos Santos, disse que a pol\u00edtica de pacifica\u00e7\u00e3o social que ser\u00e1 refor\u00e7ada atrav\u00e9s do CEJUSC, apresentar\u00e1 outro vi\u00e9s para a educa\u00e7\u00e3o universit\u00e1ria, j\u00e1 que os alunos se vestir\u00e3o de conciliadores e a popula\u00e7\u00e3o ter\u00e1 um servi\u00e7o que oferecer\u00e1 mais dignidade \u00e0s pessoas.<\/p>\n<p>A ju\u00edza e coordenadora dos Centros de Concilia\u00e7\u00e3o e Media\u00e7\u00e3o instalados em Campina Grande, Ivna Mozart, projetou a melhora da atividade judici\u00e1ria com a exist\u00eancias desses locais. Ela ressaltou a busca pela cultura da paz como um modo de promover um caminho positivo para a sociedade. \u201cA partir do CEJUSC na UEPB n\u00f3s estamos expandido a cultura de paz. Atualmente ela n\u00e3o \u00e9 mais uma promessa, ela \u00e9 sim uma realidade, um caminho que o Poder Judici\u00e1rio segue partindo do pressuposto de que n\u00e3o h\u00e1 mais essa concep\u00e7\u00e3o de se resolver processo, e sim de se resolver conflitos. Firmar essa parceria com a UEPB \u00e9 algo muito importante porque n\u00f3s plantamos no ambiente acad\u00eamico a ideia de que a cultura de paz \u00e9 uma realidade\u201d, afirmou a ju\u00edza.<\/p>\n<p>O diretor do CCJ, professor Laplace Guedes, destacou o poder de supera\u00e7\u00e3o que a UEPB demonstra, por vencer todas as dificuldades financeiras e or\u00e7ament\u00e1rias, e mesmo assim disponibilizar um servi\u00e7o como o que \u00e9 oferecido pelo CEJUSC. \u201cN\u00f3s conseguimos atender todas as exig\u00eancias para ter uma unidade do CEJUSC aqui no CCJ, e eu tenho certeza que al\u00e9m de um grande apoio que vamos prestar \u00e0 popula\u00e7\u00e3o, nossos alunos ainda ser\u00e3o muito mais bem qualificados em sua forma\u00e7\u00e3o por poderem atuar no campo do est\u00e1gio na busca pela solu\u00e7\u00e3o de conflitos mediados pela Justi\u00e7a\u201d, pontuou o professor Laplace.<\/p>\n<p>Al\u00e9m da inaugura\u00e7\u00e3o do Centro Judici\u00e1rio de Solu\u00e7\u00e3o de Conflitos e Cidadania da UEPB, tamb\u00e9m foi apresentado pelo conselheiro federal da Ordem dos Advogados do Brasil (OAB), Harrison Targino, o projeto de extens\u00e3o \u201cMedia\u00e7\u00e3o para a Paz e Cidadania\u201d, que ser\u00e1 coordenado por ele, e que tem como objetivo prestar servi\u00e7os de solu\u00e7\u00e3o de conflitos por m\u00e9todos alternativos a partir da atua\u00e7\u00e3o dos alunos do curso de Direito da UEPB, sob a orienta\u00e7\u00e3o dos professores do CCJ. Tamb\u00e9m participaram da solenidade a ex-presidente do Tribunal de Justi\u00e7a da Para\u00edba (TJPB), desembargadora Maria de F\u00e1tima Bezerra Cavalcanti; e a presidente da C\u00e2mara de Vereadores de Campina Grande, Ivonete Ludg\u00e9rio.<\/p>\n<p><em><strong>Texto:<\/strong> Givaldo Cavalcanti<br \/><strong> Fotos:<\/strong> Paizinha Lemos<\/em><\/p>\n<p>O post <a rel=\"nofollow\" href=\"http:\/\/www.uepb.edu.br\/universidade-estadual-da-paraiba-inaugura-centro-judiciario-de-solucao-de-conflitos-e-cidadania\/\">Universidade Estadual da Para\u00edba inaugura Centro Judici\u00e1rio de Solu\u00e7\u00e3o de Conflitos e Cidadania<\/a> apareceu primeiro em <a rel=\"nofollow\" href=\"http:\/\/www.uepb.edu.br\/\">UEPB<\/a>.<\/p>\n","protected":false},"excerpt":{"rendered":"<p>O direito de acesso &agrave; Justi&ccedil;a atrav&eacute;s de mecanismos que promovam a cidadania e estimulem a solu&ccedil;&atilde;o r&aacute;pida de desentendimentos &eacute; um dos motores para a valoriza&ccedil;&atilde;o dos indiv&iacute;duos e a promo&ccedil;&atilde;o da cultura de paz. Embasado nesse prop&oacute;sito, a Universidade Estadual da Para&iacute;ba (UEPB), atrav&eacute;s do Centro de Ci&ecirc;ncias Jur&iacute;dicas (CCJ) deu mais um <a href=\"http:\/\/www.uepb.edu.br\/universidade-estadual-da-paraiba-inaugura-centro-judiciario-de-solucao-de-conflitos-e-cidadania\/\">Leia Mais&#8230;<\/a><\/p>\n<p>O post <a rel=\"nofollow\" href=\"http:\/\/www.uepb.edu.br\/universidade-estadual-da-paraiba-inaugura-centro-judiciario-de-solucao-de-conflitos-e-cidadania\/\">Universidade Estadual da Para&iacute;ba inaugura Centro Judici&aacute;rio de Solu&ccedil;&atilde;o de Conflitos e Cidadania<\/a> apareceu primeiro em <a rel=\"nofollow\" href=\"http:\/\/www.uepb.edu.br\/\">UEPB<\/a>.<\/p>\n","protected":false},"author":39,"featured_media":0,"comment_status":"closed","ping_status":"closed","sticky":false,"template":"","format":"standard","meta":{"jetpack_post_was_ever_published":false,"_jetpack_newsletter_access":"","_jetpack_dont_email_post_to_subs":false,"_jetpack_newsletter_tier_id":0,"_jetpack_memberships_contains_paywalled_content":false,"_jetpack_memberships_contains_paid_content":false,"footnotes":"","jetpack_publicize_message":"","jetpack_publicize_feature_enabled":true,"jetpack_social_post_already_shared":true,"jetpack_social_options":{"image_generator_settings":{"template":"highway","default_image_id":0,"font":"","enabled":false},"version":2}},"categories":[10,4,13],"tags":[],"class_list":["post-691","post","type-post","status-publish","format-standard","hentry","category-ccj","category-noticias","category-noticias-destaque-img"],"jetpack_publicize_connections":[],"jetpack_featured_media_url":"","jetpack_sharing_enabled":true,"jetpack_shortlink":"https:\/\/wp.me\/p7WTDo-b9","_links":{"self":[{"href":"https:\/\/centros.uepb.edu.br\/ccj\/wp-json\/wp\/v2\/posts\/691","targetHints":{"allow":["GET"]}}],"collection":[{"href":"https:\/\/centros.uepb.edu.br\/ccj\/wp-json\/wp\/v2\/posts"}],"about":[{"href":"https:\/\/centros.uepb.edu.br\/ccj\/wp-json\/wp\/v2\/types\/post"}],"author":[{"embeddable":true,"href":"https:\/\/centros.uepb.edu.br\/ccj\/wp-json\/wp\/v2\/users\/39"}],"replies":[{"embeddable":true,"href":"https:\/\/centros.uepb.edu.br\/ccj\/wp-json\/wp\/v2\/comments?post=691"}],"version-history":[{"count":0,"href":"https:\/\/centros.uepb.edu.br\/ccj\/wp-json\/wp\/v2\/posts\/691\/revisions"}],"wp:attachment":[{"href":"https:\/\/centros.uepb.edu.br\/ccj\/wp-json\/wp\/v2\/media?parent=691"}],"wp:term":[{"taxonomy":"category","embeddable":true,"href":"https:\/\/centros.uepb.edu.br\/ccj\/wp-json\/wp\/v2\/categories?post=691"},{"taxonomy":"post_tag","embeddable":true,"href":"https:\/\/centros.uepb.edu.br\/ccj\/wp-json\/wp\/v2\/tags?post=691"}],"curies":[{"name":"wp","href":"https:\/\/api.w.org\/{rel}","templated":true}]}}