{"id":686,"date":"2019-04-04T15:10:53","date_gmt":"2019-04-04T18:10:53","guid":{"rendered":"http:\/\/www.uepb.edu.br\/?p=47640"},"modified":"2019-04-04T15:10:53","modified_gmt":"2019-04-04T18:10:53","slug":"2o-forum-de-direito-do-trabalho-debatera-integracao-da-classe-trabalhadora-e-ambientes-laborais","status":"publish","type":"post","link":"https:\/\/centros.uepb.edu.br\/ccj\/2o-forum-de-direito-do-trabalho-debatera-integracao-da-classe-trabalhadora-e-ambientes-laborais\/","title":{"rendered":"2\u00ba F\u00f3rum de Direito do Trabalho debater\u00e1 integra\u00e7\u00e3o da classe trabalhadora e ambientes laborais"},"content":{"rendered":"<p>Campina Grande sediar\u00e1, nos dias 26 e 27 de abril, a segunda edi\u00e7\u00e3o do F\u00f3rum de Direito do Trabalho que, este ano, ter\u00e1 como tema \u201cSa\u00fade e Seguran\u00e7a do Trabalho\u201d. O evento tem como objetivo fortalecer a integra\u00e7\u00e3o da classe trabalhadora e promover uma discuss\u00e3o sobre seguran\u00e7a do trabalho como uma medida protetiva, destinada a melhora dos ambientes laborais. <\/p>\n<p>As inscri\u00e7\u00f5es est\u00e3o abertas e podem ser feitas por meio de formul\u00e1rio eletr\u00f4nico, clicando <strong><a rel=\"noreferrer noopener\" aria-label=\"AQUI (opens in a new tab)\" href=\"https:\/\/docs.google.com\/forms\/d\/e\/1FAIpQLSdsgqQgTz4ueJx6an24CedX93geUKIuh_AVijETzdJlr1IKNA\/viewform\" >AQUI<\/a><\/strong>. A organiza\u00e7\u00e3o \u00e9 do Centro Acad\u00eamico Sobral Pinto do Centro de Ci\u00eancias Jur\u00eddicas (CCJ) da Universidade Estadual da Para\u00edba (UEPB).<\/p>\n<p>O evento contar\u00e1 com a realiza\u00e7\u00e3o de cinco pain\u00e9is e uma mesa redonda que abordar\u00e3o temas ligados \u00e0s \u00e1reas jur\u00eddica e social. O F\u00f3rum tamb\u00e9m oferece a oportunidade dos participantes inscreverem artigos cient\u00edficos. Os interessados devem acessar o endere\u00e7o <strong><a href=\"http:\/\/bit.ly\/editalforumdireitodotrabalho\"  rel=\"noreferrer noopener\" aria-label=\"http:\/\/bit.ly\/editalforumdireitodotrabalho (opens in a new tab)\">http:\/\/bit.ly\/editalforumdireitodotrabalho<\/a><\/strong> e submeter os textos para avalia\u00e7\u00e3o. De acordo com a comiss\u00e3o cient\u00edfica do evento, os dez melhores trabalhos ser\u00e3o publicados em um e-book, pela Editora da Universidade Estadual da Para\u00edba (EDUEPB).<\/p>\n<p>A abertura do evento ser\u00e1 \u00e0s 19h, no Centro de Conven\u00e7\u00f5es Raymundo Asfora, com o desembargador Leonardo Tragano, que abordar\u00e1 o tema \u201cDireto Coletivo e a Reforma Trabalhista: enfoque na sa\u00fade e seguran\u00e7a do trabalho\u201d. Tamb\u00e9m participar\u00e1 da abertura o professor e advogado Raphael Miziara, que abordar\u00e1 o tema \u201cHermen\u00eautica Constitucional e Direitos Sociais\u201d, e Paulo Maia, presidente da Ordem dos Advogados (OAB) &#8211; Seccional Para\u00edba.<\/p>\n<p>Todos os participantes que comprovarem frequ\u00eancia m\u00ednima de 70% receber\u00e3o certificado de 25 horas\/aula. O 2\u00ba F\u00f3rum de Direito do Trabalho tamb\u00e9m conta com o apoio da Nova Escola de Advocacia &#8211; ESA\/PB e da Ordem dos Advogados do Brasil &#8211; Seccional Para\u00edba (OAB\/PB). Mais informa\u00e7\u00e3o podem ser obtidas no <strong><a href=\"http:\/\/bit.ly\/editalforumdireitodotrabalho\"  rel=\"noreferrer noopener\" aria-label=\"site oficial do evento (opens in a new tab)\">site oficial do evento<\/a><\/strong>.<\/p>\n<p><em><strong>Texto:<\/strong> Givaldo Cavalcanti<\/em><\/p>\n<p>O post <a rel=\"nofollow\" href=\"http:\/\/www.uepb.edu.br\/2o-forum-de-direito-do-trabalho-debatera-integracao-da-classe-trabalhadora-e-qualidade-dos-ambientes-laborais\/\">2\u00ba F\u00f3rum de Direito do Trabalho debater\u00e1 integra\u00e7\u00e3o da classe trabalhadora e ambientes laborais<\/a> apareceu primeiro em <a rel=\"nofollow\" href=\"http:\/\/www.uepb.edu.br\/\">UEPB<\/a>.<\/p>\n","protected":false},"excerpt":{"rendered":"<p>Campina Grande sediar&aacute;, nos dias 26 e 27 de abril, a segunda edi&ccedil;&atilde;o do F&oacute;rum de Direito do Trabalho que, este ano, ter&aacute; como tema &ldquo;Sa&uacute;de e Seguran&ccedil;a do Trabalho&rdquo;. O evento tem como objetivo fortalecer a integra&ccedil;&atilde;o da classe trabalhadora e promover uma discuss&atilde;o sobre seguran&ccedil;a do trabalho como uma medida protetiva, destinada a <a href=\"http:\/\/www.uepb.edu.br\/2o-forum-de-direito-do-trabalho-debatera-integracao-da-classe-trabalhadora-e-qualidade-dos-ambientes-laborais\/\">Leia Mais&#8230;<\/a><\/p>\n<p>O post <a rel=\"nofollow\" href=\"http:\/\/www.uepb.edu.br\/2o-forum-de-direito-do-trabalho-debatera-integracao-da-classe-trabalhadora-e-qualidade-dos-ambientes-laborais\/\">2&ordm; F&oacute;rum de Direito do Trabalho debater&aacute; integra&ccedil;&atilde;o da classe trabalhadora e ambientes laborais<\/a> apareceu primeiro em <a rel=\"nofollow\" href=\"http:\/\/www.uepb.edu.br\/\">UEPB<\/a>.<\/p>\n","protected":false},"author":25,"featured_media":0,"comment_status":"closed","ping_status":"closed","sticky":false,"template":"","format":"standard","meta":{"jetpack_post_was_ever_published":false,"_jetpack_newsletter_access":"","_jetpack_dont_email_post_to_subs":false,"_jetpack_newsletter_tier_id":0,"_jetpack_memberships_contains_paywalled_content":false,"_jetpack_memberships_contains_paid_content":false,"footnotes":"","jetpack_publicize_message":"","jetpack_publicize_feature_enabled":true,"jetpack_social_post_already_shared":true,"jetpack_social_options":{"image_generator_settings":{"template":"highway","default_image_id":0,"font":"","enabled":false},"version":2}},"categories":[10,4,12],"tags":[],"class_list":["post-686","post","type-post","status-publish","format-standard","hentry","category-ccj","category-noticias","category-noticias-destaque"],"jetpack_publicize_connections":[],"jetpack_featured_media_url":"","jetpack_sharing_enabled":true,"jetpack_shortlink":"https:\/\/wp.me\/p7WTDo-b4","_links":{"self":[{"href":"https:\/\/centros.uepb.edu.br\/ccj\/wp-json\/wp\/v2\/posts\/686","targetHints":{"allow":["GET"]}}],"collection":[{"href":"https:\/\/centros.uepb.edu.br\/ccj\/wp-json\/wp\/v2\/posts"}],"about":[{"href":"https:\/\/centros.uepb.edu.br\/ccj\/wp-json\/wp\/v2\/types\/post"}],"author":[{"embeddable":true,"href":"https:\/\/centros.uepb.edu.br\/ccj\/wp-json\/wp\/v2\/users\/25"}],"replies":[{"embeddable":true,"href":"https:\/\/centros.uepb.edu.br\/ccj\/wp-json\/wp\/v2\/comments?post=686"}],"version-history":[{"count":0,"href":"https:\/\/centros.uepb.edu.br\/ccj\/wp-json\/wp\/v2\/posts\/686\/revisions"}],"wp:attachment":[{"href":"https:\/\/centros.uepb.edu.br\/ccj\/wp-json\/wp\/v2\/media?parent=686"}],"wp:term":[{"taxonomy":"category","embeddable":true,"href":"https:\/\/centros.uepb.edu.br\/ccj\/wp-json\/wp\/v2\/categories?post=686"},{"taxonomy":"post_tag","embeddable":true,"href":"https:\/\/centros.uepb.edu.br\/ccj\/wp-json\/wp\/v2\/tags?post=686"}],"curies":[{"name":"wp","href":"https:\/\/api.w.org\/{rel}","templated":true}]}}