{"id":684,"date":"2019-04-04T11:50:28","date_gmt":"2019-04-04T14:50:28","guid":{"rendered":"http:\/\/www.uepb.edu.br\/?p=47604"},"modified":"2019-04-04T11:50:28","modified_gmt":"2019-04-04T14:50:28","slug":"cerimonia-marca-entrega-do-selo-oab-recomenda-para-curso-de-direito-do-centro-de-ciencias-juridicas-da-uepb","status":"publish","type":"post","link":"https:\/\/centros.uepb.edu.br\/ccj\/cerimonia-marca-entrega-do-selo-oab-recomenda-para-curso-de-direito-do-centro-de-ciencias-juridicas-da-uepb\/","title":{"rendered":"Cerim\u00f4nia marca entrega do Selo OAB Recomenda para Curso de Direito do Centro de Ci\u00eancias Jur\u00eddicas da UEPB"},"content":{"rendered":"<figure class=\"wp-block-image\"><img decoding=\"async\" data-attachment-id=\"47607\" data-permalink=\"http:\/\/www.uepb.edu.br\/cerimonia-marca-entrega-do-selo-oab-recomenda-para-curso-de-direito-do-centro-de-ciencias-juridicas-da-uepb\/selo-oab-3\/\" data-orig-file=\"https:\/\/i2.wp.com\/www.uepb.edu.br\/wp-content\/uploads\/2019\/04\/Selo-OAB-3.jpg?fit=840%2C454\" data-orig-size=\"840,454\" data-comments-opened=\"1\" data-image-meta=\"{&quot;aperture&quot;:&quot;3.8&quot;,&quot;credit&quot;:&quot;&quot;,&quot;camera&quot;:&quot;NIKON D90&quot;,&quot;caption&quot;:&quot;&quot;,&quot;created_timestamp&quot;:&quot;1554218709&quot;,&quot;copyright&quot;:&quot;&quot;,&quot;focal_length&quot;:&quot;24&quot;,&quot;iso&quot;:&quot;400&quot;,&quot;shutter_speed&quot;:&quot;0.0166666666667&quot;,&quot;title&quot;:&quot;&quot;,&quot;orientation&quot;:&quot;1&quot;}\" data-image-title=\"Selo OAB (3)\" data-image-description=\"\" data-medium-file=\"https:\/\/i2.wp.com\/www.uepb.edu.br\/wp-content\/uploads\/2019\/04\/Selo-OAB-3.jpg?fit=300%2C162\" data-large-file=\"https:\/\/i2.wp.com\/www.uepb.edu.br\/wp-content\/uploads\/2019\/04\/Selo-OAB-3.jpg?fit=840%2C454\" src=\"https:\/\/i2.wp.com\/www.uepb.edu.br\/wp-content\/uploads\/2019\/04\/Selo-OAB-3.jpg\" alt=\"\" class=\"wp-image-47607 img-responsive img-responsive\" srcset=\"https:\/\/i2.wp.com\/www.uepb.edu.br\/wp-content\/uploads\/2019\/04\/Selo-OAB-3.jpg?w=840 840w, https:\/\/i2.wp.com\/www.uepb.edu.br\/wp-content\/uploads\/2019\/04\/Selo-OAB-3.jpg?resize=300%2C162 300w, https:\/\/i2.wp.com\/www.uepb.edu.br\/wp-content\/uploads\/2019\/04\/Selo-OAB-3.jpg?resize=768%2C415 768w, https:\/\/i2.wp.com\/www.uepb.edu.br\/wp-content\/uploads\/2019\/04\/Selo-OAB-3.jpg?resize=370%2C200 370w\" sizes=\"(max-width: 840px) 100vw, 840px\" data-recalc-dims=\"1\" \/><\/figure>\n<p>Os excelentes resultados atingidos nos \u00faltimos anos pelos alunos do curso de Direito da Universidade Estadual da Para\u00edba (UEPB), no que diz respeito aos \u00edndices alcan\u00e7ados no Exame de Ordem Unificado da Ordem dos Advogados do Brasil (OAB) e na avalia\u00e7\u00e3o no Exame Nacional de Desempenho de Estudantes (Enade), credenciaram o Centro de Ci\u00eancias Jur\u00eddicas (CCJ) da Institui\u00e7\u00e3o a receber, mais uma vez, o Selo OAB Recomenda. A entrega da chancela foi feita na tarde desta quarta-feira (3), no Audit\u00f3rio do CCJ, pelo presidente da OAB Para\u00edba, Paulo Maia.<\/p>\n<p>Institu\u00eddo em 2001, o Selo OAB Recomenda configura-se como reconhecimento p\u00fablico da qualidade da gradua\u00e7\u00e3o em Direito em todo o Pa\u00eds. Para o reitor da UEPB, professor Rangel Junior, s\u00e3o avalia\u00e7\u00f5es externas como essa que funcionam como term\u00f4metro para balizar a qualidade do servi\u00e7o que est\u00e1 sendo oferecido na esfera do ensino superior. O reitor destacou o trabalho bem feito pelos professores do Centro de Ci\u00eancias Jur\u00eddicas da UEPB, que cada vez mais demonstram o compromisso em formar alunos cada vez mais capacitados e com condi\u00e7\u00f5es de oferecer um excelente servi\u00e7o \u00e0 popula\u00e7\u00e3o.<\/p>\n<ul data-carousel-extra='{\"blog_id\":1,\"permalink\":\"http:\\\/\\\/www.uepb.edu.br\\\/cerimonia-marca-entrega-do-selo-oab-recomenda-para-curso-de-direito-do-centro-de-ciencias-juridicas-da-uepb\\\/\"}' class=\"wp-block-gallery columns-3 is-cropped\">\n<li class=\"blocks-gallery-item\">\n<figure><img decoding=\"async\" data-attachment-id=\"47605\" data-permalink=\"http:\/\/www.uepb.edu.br\/cerimonia-marca-entrega-do-selo-oab-recomenda-para-curso-de-direito-do-centro-de-ciencias-juridicas-da-uepb\/selo-oab-1\/\" data-orig-file=\"https:\/\/i1.wp.com\/www.uepb.edu.br\/wp-content\/uploads\/2019\/04\/Selo-OAB-1.jpg?fit=840%2C454\" data-orig-size=\"840,454\" data-comments-opened=\"1\" data-image-meta=\"{&quot;aperture&quot;:&quot;4.2&quot;,&quot;credit&quot;:&quot;&quot;,&quot;camera&quot;:&quot;NIKON D90&quot;,&quot;caption&quot;:&quot;&quot;,&quot;created_timestamp&quot;:&quot;1554218409&quot;,&quot;copyright&quot;:&quot;&quot;,&quot;focal_length&quot;:&quot;30&quot;,&quot;iso&quot;:&quot;400&quot;,&quot;shutter_speed&quot;:&quot;0.0166666666667&quot;,&quot;title&quot;:&quot;&quot;,&quot;orientation&quot;:&quot;1&quot;}\" data-image-title=\"Selo OAB (1)\" data-image-description=\"\" data-medium-file=\"https:\/\/i1.wp.com\/www.uepb.edu.br\/wp-content\/uploads\/2019\/04\/Selo-OAB-1.jpg?fit=300%2C162\" data-large-file=\"https:\/\/i1.wp.com\/www.uepb.edu.br\/wp-content\/uploads\/2019\/04\/Selo-OAB-1.jpg?fit=840%2C454\" src=\"https:\/\/i1.wp.com\/www.uepb.edu.br\/wp-content\/uploads\/2019\/04\/Selo-OAB-1.jpg\" alt=\"\" data-id=\"47605\" data-link=\"http:\/\/www.uepb.edu.br\/?attachment_id=47605\" class=\"wp-image-47605 img-responsive img-responsive\" srcset=\"https:\/\/i1.wp.com\/www.uepb.edu.br\/wp-content\/uploads\/2019\/04\/Selo-OAB-1.jpg?w=840 840w, https:\/\/i1.wp.com\/www.uepb.edu.br\/wp-content\/uploads\/2019\/04\/Selo-OAB-1.jpg?resize=300%2C162 300w, https:\/\/i1.wp.com\/www.uepb.edu.br\/wp-content\/uploads\/2019\/04\/Selo-OAB-1.jpg?resize=768%2C415 768w, https:\/\/i1.wp.com\/www.uepb.edu.br\/wp-content\/uploads\/2019\/04\/Selo-OAB-1.jpg?resize=370%2C200 370w\" sizes=\"(max-width: 840px) 100vw, 840px\" data-recalc-dims=\"1\" \/><\/figure>\n<\/li>\n<li class=\"blocks-gallery-item\">\n<figure><img decoding=\"async\" data-attachment-id=\"47608\" data-permalink=\"http:\/\/www.uepb.edu.br\/cerimonia-marca-entrega-do-selo-oab-recomenda-para-curso-de-direito-do-centro-de-ciencias-juridicas-da-uepb\/selo-oab-4\/\" data-orig-file=\"https:\/\/i0.wp.com\/www.uepb.edu.br\/wp-content\/uploads\/2019\/04\/Selo-OAB-4.jpg?fit=840%2C454\" data-orig-size=\"840,454\" data-comments-opened=\"1\" data-image-meta=\"{&quot;aperture&quot;:&quot;3.5&quot;,&quot;credit&quot;:&quot;&quot;,&quot;camera&quot;:&quot;NIKON D90&quot;,&quot;caption&quot;:&quot;&quot;,&quot;created_timestamp&quot;:&quot;1554218913&quot;,&quot;copyright&quot;:&quot;&quot;,&quot;focal_length&quot;:&quot;18&quot;,&quot;iso&quot;:&quot;400&quot;,&quot;shutter_speed&quot;:&quot;0.0166666666667&quot;,&quot;title&quot;:&quot;&quot;,&quot;orientation&quot;:&quot;1&quot;}\" data-image-title=\"Selo OAB (4)\" data-image-description=\"\" data-medium-file=\"https:\/\/i0.wp.com\/www.uepb.edu.br\/wp-content\/uploads\/2019\/04\/Selo-OAB-4.jpg?fit=300%2C162\" data-large-file=\"https:\/\/i0.wp.com\/www.uepb.edu.br\/wp-content\/uploads\/2019\/04\/Selo-OAB-4.jpg?fit=840%2C454\" src=\"https:\/\/i0.wp.com\/www.uepb.edu.br\/wp-content\/uploads\/2019\/04\/Selo-OAB-4.jpg\" alt=\"\" data-id=\"47608\" data-link=\"http:\/\/www.uepb.edu.br\/?attachment_id=47608\" class=\"wp-image-47608 img-responsive img-responsive\" srcset=\"https:\/\/i0.wp.com\/www.uepb.edu.br\/wp-content\/uploads\/2019\/04\/Selo-OAB-4.jpg?w=840 840w, https:\/\/i0.wp.com\/www.uepb.edu.br\/wp-content\/uploads\/2019\/04\/Selo-OAB-4.jpg?resize=300%2C162 300w, https:\/\/i0.wp.com\/www.uepb.edu.br\/wp-content\/uploads\/2019\/04\/Selo-OAB-4.jpg?resize=768%2C415 768w, https:\/\/i0.wp.com\/www.uepb.edu.br\/wp-content\/uploads\/2019\/04\/Selo-OAB-4.jpg?resize=370%2C200 370w\" sizes=\"(max-width: 840px) 100vw, 840px\" data-recalc-dims=\"1\" \/><\/figure>\n<\/li>\n<li class=\"blocks-gallery-item\">\n<figure><img decoding=\"async\" data-attachment-id=\"47609\" data-permalink=\"http:\/\/www.uepb.edu.br\/cerimonia-marca-entrega-do-selo-oab-recomenda-para-curso-de-direito-do-centro-de-ciencias-juridicas-da-uepb\/selo-oab-5\/\" data-orig-file=\"https:\/\/i1.wp.com\/www.uepb.edu.br\/wp-content\/uploads\/2019\/04\/Selo-OAB-5.jpg?fit=840%2C454\" data-orig-size=\"840,454\" data-comments-opened=\"1\" data-image-meta=\"{&quot;aperture&quot;:&quot;3.8&quot;,&quot;credit&quot;:&quot;&quot;,&quot;camera&quot;:&quot;NIKON D90&quot;,&quot;caption&quot;:&quot;&quot;,&quot;created_timestamp&quot;:&quot;1554219942&quot;,&quot;copyright&quot;:&quot;&quot;,&quot;focal_length&quot;:&quot;24&quot;,&quot;iso&quot;:&quot;400&quot;,&quot;shutter_speed&quot;:&quot;0.0166666666667&quot;,&quot;title&quot;:&quot;&quot;,&quot;orientation&quot;:&quot;1&quot;}\" data-image-title=\"Selo OAB (5)\" data-image-description=\"\" data-medium-file=\"https:\/\/i1.wp.com\/www.uepb.edu.br\/wp-content\/uploads\/2019\/04\/Selo-OAB-5.jpg?fit=300%2C162\" data-large-file=\"https:\/\/i1.wp.com\/www.uepb.edu.br\/wp-content\/uploads\/2019\/04\/Selo-OAB-5.jpg?fit=840%2C454\" src=\"https:\/\/i1.wp.com\/www.uepb.edu.br\/wp-content\/uploads\/2019\/04\/Selo-OAB-5.jpg\" alt=\"\" data-id=\"47609\" data-link=\"http:\/\/www.uepb.edu.br\/?attachment_id=47609\" class=\"wp-image-47609 img-responsive img-responsive\" srcset=\"https:\/\/i1.wp.com\/www.uepb.edu.br\/wp-content\/uploads\/2019\/04\/Selo-OAB-5.jpg?w=840 840w, https:\/\/i1.wp.com\/www.uepb.edu.br\/wp-content\/uploads\/2019\/04\/Selo-OAB-5.jpg?resize=300%2C162 300w, https:\/\/i1.wp.com\/www.uepb.edu.br\/wp-content\/uploads\/2019\/04\/Selo-OAB-5.jpg?resize=768%2C415 768w, https:\/\/i1.wp.com\/www.uepb.edu.br\/wp-content\/uploads\/2019\/04\/Selo-OAB-5.jpg?resize=370%2C200 370w\" sizes=\"(max-width: 840px) 100vw, 840px\" data-recalc-dims=\"1\" \/><\/figure>\n<\/li>\n<li class=\"blocks-gallery-item\">\n<figure><img decoding=\"async\" data-attachment-id=\"47612\" data-permalink=\"http:\/\/www.uepb.edu.br\/cerimonia-marca-entrega-do-selo-oab-recomenda-para-curso-de-direito-do-centro-de-ciencias-juridicas-da-uepb\/selo-oab-8\/\" data-orig-file=\"https:\/\/i2.wp.com\/www.uepb.edu.br\/wp-content\/uploads\/2019\/04\/Selo-OAB-8.jpg?fit=840%2C454\" data-orig-size=\"840,454\" data-comments-opened=\"1\" data-image-meta=\"{&quot;aperture&quot;:&quot;5.6&quot;,&quot;credit&quot;:&quot;&quot;,&quot;camera&quot;:&quot;NIKON D90&quot;,&quot;caption&quot;:&quot;&quot;,&quot;created_timestamp&quot;:&quot;1554221623&quot;,&quot;copyright&quot;:&quot;&quot;,&quot;focal_length&quot;:&quot;18&quot;,&quot;iso&quot;:&quot;400&quot;,&quot;shutter_speed&quot;:&quot;0.005&quot;,&quot;title&quot;:&quot;&quot;,&quot;orientation&quot;:&quot;1&quot;}\" data-image-title=\"Selo OAB (8)\" data-image-description=\"\" data-medium-file=\"https:\/\/i2.wp.com\/www.uepb.edu.br\/wp-content\/uploads\/2019\/04\/Selo-OAB-8.jpg?fit=300%2C162\" data-large-file=\"https:\/\/i2.wp.com\/www.uepb.edu.br\/wp-content\/uploads\/2019\/04\/Selo-OAB-8.jpg?fit=840%2C454\" src=\"https:\/\/i2.wp.com\/www.uepb.edu.br\/wp-content\/uploads\/2019\/04\/Selo-OAB-8.jpg\" alt=\"\" data-id=\"47612\" data-link=\"http:\/\/www.uepb.edu.br\/?attachment_id=47612\" class=\"wp-image-47612 img-responsive img-responsive\" srcset=\"https:\/\/i2.wp.com\/www.uepb.edu.br\/wp-content\/uploads\/2019\/04\/Selo-OAB-8.jpg?w=840 840w, https:\/\/i2.wp.com\/www.uepb.edu.br\/wp-content\/uploads\/2019\/04\/Selo-OAB-8.jpg?resize=300%2C162 300w, https:\/\/i2.wp.com\/www.uepb.edu.br\/wp-content\/uploads\/2019\/04\/Selo-OAB-8.jpg?resize=768%2C415 768w, https:\/\/i2.wp.com\/www.uepb.edu.br\/wp-content\/uploads\/2019\/04\/Selo-OAB-8.jpg?resize=370%2C200 370w\" sizes=\"(max-width: 840px) 100vw, 840px\" data-recalc-dims=\"1\" \/><\/figure>\n<\/li>\n<\/ul>\n<p>\u201cPara n\u00f3s \u00e9 sempre um motivo de alegria quando vem o reconhecimento de um \u00f3rg\u00e3o acreditado como a OAB e \u00e9 fundamental, porque isso reafirma o que a gente diz o tempo todo que aquilo que se faz na Universidade se faz com qualidade. As avalia\u00e7\u00f5es externas s\u00e3o o melhor medidor para isso. Os \u00f3rg\u00e3os de avalia\u00e7\u00e3o t\u00eam efetivamente credibilidade para avaliar a Institui\u00e7\u00e3o para que possam dizer se ela est\u00e1 em conformidade com aquilo que se prop\u00f5e do ponto de vista da forma\u00e7\u00e3o das pessoas. Nesse caso, na forma\u00e7\u00e3o dos futuros bachar\u00e9is em Direito, que ser\u00e3o futuros advogados, ju\u00edzes e promotores. Mesmo a despeito de todas as dificuldades que a Institui\u00e7\u00e3o passa, a gente consegue sempre se superar e s\u00f3 faz isso em raz\u00e3o da qualidade dos profissionais que aqui existem e do compromisso que eles t\u00eam para formar cada vez mais alunos mais capacitados\u201d, disse professor Rangel Juior.<\/p>\n<p>O presidente da OAB Para\u00edba, Paulo Maia, tamb\u00e9m foi consonante em afirmar que este selo comprova a manuten\u00e7\u00e3o do curso de Direito da UEPB entre os melhores do Pa\u00eds, j\u00e1 que esta n\u00e3o \u00e9 a primeira vez que o curso recebe a comenda. \u201c\u00c9 importante que a comunidade saiba da relev\u00e2ncia desse Selo OAB Recomenda  que o curso de Direito da UEPB, em Campina Grande, est\u00e1 recebendo. H\u00e1 alguns anos, diante da explos\u00e3o do n\u00famero de cursos de Direito, do aumento do n\u00famero de vagas nos cursos, a OAB criou este selo que afere os bons cursos jur\u00eddicos, a qualidade da forma\u00e7\u00e3o dos corpos docente e discente que redunda em excelentes coloca\u00e7\u00f5es e desempenho no Exame de Ordem. A sociedade civil de Campina Grande deve saber que seu curso de Direito \u00e9 um dos poucos do Estado que receberam da OAB este selo. Parabenizo o corpo docente da Institui\u00e7\u00e3o, valorizando a qualidade do ensino e, sobretudo, aos alunos que v\u00eam alcan\u00e7ando excelentes coloca\u00e7\u00f5es no Exame de Ordem a n\u00edvel nacional\u201d, ressaltou.<\/p>\n<ul data-carousel-extra='{\"blog_id\":1,\"permalink\":\"http:\\\/\\\/www.uepb.edu.br\\\/cerimonia-marca-entrega-do-selo-oab-recomenda-para-curso-de-direito-do-centro-de-ciencias-juridicas-da-uepb\\\/\"}' class=\"wp-block-gallery columns-3 is-cropped\">\n<li class=\"blocks-gallery-item\">\n<figure><img decoding=\"async\" data-attachment-id=\"47623\" data-permalink=\"http:\/\/www.uepb.edu.br\/cerimonia-marca-entrega-do-selo-oab-recomenda-para-curso-de-direito-do-centro-de-ciencias-juridicas-da-uepb\/selo-oab-19\/\" data-orig-file=\"https:\/\/i1.wp.com\/www.uepb.edu.br\/wp-content\/uploads\/2019\/04\/Selo-OAB-19.jpg?fit=840%2C454\" data-orig-size=\"840,454\" data-comments-opened=\"1\" data-image-meta=\"{&quot;aperture&quot;:&quot;0&quot;,&quot;credit&quot;:&quot;PAIZINHA LEMOS&quot;,&quot;camera&quot;:&quot;&quot;,&quot;caption&quot;:&quot;&quot;,&quot;created_timestamp&quot;:&quot;0&quot;,&quot;copyright&quot;:&quot;PAIZINHA LEMOS&quot;,&quot;focal_length&quot;:&quot;0&quot;,&quot;iso&quot;:&quot;0&quot;,&quot;shutter_speed&quot;:&quot;0&quot;,&quot;title&quot;:&quot;&quot;,&quot;orientation&quot;:&quot;1&quot;}\" data-image-title=\"Selo OAB (19)\" data-image-description=\"\" data-medium-file=\"https:\/\/i1.wp.com\/www.uepb.edu.br\/wp-content\/uploads\/2019\/04\/Selo-OAB-19.jpg?fit=300%2C162\" data-large-file=\"https:\/\/i1.wp.com\/www.uepb.edu.br\/wp-content\/uploads\/2019\/04\/Selo-OAB-19.jpg?fit=840%2C454\" src=\"https:\/\/i1.wp.com\/www.uepb.edu.br\/wp-content\/uploads\/2019\/04\/Selo-OAB-19.jpg\" alt=\"\" data-id=\"47623\" data-link=\"http:\/\/www.uepb.edu.br\/?attachment_id=47623\" class=\"wp-image-47623 img-responsive img-responsive\" srcset=\"https:\/\/i1.wp.com\/www.uepb.edu.br\/wp-content\/uploads\/2019\/04\/Selo-OAB-19.jpg?w=840 840w, https:\/\/i1.wp.com\/www.uepb.edu.br\/wp-content\/uploads\/2019\/04\/Selo-OAB-19.jpg?resize=300%2C162 300w, https:\/\/i1.wp.com\/www.uepb.edu.br\/wp-content\/uploads\/2019\/04\/Selo-OAB-19.jpg?resize=768%2C415 768w, https:\/\/i1.wp.com\/www.uepb.edu.br\/wp-content\/uploads\/2019\/04\/Selo-OAB-19.jpg?resize=370%2C200 370w\" sizes=\"(max-width: 840px) 100vw, 840px\" data-recalc-dims=\"1\" \/><\/figure>\n<\/li>\n<li class=\"blocks-gallery-item\">\n<figure><img decoding=\"async\" data-attachment-id=\"47624\" data-permalink=\"http:\/\/www.uepb.edu.br\/cerimonia-marca-entrega-do-selo-oab-recomenda-para-curso-de-direito-do-centro-de-ciencias-juridicas-da-uepb\/selo-oab-20\/\" data-orig-file=\"https:\/\/i2.wp.com\/www.uepb.edu.br\/wp-content\/uploads\/2019\/04\/Selo-OAB-20.jpg?fit=840%2C454\" data-orig-size=\"840,454\" data-comments-opened=\"1\" data-image-meta=\"{&quot;aperture&quot;:&quot;0&quot;,&quot;credit&quot;:&quot;PAIZINHA LEMOS&quot;,&quot;camera&quot;:&quot;&quot;,&quot;caption&quot;:&quot;&quot;,&quot;created_timestamp&quot;:&quot;0&quot;,&quot;copyright&quot;:&quot;PAIZINHA LEMOS&quot;,&quot;focal_length&quot;:&quot;0&quot;,&quot;iso&quot;:&quot;0&quot;,&quot;shutter_speed&quot;:&quot;0&quot;,&quot;title&quot;:&quot;&quot;,&quot;orientation&quot;:&quot;1&quot;}\" data-image-title=\"Selo OAB (20)\" data-image-description=\"\" data-medium-file=\"https:\/\/i2.wp.com\/www.uepb.edu.br\/wp-content\/uploads\/2019\/04\/Selo-OAB-20.jpg?fit=300%2C162\" data-large-file=\"https:\/\/i2.wp.com\/www.uepb.edu.br\/wp-content\/uploads\/2019\/04\/Selo-OAB-20.jpg?fit=840%2C454\" src=\"https:\/\/i2.wp.com\/www.uepb.edu.br\/wp-content\/uploads\/2019\/04\/Selo-OAB-20.jpg\" alt=\"\" data-id=\"47624\" data-link=\"http:\/\/www.uepb.edu.br\/?attachment_id=47624\" class=\"wp-image-47624 img-responsive img-responsive\" srcset=\"https:\/\/i2.wp.com\/www.uepb.edu.br\/wp-content\/uploads\/2019\/04\/Selo-OAB-20.jpg?w=840 840w, https:\/\/i2.wp.com\/www.uepb.edu.br\/wp-content\/uploads\/2019\/04\/Selo-OAB-20.jpg?resize=300%2C162 300w, https:\/\/i2.wp.com\/www.uepb.edu.br\/wp-content\/uploads\/2019\/04\/Selo-OAB-20.jpg?resize=768%2C415 768w, https:\/\/i2.wp.com\/www.uepb.edu.br\/wp-content\/uploads\/2019\/04\/Selo-OAB-20.jpg?resize=370%2C200 370w\" sizes=\"(max-width: 840px) 100vw, 840px\" data-recalc-dims=\"1\" \/><\/figure>\n<\/li>\n<li class=\"blocks-gallery-item\">\n<figure><img decoding=\"async\" data-attachment-id=\"47621\" data-permalink=\"http:\/\/www.uepb.edu.br\/cerimonia-marca-entrega-do-selo-oab-recomenda-para-curso-de-direito-do-centro-de-ciencias-juridicas-da-uepb\/selo-oab-17\/\" data-orig-file=\"https:\/\/i0.wp.com\/www.uepb.edu.br\/wp-content\/uploads\/2019\/04\/Selo-OAB-17.jpg?fit=840%2C454\" data-orig-size=\"840,454\" data-comments-opened=\"1\" data-image-meta=\"{&quot;aperture&quot;:&quot;0&quot;,&quot;credit&quot;:&quot;PAIZINHA LEMOS&quot;,&quot;camera&quot;:&quot;&quot;,&quot;caption&quot;:&quot;&quot;,&quot;created_timestamp&quot;:&quot;0&quot;,&quot;copyright&quot;:&quot;PAIZINHA LEMOS&quot;,&quot;focal_length&quot;:&quot;0&quot;,&quot;iso&quot;:&quot;0&quot;,&quot;shutter_speed&quot;:&quot;0&quot;,&quot;title&quot;:&quot;&quot;,&quot;orientation&quot;:&quot;1&quot;}\" data-image-title=\"Selo OAB (17)\" data-image-description=\"\" data-medium-file=\"https:\/\/i0.wp.com\/www.uepb.edu.br\/wp-content\/uploads\/2019\/04\/Selo-OAB-17.jpg?fit=300%2C162\" data-large-file=\"https:\/\/i0.wp.com\/www.uepb.edu.br\/wp-content\/uploads\/2019\/04\/Selo-OAB-17.jpg?fit=840%2C454\" src=\"https:\/\/i0.wp.com\/www.uepb.edu.br\/wp-content\/uploads\/2019\/04\/Selo-OAB-17.jpg\" alt=\"\" data-id=\"47621\" data-link=\"http:\/\/www.uepb.edu.br\/?attachment_id=47621\" class=\"wp-image-47621 img-responsive img-responsive\" srcset=\"https:\/\/i0.wp.com\/www.uepb.edu.br\/wp-content\/uploads\/2019\/04\/Selo-OAB-17.jpg?w=840 840w, https:\/\/i0.wp.com\/www.uepb.edu.br\/wp-content\/uploads\/2019\/04\/Selo-OAB-17.jpg?resize=300%2C162 300w, https:\/\/i0.wp.com\/www.uepb.edu.br\/wp-content\/uploads\/2019\/04\/Selo-OAB-17.jpg?resize=768%2C415 768w, https:\/\/i0.wp.com\/www.uepb.edu.br\/wp-content\/uploads\/2019\/04\/Selo-OAB-17.jpg?resize=370%2C200 370w\" sizes=\"(max-width: 840px) 100vw, 840px\" data-recalc-dims=\"1\" \/><\/figure>\n<\/li>\n<li class=\"blocks-gallery-item\">\n<figure><img decoding=\"async\" data-attachment-id=\"47613\" data-permalink=\"http:\/\/www.uepb.edu.br\/cerimonia-marca-entrega-do-selo-oab-recomenda-para-curso-de-direito-do-centro-de-ciencias-juridicas-da-uepb\/selo-oab-9\/\" data-orig-file=\"https:\/\/i2.wp.com\/www.uepb.edu.br\/wp-content\/uploads\/2019\/04\/Selo-OAB-9.jpg?fit=840%2C454\" data-orig-size=\"840,454\" data-comments-opened=\"1\" data-image-meta=\"{&quot;aperture&quot;:&quot;0&quot;,&quot;credit&quot;:&quot;PAIZINHA LEMOS&quot;,&quot;camera&quot;:&quot;&quot;,&quot;caption&quot;:&quot;&quot;,&quot;created_timestamp&quot;:&quot;0&quot;,&quot;copyright&quot;:&quot;PAIZINHA LEMOS&quot;,&quot;focal_length&quot;:&quot;0&quot;,&quot;iso&quot;:&quot;0&quot;,&quot;shutter_speed&quot;:&quot;0&quot;,&quot;title&quot;:&quot;&quot;,&quot;orientation&quot;:&quot;1&quot;}\" data-image-title=\"Selo OAB (9)\" data-image-description=\"\" data-medium-file=\"https:\/\/i2.wp.com\/www.uepb.edu.br\/wp-content\/uploads\/2019\/04\/Selo-OAB-9.jpg?fit=300%2C162\" data-large-file=\"https:\/\/i2.wp.com\/www.uepb.edu.br\/wp-content\/uploads\/2019\/04\/Selo-OAB-9.jpg?fit=840%2C454\" src=\"https:\/\/i2.wp.com\/www.uepb.edu.br\/wp-content\/uploads\/2019\/04\/Selo-OAB-9.jpg\" alt=\"\" data-id=\"47613\" data-link=\"http:\/\/www.uepb.edu.br\/?attachment_id=47613\" class=\"wp-image-47613 img-responsive img-responsive\" srcset=\"https:\/\/i2.wp.com\/www.uepb.edu.br\/wp-content\/uploads\/2019\/04\/Selo-OAB-9.jpg?w=840 840w, https:\/\/i2.wp.com\/www.uepb.edu.br\/wp-content\/uploads\/2019\/04\/Selo-OAB-9.jpg?resize=300%2C162 300w, https:\/\/i2.wp.com\/www.uepb.edu.br\/wp-content\/uploads\/2019\/04\/Selo-OAB-9.jpg?resize=768%2C415 768w, https:\/\/i2.wp.com\/www.uepb.edu.br\/wp-content\/uploads\/2019\/04\/Selo-OAB-9.jpg?resize=370%2C200 370w\" sizes=\"(max-width: 840px) 100vw, 840px\" data-recalc-dims=\"1\" \/><\/figure>\n<\/li>\n<\/ul>\n<p>O recebimento do selo foi celebrado pelo corpo docente de Direito, atrav\u00e9s do diretor do Centro de Ci\u00eancias Jur\u00eddicas da UEPB, professor Laplace Guedes, que ressaltou a consolida\u00e7\u00e3o do curso como um dos que possuem refer\u00eancia em todo o Pa\u00eds. \u201cIsto representa a consolida\u00e7\u00e3o do curso por sua qualidade, como tamb\u00e9m o reconhecimento de uma institui\u00e7\u00e3o estranha \u00e0 academia, que julga nosso curso como refer\u00eancia no Pa\u00eds dentre os que receberam o selo. Na Para\u00edba, apenas tr\u00eas cursos receberam o OAB Recomenda, o que com muito gosto e prazer n\u00f3s recebemos das m\u00e3os do presidente da Ordem aqui na Para\u00edba\u201d, afirmou o diretor do CCJ.<\/p>\n<p>Tamb\u00e9m participaram da solenidade de entrega do Selo OAB Recomenda o presidente da OAB Subse\u00e7\u00e3o Campina Grande, Jairo Oliveria; o conselheiro federal da OAB, Harrison Targino; o presidente do SINTESPB, Fernando Borges; e o presidente do Centro Acad\u00eamico Sobral Pinto, o estudante Lucyen Christyen.<\/p>\n<p><strong>Aula inaugural do curso de extens\u00e3o sobre Processo Judicial Eletr\u00f4nico<\/strong><\/p>\n<ul data-carousel-extra='{\"blog_id\":1,\"permalink\":\"http:\\\/\\\/www.uepb.edu.br\\\/cerimonia-marca-entrega-do-selo-oab-recomenda-para-curso-de-direito-do-centro-de-ciencias-juridicas-da-uepb\\\/\"}' class=\"wp-block-gallery columns-2 is-cropped\">\n<li class=\"blocks-gallery-item\">\n<figure><img decoding=\"async\" data-attachment-id=\"47617\" data-permalink=\"http:\/\/www.uepb.edu.br\/cerimonia-marca-entrega-do-selo-oab-recomenda-para-curso-de-direito-do-centro-de-ciencias-juridicas-da-uepb\/selo-oab-13\/\" data-orig-file=\"https:\/\/i1.wp.com\/www.uepb.edu.br\/wp-content\/uploads\/2019\/04\/Selo-OAB-13.jpg?fit=840%2C454\" data-orig-size=\"840,454\" data-comments-opened=\"1\" data-image-meta=\"{&quot;aperture&quot;:&quot;0&quot;,&quot;credit&quot;:&quot;PAIZINHA LEMOS&quot;,&quot;camera&quot;:&quot;&quot;,&quot;caption&quot;:&quot;&quot;,&quot;created_timestamp&quot;:&quot;0&quot;,&quot;copyright&quot;:&quot;PAIZINHA LEMOS&quot;,&quot;focal_length&quot;:&quot;0&quot;,&quot;iso&quot;:&quot;0&quot;,&quot;shutter_speed&quot;:&quot;0&quot;,&quot;title&quot;:&quot;&quot;,&quot;orientation&quot;:&quot;1&quot;}\" data-image-title=\"Selo OAB (13)\" data-image-description=\"\" data-medium-file=\"https:\/\/i1.wp.com\/www.uepb.edu.br\/wp-content\/uploads\/2019\/04\/Selo-OAB-13.jpg?fit=300%2C162\" data-large-file=\"https:\/\/i1.wp.com\/www.uepb.edu.br\/wp-content\/uploads\/2019\/04\/Selo-OAB-13.jpg?fit=840%2C454\" src=\"https:\/\/i1.wp.com\/www.uepb.edu.br\/wp-content\/uploads\/2019\/04\/Selo-OAB-13.jpg\" alt=\"\" data-id=\"47617\" data-link=\"http:\/\/www.uepb.edu.br\/?attachment_id=47617\" class=\"wp-image-47617 img-responsive img-responsive\" srcset=\"https:\/\/i1.wp.com\/www.uepb.edu.br\/wp-content\/uploads\/2019\/04\/Selo-OAB-13.jpg?w=840 840w, https:\/\/i1.wp.com\/www.uepb.edu.br\/wp-content\/uploads\/2019\/04\/Selo-OAB-13.jpg?resize=300%2C162 300w, https:\/\/i1.wp.com\/www.uepb.edu.br\/wp-content\/uploads\/2019\/04\/Selo-OAB-13.jpg?resize=768%2C415 768w, https:\/\/i1.wp.com\/www.uepb.edu.br\/wp-content\/uploads\/2019\/04\/Selo-OAB-13.jpg?resize=370%2C200 370w\" sizes=\"(max-width: 840px) 100vw, 840px\" data-recalc-dims=\"1\" \/><\/figure>\n<\/li>\n<li class=\"blocks-gallery-item\">\n<figure><img decoding=\"async\" data-attachment-id=\"47614\" data-permalink=\"http:\/\/www.uepb.edu.br\/cerimonia-marca-entrega-do-selo-oab-recomenda-para-curso-de-direito-do-centro-de-ciencias-juridicas-da-uepb\/selo-oab-10\/\" data-orig-file=\"https:\/\/i1.wp.com\/www.uepb.edu.br\/wp-content\/uploads\/2019\/04\/Selo-OAB-10.jpg?fit=840%2C454\" data-orig-size=\"840,454\" data-comments-opened=\"1\" data-image-meta=\"{&quot;aperture&quot;:&quot;0&quot;,&quot;credit&quot;:&quot;PAIZINHA LEMOS&quot;,&quot;camera&quot;:&quot;&quot;,&quot;caption&quot;:&quot;&quot;,&quot;created_timestamp&quot;:&quot;0&quot;,&quot;copyright&quot;:&quot;PAIZINHA LEMOS&quot;,&quot;focal_length&quot;:&quot;0&quot;,&quot;iso&quot;:&quot;0&quot;,&quot;shutter_speed&quot;:&quot;0&quot;,&quot;title&quot;:&quot;&quot;,&quot;orientation&quot;:&quot;1&quot;}\" data-image-title=\"Selo OAB (10)\" data-image-description=\"\" data-medium-file=\"https:\/\/i1.wp.com\/www.uepb.edu.br\/wp-content\/uploads\/2019\/04\/Selo-OAB-10.jpg?fit=300%2C162\" data-large-file=\"https:\/\/i1.wp.com\/www.uepb.edu.br\/wp-content\/uploads\/2019\/04\/Selo-OAB-10.jpg?fit=840%2C454\" src=\"https:\/\/i1.wp.com\/www.uepb.edu.br\/wp-content\/uploads\/2019\/04\/Selo-OAB-10.jpg\" alt=\"\" data-id=\"47614\" data-link=\"http:\/\/www.uepb.edu.br\/?attachment_id=47614\" class=\"wp-image-47614 img-responsive img-responsive\" srcset=\"https:\/\/i1.wp.com\/www.uepb.edu.br\/wp-content\/uploads\/2019\/04\/Selo-OAB-10.jpg?w=840 840w, https:\/\/i1.wp.com\/www.uepb.edu.br\/wp-content\/uploads\/2019\/04\/Selo-OAB-10.jpg?resize=300%2C162 300w, https:\/\/i1.wp.com\/www.uepb.edu.br\/wp-content\/uploads\/2019\/04\/Selo-OAB-10.jpg?resize=768%2C415 768w, https:\/\/i1.wp.com\/www.uepb.edu.br\/wp-content\/uploads\/2019\/04\/Selo-OAB-10.jpg?resize=370%2C200 370w\" sizes=\"(max-width: 840px) 100vw, 840px\" data-recalc-dims=\"1\" \/><\/figure>\n<\/li>\n<li class=\"blocks-gallery-item\">\n<figure><img decoding=\"async\" data-attachment-id=\"47611\" data-permalink=\"http:\/\/www.uepb.edu.br\/cerimonia-marca-entrega-do-selo-oab-recomenda-para-curso-de-direito-do-centro-de-ciencias-juridicas-da-uepb\/selo-oab-7\/\" data-orig-file=\"https:\/\/i1.wp.com\/www.uepb.edu.br\/wp-content\/uploads\/2019\/04\/Selo-OAB-7.jpg?fit=840%2C454\" data-orig-size=\"840,454\" data-comments-opened=\"1\" data-image-meta=\"{&quot;aperture&quot;:&quot;4&quot;,&quot;credit&quot;:&quot;&quot;,&quot;camera&quot;:&quot;NIKON D90&quot;,&quot;caption&quot;:&quot;&quot;,&quot;created_timestamp&quot;:&quot;1554221426&quot;,&quot;copyright&quot;:&quot;&quot;,&quot;focal_length&quot;:&quot;26&quot;,&quot;iso&quot;:&quot;400&quot;,&quot;shutter_speed&quot;:&quot;0.0166666666667&quot;,&quot;title&quot;:&quot;&quot;,&quot;orientation&quot;:&quot;1&quot;}\" data-image-title=\"Selo OAB (7)\" data-image-description=\"\" data-medium-file=\"https:\/\/i1.wp.com\/www.uepb.edu.br\/wp-content\/uploads\/2019\/04\/Selo-OAB-7.jpg?fit=300%2C162\" data-large-file=\"https:\/\/i1.wp.com\/www.uepb.edu.br\/wp-content\/uploads\/2019\/04\/Selo-OAB-7.jpg?fit=840%2C454\" src=\"https:\/\/i1.wp.com\/www.uepb.edu.br\/wp-content\/uploads\/2019\/04\/Selo-OAB-7.jpg\" alt=\"\" data-id=\"47611\" data-link=\"http:\/\/www.uepb.edu.br\/?attachment_id=47611\" class=\"wp-image-47611 img-responsive img-responsive\" srcset=\"https:\/\/i1.wp.com\/www.uepb.edu.br\/wp-content\/uploads\/2019\/04\/Selo-OAB-7.jpg?w=840 840w, https:\/\/i1.wp.com\/www.uepb.edu.br\/wp-content\/uploads\/2019\/04\/Selo-OAB-7.jpg?resize=300%2C162 300w, https:\/\/i1.wp.com\/www.uepb.edu.br\/wp-content\/uploads\/2019\/04\/Selo-OAB-7.jpg?resize=768%2C415 768w, https:\/\/i1.wp.com\/www.uepb.edu.br\/wp-content\/uploads\/2019\/04\/Selo-OAB-7.jpg?resize=370%2C200 370w\" sizes=\"(max-width: 840px) 100vw, 840px\" data-recalc-dims=\"1\" \/><\/figure>\n<\/li>\n<\/ul>\n<p>Junto ao momento de celebra\u00e7\u00e3o pelo recebimento do Selo OAB Recomenda pelo curso de Direito, foi iniciado, ap\u00f3s a solenidade de entrega da chancela, o curso de extens\u00e3o sobre Processo Judicial Eletr\u00f4nico (PJE). A aula inaugural foi proferida pelo professor do CCJ e coordenador de Rela\u00e7\u00f5es Internacionais da UEPB, Cl\u00e1udio Lucena, que abordou assuntos relacionados \u00e0 implanta\u00e7\u00e3o do Processo Judicial Eletr\u00f4nico no Brasil, ato que tem levado operadores do Direito a discutir quest\u00f5es ligadas \u00e0 intera\u00e7\u00e3o entre o Direito e a Inform\u00e1tica.<\/p>\n<p>Durante esta primeira aula, os alunos matriculados tiveram acesso a conte\u00fados como atos processuais eletr\u00f4nicos, habilidades necess\u00e1rias em um ambiente jur\u00eddico no qual a tecnologia tem papel fundamental, bem como abordagens em quesitos inseridos em contextos de inova\u00e7\u00e3o, educa\u00e7\u00e3o, t\u00e9cnica e \u00e9tica profissional. Professor Cl\u00e1udio explicou como as pesquisas nessa \u00e1rea inovadora apareceram, bem como destacou a necessidade das institui\u00e7\u00f5es do Direito incorporarem a vis\u00e3o digital da atualidade.<\/p>\n<p>Durante todo este curso de extens\u00e3o ser\u00e3o tratados assuntos como \u201cProcedimentos preliminares\u201d, \u201cPlataformas\u201d, \u201cDetalhando o PJE\u201d, \u201cReflexos e recomenda\u00e7\u00f5es do PJE\u201d, \u201cPJE no Brasil\u201d, \u201cPJE na Para\u00edba\u201d, \u201cPr\u00f3s e contras do PJE\u201d, \u201cComo acessar a p\u00e1gina do PJE\u201d, entre outros.<\/p>\n<p><em><strong>Texto:<\/strong> Givaldo Cavalcanti<br \/> <strong>Fotos:<\/strong> Paizinha Lemos e Tatiana Brand\u00e3o<\/em><\/p>\n<p>O post <a rel=\"nofollow\" href=\"http:\/\/www.uepb.edu.br\/cerimonia-marca-entrega-do-selo-oab-recomenda-para-curso-de-direito-do-centro-de-ciencias-juridicas-da-uepb\/\">Cerim\u00f4nia marca entrega do Selo OAB Recomenda para Curso de Direito do Centro de Ci\u00eancias Jur\u00eddicas da UEPB<\/a> apareceu primeiro em <a rel=\"nofollow\" href=\"http:\/\/www.uepb.edu.br\/\">UEPB<\/a>.<\/p>\n","protected":false},"excerpt":{"rendered":"<p>Os excelentes resultados atingidos nos &uacute;ltimos anos pelos alunos do curso de Direito da Universidade Estadual da Para&iacute;ba (UEPB), no que diz respeito aos &iacute;ndices alcan&ccedil;ados no Exame de Ordem Unificado da Ordem dos Advogados do Brasil (OAB) e na avalia&ccedil;&atilde;o no Exame Nacional de Desempenho de Estudantes (Enade), credenciaram o Centro de Ci&ecirc;ncias Jur&iacute;dicas <a href=\"http:\/\/www.uepb.edu.br\/cerimonia-marca-entrega-do-selo-oab-recomenda-para-curso-de-direito-do-centro-de-ciencias-juridicas-da-uepb\/\">Leia Mais&#8230;<\/a><\/p>\n<p>O post <a rel=\"nofollow\" href=\"http:\/\/www.uepb.edu.br\/cerimonia-marca-entrega-do-selo-oab-recomenda-para-curso-de-direito-do-centro-de-ciencias-juridicas-da-uepb\/\">Cerim&ocirc;nia marca entrega do Selo OAB Recomenda para Curso de Direito do Centro de Ci&ecirc;ncias Jur&iacute;dicas da UEPB<\/a> apareceu primeiro em <a rel=\"nofollow\" href=\"http:\/\/www.uepb.edu.br\/\">UEPB<\/a>.<\/p>\n","protected":false},"author":25,"featured_media":0,"comment_status":"closed","ping_status":"closed","sticky":false,"template":"","format":"standard","meta":{"jetpack_post_was_ever_published":false,"_jetpack_newsletter_access":"","_jetpack_dont_email_post_to_subs":false,"_jetpack_newsletter_tier_id":0,"_jetpack_memberships_contains_paywalled_content":false,"_jetpack_memberships_contains_paid_content":false,"footnotes":"","jetpack_publicize_message":"","jetpack_publicize_feature_enabled":true,"jetpack_social_post_already_shared":true,"jetpack_social_options":{"image_generator_settings":{"template":"highway","default_image_id":0,"font":"","enabled":false},"version":2}},"categories":[10,4,13],"tags":[],"class_list":["post-684","post","type-post","status-publish","format-standard","hentry","category-ccj","category-noticias","category-noticias-destaque-img"],"jetpack_publicize_connections":[],"jetpack_featured_media_url":"","jetpack_sharing_enabled":true,"jetpack_shortlink":"https:\/\/wp.me\/p7WTDo-b2","_links":{"self":[{"href":"https:\/\/centros.uepb.edu.br\/ccj\/wp-json\/wp\/v2\/posts\/684","targetHints":{"allow":["GET"]}}],"collection":[{"href":"https:\/\/centros.uepb.edu.br\/ccj\/wp-json\/wp\/v2\/posts"}],"about":[{"href":"https:\/\/centros.uepb.edu.br\/ccj\/wp-json\/wp\/v2\/types\/post"}],"author":[{"embeddable":true,"href":"https:\/\/centros.uepb.edu.br\/ccj\/wp-json\/wp\/v2\/users\/25"}],"replies":[{"embeddable":true,"href":"https:\/\/centros.uepb.edu.br\/ccj\/wp-json\/wp\/v2\/comments?post=684"}],"version-history":[{"count":0,"href":"https:\/\/centros.uepb.edu.br\/ccj\/wp-json\/wp\/v2\/posts\/684\/revisions"}],"wp:attachment":[{"href":"https:\/\/centros.uepb.edu.br\/ccj\/wp-json\/wp\/v2\/media?parent=684"}],"wp:term":[{"taxonomy":"category","embeddable":true,"href":"https:\/\/centros.uepb.edu.br\/ccj\/wp-json\/wp\/v2\/categories?post=684"},{"taxonomy":"post_tag","embeddable":true,"href":"https:\/\/centros.uepb.edu.br\/ccj\/wp-json\/wp\/v2\/tags?post=684"}],"curies":[{"name":"wp","href":"https:\/\/api.w.org\/{rel}","templated":true}]}}