{"id":682,"date":"2019-03-28T17:16:15","date_gmt":"2019-03-28T20:16:15","guid":{"rendered":"http:\/\/www.uepb.edu.br\/?p=47474"},"modified":"2019-03-28T17:16:15","modified_gmt":"2019-03-28T20:16:15","slug":"conselho-universitario-aprova-mudancas-na-estrutura-administrativa-do-centro-de-ciencias-juridicas-da-uepb","status":"publish","type":"post","link":"https:\/\/centros.uepb.edu.br\/ccj\/conselho-universitario-aprova-mudancas-na-estrutura-administrativa-do-centro-de-ciencias-juridicas-da-uepb\/","title":{"rendered":"Conselho Universit\u00e1rio aprova mudan\u00e7as na estrutura administrativa do Centro de Ci\u00eancias Jur\u00eddicas da UEPB"},"content":{"rendered":"<figure class=\"wp-block-image\"><img decoding=\"async\" data-attachment-id=\"47475\" data-permalink=\"http:\/\/www.uepb.edu.br\/conselho-universitario-aprova-mudancas-na-estrutura-administrativa-do-centro-de-ciencias-juridicas-da-uepb\/reuniao-extraordinaria-do-consuni-1\/\" data-orig-file=\"https:\/\/i1.wp.com\/www.uepb.edu.br\/wp-content\/uploads\/2019\/03\/Reuni\u00e3o-extraordin\u00e1ria-do-Consuni-1.jpg?fit=840%2C454\" data-orig-size=\"840,454\" data-comments-opened=\"1\" data-image-meta=\"{&quot;aperture&quot;:&quot;4&quot;,&quot;credit&quot;:&quot;&quot;,&quot;camera&quot;:&quot;NIKON D90&quot;,&quot;caption&quot;:&quot;&quot;,&quot;created_timestamp&quot;:&quot;1553682833&quot;,&quot;copyright&quot;:&quot;&quot;,&quot;focal_length&quot;:&quot;28&quot;,&quot;iso&quot;:&quot;400&quot;,&quot;shutter_speed&quot;:&quot;0.0166666666667&quot;,&quot;title&quot;:&quot;&quot;,&quot;orientation&quot;:&quot;1&quot;}\" data-image-title=\"Reuni\u00e3o extraordin\u00e1ria do Consuni (1)\" data-image-description=\"\" data-medium-file=\"https:\/\/i1.wp.com\/www.uepb.edu.br\/wp-content\/uploads\/2019\/03\/Reuni\u00e3o-extraordin\u00e1ria-do-Consuni-1.jpg?fit=300%2C162\" data-large-file=\"https:\/\/i1.wp.com\/www.uepb.edu.br\/wp-content\/uploads\/2019\/03\/Reuni\u00e3o-extraordin\u00e1ria-do-Consuni-1.jpg?fit=840%2C454\" src=\"https:\/\/i1.wp.com\/www.uepb.edu.br\/wp-content\/uploads\/2019\/03\/Reuni%C3%A3o-extraordin%C3%A1ria-do-Consuni-1.jpg\" alt=\"\" class=\"wp-image-47475 img-responsive img-responsive\" srcset=\"https:\/\/i1.wp.com\/www.uepb.edu.br\/wp-content\/uploads\/2019\/03\/Reuni\u00e3o-extraordin\u00e1ria-do-Consuni-1.jpg?w=840 840w, https:\/\/i1.wp.com\/www.uepb.edu.br\/wp-content\/uploads\/2019\/03\/Reuni\u00e3o-extraordin\u00e1ria-do-Consuni-1.jpg?resize=300%2C162 300w, https:\/\/i1.wp.com\/www.uepb.edu.br\/wp-content\/uploads\/2019\/03\/Reuni\u00e3o-extraordin\u00e1ria-do-Consuni-1.jpg?resize=768%2C415 768w, https:\/\/i1.wp.com\/www.uepb.edu.br\/wp-content\/uploads\/2019\/03\/Reuni\u00e3o-extraordin\u00e1ria-do-Consuni-1.jpg?resize=370%2C200 370w\" sizes=\"(max-width: 840px) 100vw, 840px\" data-recalc-dims=\"1\" \/><\/figure>\n<p>Em reuni\u00e3o extraordin\u00e1ria realizada nesta quinta-feira (21), no Audit\u00f3rio da Biblioteca Central da Universidade Estadual da Para\u00edba (UEPB), no C\u00e2mpus de Bodocong\u00f3, em Campina Grande, o Conselho Universit\u00e1rio (Consuni) aprovou por maioria a proposta para executar algumas reformas na estrutura e no funcionamento do Centro de Ci\u00eancias Jur\u00eddicas (CCJ) da Institui\u00e7\u00e3o, tendo em vista a racionalidade administrativa.<\/p>\n<p>Com a mudan\u00e7a aprovada, foram extintos os departamentos de Direito P\u00fablico e de Direito Privado do CCJ e, agora, a estrutura passa a contar com a Dire\u00e7\u00e3o do Centro, composta por diretor(a) e diretor(a) adjunto(a), e uma Coordena\u00e7\u00e3o de Curso, composta por coordenador(a) e coordenador(a) adjunto(a). Al\u00e9m disso, integram a nova estrutura o Colegiado do Curso; Comiss\u00f5es de \u00c1rea; Comiss\u00e3o de Planejamento e Avalia\u00e7\u00e3o; Comiss\u00e3o de Ensino, Pesquisa e Extens\u00e3o; Secretaria Acad\u00eamica e N\u00facleo Docente Estruturante (NDE). <\/p>\n<p>De acordo com o relator, professor Luciano Albino, um \u201cCentro Universit\u00e1rio\u201d se refere a uma \u00e1rea plural, que acomoda diversos cursos, o que n\u00e3o ocorre no CCJ, que comporta apenas o curso de Direito e, desta forma, n\u00e3o havia sentido manter departamentos em sua estrutura. Ele destacou que, atualmente, o Curso de Direito do C\u00e2mpus I \u00e9 o que det\u00e9m maior n\u00famero de professores efetivos (42) \u2013 a maioria com doutorado, espa\u00e7o f\u00edsico com quase nove mil metros quadrados, grande n\u00famero de alunos matriculados e uma infraestrutura bastante consider\u00e1vel.<\/p>\n<p>\u201cTrata-se de uma realidade \u00fanica em rela\u00e7\u00e3o aos outros cursos da Universidade, com viabilidade de corpo t\u00e9cnico, professores qualificados e condi\u00e7\u00f5es de consolidar, inclusive, uma p\u00f3s-gradua\u00e7\u00e3o Stricto Sensu. Nesta nova configura\u00e7\u00e3o, estruturado a partir de uma Dire\u00e7\u00e3o e Coordena\u00e7\u00e3o, o curso ter\u00e1 meios burocr\u00e1ticos mais eficazes para sua organiza\u00e7\u00e3o\u201d, destacou professor Luciano Albino.<\/p>\n<p><em><strong>Texto:<\/strong> Giuliana Rodrigues<br \/> <strong>Foto:<\/strong> Thayse Ara\u00fajo (Estagi\u00e1ria)<\/em><\/p>\n<p>O post <a rel=\"nofollow\" href=\"http:\/\/www.uepb.edu.br\/conselho-universitario-aprova-mudancas-na-estrutura-administrativa-do-centro-de-ciencias-juridicas-da-uepb\/\">Conselho Universit\u00e1rio aprova mudan\u00e7as na estrutura administrativa do Centro de Ci\u00eancias Jur\u00eddicas da UEPB<\/a> apareceu primeiro em <a rel=\"nofollow\" href=\"http:\/\/www.uepb.edu.br\/\">UEPB<\/a>.<\/p>\n","protected":false},"excerpt":{"rendered":"<p>Em reuni&atilde;o extraordin&aacute;ria realizada nesta quinta-feira (21), no Audit&oacute;rio da Biblioteca Central da Universidade Estadual da Para&iacute;ba (UEPB), no C&acirc;mpus de Bodocong&oacute;, em Campina Grande, o Conselho Universit&aacute;rio (Consuni) aprovou por maioria a proposta para executar algumas reformas na estrutura e no funcionamento do Centro de Ci&ecirc;ncias Jur&iacute;dicas (CCJ) da Institui&ccedil;&atilde;o, tendo em vista a <a href=\"http:\/\/www.uepb.edu.br\/conselho-universitario-aprova-mudancas-na-estrutura-administrativa-do-centro-de-ciencias-juridicas-da-uepb\/\">Leia Mais&#8230;<\/a><\/p>\n<p>O post <a rel=\"nofollow\" href=\"http:\/\/www.uepb.edu.br\/conselho-universitario-aprova-mudancas-na-estrutura-administrativa-do-centro-de-ciencias-juridicas-da-uepb\/\">Conselho Universit&aacute;rio aprova mudan&ccedil;as na estrutura administrativa do Centro de Ci&ecirc;ncias Jur&iacute;dicas da UEPB<\/a> apareceu primeiro em <a rel=\"nofollow\" href=\"http:\/\/www.uepb.edu.br\/\">UEPB<\/a>.<\/p>\n","protected":false},"author":25,"featured_media":0,"comment_status":"closed","ping_status":"closed","sticky":false,"template":"","format":"standard","meta":{"jetpack_post_was_ever_published":false,"_jetpack_newsletter_access":"","_jetpack_dont_email_post_to_subs":false,"_jetpack_newsletter_tier_id":0,"_jetpack_memberships_contains_paywalled_content":false,"_jetpack_memberships_contains_paid_content":false,"footnotes":"","jetpack_publicize_message":"","jetpack_publicize_feature_enabled":true,"jetpack_social_post_already_shared":true,"jetpack_social_options":{"image_generator_settings":{"template":"highway","default_image_id":0,"font":"","enabled":false},"version":2}},"categories":[10,4,13],"tags":[],"class_list":["post-682","post","type-post","status-publish","format-standard","hentry","category-ccj","category-noticias","category-noticias-destaque-img"],"jetpack_publicize_connections":[],"jetpack_featured_media_url":"","jetpack_sharing_enabled":true,"jetpack_shortlink":"https:\/\/wp.me\/p7WTDo-b0","_links":{"self":[{"href":"https:\/\/centros.uepb.edu.br\/ccj\/wp-json\/wp\/v2\/posts\/682","targetHints":{"allow":["GET"]}}],"collection":[{"href":"https:\/\/centros.uepb.edu.br\/ccj\/wp-json\/wp\/v2\/posts"}],"about":[{"href":"https:\/\/centros.uepb.edu.br\/ccj\/wp-json\/wp\/v2\/types\/post"}],"author":[{"embeddable":true,"href":"https:\/\/centros.uepb.edu.br\/ccj\/wp-json\/wp\/v2\/users\/25"}],"replies":[{"embeddable":true,"href":"https:\/\/centros.uepb.edu.br\/ccj\/wp-json\/wp\/v2\/comments?post=682"}],"version-history":[{"count":0,"href":"https:\/\/centros.uepb.edu.br\/ccj\/wp-json\/wp\/v2\/posts\/682\/revisions"}],"wp:attachment":[{"href":"https:\/\/centros.uepb.edu.br\/ccj\/wp-json\/wp\/v2\/media?parent=682"}],"wp:term":[{"taxonomy":"category","embeddable":true,"href":"https:\/\/centros.uepb.edu.br\/ccj\/wp-json\/wp\/v2\/categories?post=682"},{"taxonomy":"post_tag","embeddable":true,"href":"https:\/\/centros.uepb.edu.br\/ccj\/wp-json\/wp\/v2\/tags?post=682"}],"curies":[{"name":"wp","href":"https:\/\/api.w.org\/{rel}","templated":true}]}}