{"id":664,"date":"2019-02-28T11:14:18","date_gmt":"2019-02-28T14:14:18","guid":{"rendered":"http:\/\/www.uepb.edu.br\/?p=46755"},"modified":"2019-02-28T11:14:18","modified_gmt":"2019-02-28T14:14:18","slug":"uepb-promove-3o-coloquio-mulher-em-foco-com-debates-sobre-representacao-assedio-e-crimes-sexuais","status":"publish","type":"post","link":"https:\/\/centros.uepb.edu.br\/ccj\/uepb-promove-3o-coloquio-mulher-em-foco-com-debates-sobre-representacao-assedio-e-crimes-sexuais\/","title":{"rendered":"UEPB promove 3\u00ba Col\u00f3quio Mulher em Foco com debates sobre representa\u00e7\u00e3o, ass\u00e9dio e crimes sexuais"},"content":{"rendered":"<p>A Universidade Estadual da Para\u00edba (UEPB) promove, de 11 a 15 de mar\u00e7o, a 3\u00aa edi\u00e7\u00e3o do Col\u00f3quio Mulher em Foco para intensificar as reflex\u00f5es acerca do Dia Internacional da Mulher. Atrav\u00e9s do Centro Acad\u00eamico Sobral Pinto, o Centro de Ci\u00eancias Jur\u00eddicas (CCJ) da Institui\u00e7\u00e3o receber\u00e1 alunos, professores, profissionais do Direito e a comunidade em geral para uma s\u00e9rie de debates com quest\u00f5es relevantes sobre a representa\u00e7\u00e3o feminina, ass\u00e9dio, racismo, crimes sexuais e outros temas importantes. Ser\u00e3o realizadas palestras e um minicurso nos turnos da manh\u00e3, tarde e noite, sempre no Audit\u00f3rio do CCJ.<\/p>\n<p>Para participar \u00e9 preciso realizar uma inscri\u00e7\u00e3o pr\u00e9via atrav\u00e9s do link http:\/\/bit.ly\/iiimulheremfoco, al\u00e9m de entregar, no primeiro dia do evento, dois quilos de alimentos n\u00e3o perec\u00edveis ou dois itens de higiene pessoal que ser\u00e3o doados a uma casa que acolhe mulheres v\u00edtimas de viol\u00eancia dom\u00e9stica. O evento tem carga de 12 horas\/aula, sendo 10 horas para os participantes das palestras e duas para o minicurso. A abertura ser\u00e1 com a palestra \u201cAs perspectivas da viol\u00eancia dom\u00e9stica frente a flexibiliza\u00e7\u00e3o da posse de armas\u201d, com as participa\u00e7\u00f5es da advogada Marli Castelo Branco e a delegada Ma\u00edsa F\u00e9lix.<\/p>\n<p>As atividades contam, ainda com a palestra \u201cAss\u00e9dio e racismo no ambiente acad\u00eamico\u201d, com J\u00f4 Oliveira, Leonara Marinho e Lucira Freire; \u201cReflexos da dupla jornada feminina e amadurecimento precoce\u201d, com a psic\u00f3loga Emily Gai\u00e3o. Haver\u00e1 tamb\u00e9m uma apresenta\u00e7\u00e3o da Frente de Mulheres da UEPB, o debate do tema \u201cRepresenta\u00e7\u00e3o Pol\u00edtica da Mulher\u201d, com a vereadora Sandra Marrocos, o minicurso \u201cLei Carolina Dieckmann e Revenge Porn\u201d, com a professora Ana Alice Ramos Tejo, e a palestra \u201cCrimes contra a dignidade sexual da mulher\u201d, a ser ministrada pela advogada Katiele Marques.<\/p>\n<figure class=\"wp-block-image\"><img decoding=\"async\" data-attachment-id=\"46756\" data-permalink=\"http:\/\/www.uepb.edu.br\/uepb-promove-3o-coloquio-mulher-em-foco-com-debates-sobre-representacao-assedio-e-crimes-sexuais\/mulher-em-foco-programacao\/\" data-orig-file=\"https:\/\/i2.wp.com\/www.uepb.edu.br\/wp-content\/uploads\/2019\/02\/Mulher-em-Foco-Programa\u00e7\u00e3o.jpg?fit=1280%2C1280\" data-orig-size=\"1280,1280\" data-comments-opened=\"1\" data-image-meta=\"{&quot;aperture&quot;:&quot;0&quot;,&quot;credit&quot;:&quot;&quot;,&quot;camera&quot;:&quot;&quot;,&quot;caption&quot;:&quot;&quot;,&quot;created_timestamp&quot;:&quot;0&quot;,&quot;copyright&quot;:&quot;&quot;,&quot;focal_length&quot;:&quot;0&quot;,&quot;iso&quot;:&quot;0&quot;,&quot;shutter_speed&quot;:&quot;0&quot;,&quot;title&quot;:&quot;&quot;,&quot;orientation&quot;:&quot;1&quot;}\" data-image-title=\"Mulher em Foco &#8211; Programa\u00e7\u00e3o\" data-image-description=\"\" data-medium-file=\"https:\/\/i2.wp.com\/www.uepb.edu.br\/wp-content\/uploads\/2019\/02\/Mulher-em-Foco-Programa\u00e7\u00e3o.jpg?fit=300%2C300\" data-large-file=\"https:\/\/i2.wp.com\/www.uepb.edu.br\/wp-content\/uploads\/2019\/02\/Mulher-em-Foco-Programa\u00e7\u00e3o.jpg?fit=1024%2C1024\" src=\"https:\/\/i2.wp.com\/www.uepb.edu.br\/wp-content\/uploads\/2019\/02\/Mulher-em-Foco-Programa%C3%A7%C3%A3o.jpg?fit=1024%2C1024\" alt=\"\" class=\"wp-image-46756 img-responsive img-responsive\" srcset=\"https:\/\/i2.wp.com\/www.uepb.edu.br\/wp-content\/uploads\/2019\/02\/Mulher-em-Foco-Programa\u00e7\u00e3o.jpg?w=1280 1280w, https:\/\/i2.wp.com\/www.uepb.edu.br\/wp-content\/uploads\/2019\/02\/Mulher-em-Foco-Programa\u00e7\u00e3o.jpg?resize=150%2C150 150w, https:\/\/i2.wp.com\/www.uepb.edu.br\/wp-content\/uploads\/2019\/02\/Mulher-em-Foco-Programa\u00e7\u00e3o.jpg?resize=300%2C300 300w, https:\/\/i2.wp.com\/www.uepb.edu.br\/wp-content\/uploads\/2019\/02\/Mulher-em-Foco-Programa\u00e7\u00e3o.jpg?resize=768%2C768 768w, https:\/\/i2.wp.com\/www.uepb.edu.br\/wp-content\/uploads\/2019\/02\/Mulher-em-Foco-Programa\u00e7\u00e3o.jpg?resize=1024%2C1024 1024w, https:\/\/i2.wp.com\/www.uepb.edu.br\/wp-content\/uploads\/2019\/02\/Mulher-em-Foco-Programa\u00e7\u00e3o.jpg?resize=370%2C370 370w, https:\/\/i2.wp.com\/www.uepb.edu.br\/wp-content\/uploads\/2019\/02\/Mulher-em-Foco-Programa\u00e7\u00e3o.jpg?resize=840%2C840 840w\" sizes=\"(max-width: 1000px) 100vw, 1000px\" \/><\/figure>\n<p><em><strong>Texto: <\/strong>Givaldo Cavalcanti<\/em><\/p>\n<p>O post <a rel=\"nofollow\" href=\"http:\/\/www.uepb.edu.br\/uepb-promove-3o-coloquio-mulher-em-foco-com-debates-sobre-representacao-assedio-e-crimes-sexuais\/\">UEPB promove 3\u00ba Col\u00f3quio Mulher em Foco com debates sobre representa\u00e7\u00e3o, ass\u00e9dio e crimes sexuais<\/a> apareceu primeiro em <a rel=\"nofollow\" href=\"http:\/\/www.uepb.edu.br\/\">UEPB<\/a>.<\/p>\n","protected":false},"excerpt":{"rendered":"<p>A Universidade Estadual da Para&iacute;ba (UEPB) promove, de 11 a 15 de mar&ccedil;o, a 3&ordf; edi&ccedil;&atilde;o do Col&oacute;quio Mulher em Foco para intensificar as reflex&otilde;es acerca do Dia Internacional da Mulher. Atrav&eacute;s do Centro Acad&ecirc;mico Sobral Pinto, o Centro de Ci&ecirc;ncias Jur&iacute;dicas (CCJ) da Institui&ccedil;&atilde;o receber&aacute; alunos, professores, profissionais do Direito e a comunidade em <a href=\"http:\/\/www.uepb.edu.br\/uepb-promove-3o-coloquio-mulher-em-foco-com-debates-sobre-representacao-assedio-e-crimes-sexuais\/\">Leia Mais&#8230;<\/a><\/p>\n<p>O post <a rel=\"nofollow\" href=\"http:\/\/www.uepb.edu.br\/uepb-promove-3o-coloquio-mulher-em-foco-com-debates-sobre-representacao-assedio-e-crimes-sexuais\/\">UEPB promove 3&ordm; Col&oacute;quio Mulher em Foco com debates sobre representa&ccedil;&atilde;o, ass&eacute;dio e crimes sexuais<\/a> apareceu primeiro em <a rel=\"nofollow\" href=\"http:\/\/www.uepb.edu.br\/\">UEPB<\/a>.<\/p>\n","protected":false},"author":25,"featured_media":0,"comment_status":"closed","ping_status":"closed","sticky":false,"template":"","format":"standard","meta":{"jetpack_post_was_ever_published":false,"_jetpack_newsletter_access":"","_jetpack_dont_email_post_to_subs":false,"_jetpack_newsletter_tier_id":0,"_jetpack_memberships_contains_paywalled_content":false,"_jetpack_memberships_contains_paid_content":false,"footnotes":"","jetpack_publicize_message":"","jetpack_publicize_feature_enabled":true,"jetpack_social_post_already_shared":true,"jetpack_social_options":{"image_generator_settings":{"template":"highway","default_image_id":0,"font":"","enabled":false},"version":2}},"categories":[10,4,13],"tags":[],"class_list":["post-664","post","type-post","status-publish","format-standard","hentry","category-ccj","category-noticias","category-noticias-destaque-img"],"jetpack_publicize_connections":[],"jetpack_featured_media_url":"","jetpack_sharing_enabled":true,"jetpack_shortlink":"https:\/\/wp.me\/p7WTDo-aI","_links":{"self":[{"href":"https:\/\/centros.uepb.edu.br\/ccj\/wp-json\/wp\/v2\/posts\/664","targetHints":{"allow":["GET"]}}],"collection":[{"href":"https:\/\/centros.uepb.edu.br\/ccj\/wp-json\/wp\/v2\/posts"}],"about":[{"href":"https:\/\/centros.uepb.edu.br\/ccj\/wp-json\/wp\/v2\/types\/post"}],"author":[{"embeddable":true,"href":"https:\/\/centros.uepb.edu.br\/ccj\/wp-json\/wp\/v2\/users\/25"}],"replies":[{"embeddable":true,"href":"https:\/\/centros.uepb.edu.br\/ccj\/wp-json\/wp\/v2\/comments?post=664"}],"version-history":[{"count":0,"href":"https:\/\/centros.uepb.edu.br\/ccj\/wp-json\/wp\/v2\/posts\/664\/revisions"}],"wp:attachment":[{"href":"https:\/\/centros.uepb.edu.br\/ccj\/wp-json\/wp\/v2\/media?parent=664"}],"wp:term":[{"taxonomy":"category","embeddable":true,"href":"https:\/\/centros.uepb.edu.br\/ccj\/wp-json\/wp\/v2\/categories?post=664"},{"taxonomy":"post_tag","embeddable":true,"href":"https:\/\/centros.uepb.edu.br\/ccj\/wp-json\/wp\/v2\/tags?post=664"}],"curies":[{"name":"wp","href":"https:\/\/api.w.org\/{rel}","templated":true}]}}