{"id":658,"date":"2019-02-14T11:59:42","date_gmt":"2019-02-14T14:59:42","guid":{"rendered":"http:\/\/www.uepb.edu.br\/?p=46423"},"modified":"2019-02-14T11:59:42","modified_gmt":"2019-02-14T14:59:42","slug":"centro-de-ciencias-juridicas-promove-semana-de-integracao-do-fera-para-iniciar-periodo-letivo-2019-1","status":"publish","type":"post","link":"https:\/\/centros.uepb.edu.br\/ccj\/centro-de-ciencias-juridicas-promove-semana-de-integracao-do-fera-para-iniciar-periodo-letivo-2019-1\/","title":{"rendered":"Centro de Ci\u00eancias Jur\u00eddicas promove Semana de Integra\u00e7\u00e3o do Fera para iniciar per\u00edodo letivo 2019.1"},"content":{"rendered":"<p>O per\u00edodo letivo 2019.1 come\u00e7a na pr\u00f3xima segunda-feira (18) na Universidade Estadual da Para\u00edba e, para marcar a recep\u00e7\u00e3o aos novos alunos, o Centro de Ci\u00eancias Jur\u00eddicas (CCJ) promover\u00e1 uma s\u00e9rie de atividades para os estudantes novatos do curso de Direito, com o objetivo de promover a integra\u00e7\u00e3o desses alunos com os estudantes veteranos, bem como oferecer palestras para a qualifica\u00e7\u00e3o da forma\u00e7\u00e3o discente.<\/p>\n<p>Ao todo ser\u00e3o 10 atividades, sendo cinco no per\u00edodo da manh\u00e3 e cinco \u00e0 noite, onde os alunos ter\u00e3o contato com diversos conte\u00fados abordados por professores do CCJ, como tamb\u00e9m de profissionais da \u00e1rea convidados pela dire\u00e7\u00e3o do Centro. Est\u00e3o entre os assuntos abordados o Projeto de Lei Anticrime, os programas de Inicia\u00e7\u00e3o Cient\u00edfica (PIBIC) e de Extens\u00e3o (PROBEX) da UEPB, Direito e Novas Tecnologias, Normas Dom\u00e9sticas, dentre outros temas.<\/p>\n<p>A participa\u00e7\u00e3o \u00e9 aberta a todos os alunos do CCJ e a comunidade acad\u00eamica em geral. A abertura da Semana de Integra\u00e7\u00e3o do Fera est\u00e1 programada para acontecer \u00e0s 9h, com a apresenta\u00e7\u00e3o do evento, sendo a primeira palestra marcada para as 11h. \u00c0 noite, o evento ser\u00e1 retomado a partir das 20h. Confira abaixo a programa\u00e7\u00e3o de todos os dias do evento, bem como os temas das palestras oferecidas.<\/p>\n<figure class=\"wp-block-image\"><img decoding=\"async\" data-attachment-id=\"46424\" data-permalink=\"http:\/\/www.uepb.edu.br\/centro-de-ciencias-juridicas-promove-semana-de-integracao-do-fera-para-iniciar-periodo-letivo-2019-1\/evento-ccj\/\" data-orig-file=\"https:\/\/i0.wp.com\/www.uepb.edu.br\/wp-content\/uploads\/2019\/02\/Evento-CCJ.jpg?fit=960%2C960\" data-orig-size=\"960,960\" data-comments-opened=\"1\" data-image-meta=\"{&quot;aperture&quot;:&quot;0&quot;,&quot;credit&quot;:&quot;&quot;,&quot;camera&quot;:&quot;&quot;,&quot;caption&quot;:&quot;&quot;,&quot;created_timestamp&quot;:&quot;0&quot;,&quot;copyright&quot;:&quot;&quot;,&quot;focal_length&quot;:&quot;0&quot;,&quot;iso&quot;:&quot;0&quot;,&quot;shutter_speed&quot;:&quot;0&quot;,&quot;title&quot;:&quot;&quot;,&quot;orientation&quot;:&quot;0&quot;}\" data-image-title=\"Evento CCJ\" data-image-description=\"\" data-medium-file=\"https:\/\/i0.wp.com\/www.uepb.edu.br\/wp-content\/uploads\/2019\/02\/Evento-CCJ.jpg?fit=300%2C300\" data-large-file=\"https:\/\/i0.wp.com\/www.uepb.edu.br\/wp-content\/uploads\/2019\/02\/Evento-CCJ.jpg?fit=960%2C960\" src=\"https:\/\/i0.wp.com\/www.uepb.edu.br\/wp-content\/uploads\/2019\/02\/Evento-CCJ.jpg\" alt=\"\" class=\"wp-image-46424 img-responsive img-responsive\" srcset=\"https:\/\/i0.wp.com\/www.uepb.edu.br\/wp-content\/uploads\/2019\/02\/Evento-CCJ.jpg?w=960 960w, https:\/\/i0.wp.com\/www.uepb.edu.br\/wp-content\/uploads\/2019\/02\/Evento-CCJ.jpg?resize=150%2C150 150w, https:\/\/i0.wp.com\/www.uepb.edu.br\/wp-content\/uploads\/2019\/02\/Evento-CCJ.jpg?resize=300%2C300 300w, https:\/\/i0.wp.com\/www.uepb.edu.br\/wp-content\/uploads\/2019\/02\/Evento-CCJ.jpg?resize=768%2C768 768w, https:\/\/i0.wp.com\/www.uepb.edu.br\/wp-content\/uploads\/2019\/02\/Evento-CCJ.jpg?resize=370%2C370 370w, https:\/\/i0.wp.com\/www.uepb.edu.br\/wp-content\/uploads\/2019\/02\/Evento-CCJ.jpg?resize=840%2C840 840w\" sizes=\"(max-width: 960px) 100vw, 960px\" data-recalc-dims=\"1\" \/><\/figure>\n<p><em><strong>Texto:<\/strong> Givaldo Cavalcanti<\/em><\/p>\n<p>O post <a rel=\"nofollow\" href=\"http:\/\/www.uepb.edu.br\/centro-de-ciencias-juridicas-promove-semana-de-integracao-do-fera-para-iniciar-periodo-letivo-2019-1\/\">Centro de Ci\u00eancias Jur\u00eddicas promove Semana de Integra\u00e7\u00e3o do Fera para iniciar per\u00edodo letivo 2019.1<\/a> apareceu primeiro em <a rel=\"nofollow\" href=\"http:\/\/www.uepb.edu.br\/\">UEPB<\/a>.<\/p>\n","protected":false},"excerpt":{"rendered":"<p>O per&iacute;odo letivo 2019.1 come&ccedil;a na pr&oacute;xima segunda-feira (18) na Universidade Estadual da Para&iacute;ba e, para marcar a recep&ccedil;&atilde;o aos novos alunos, o Centro de Ci&ecirc;ncias Jur&iacute;dicas (CCJ) promover&aacute; uma s&eacute;rie de atividades para os estudantes novatos do curso de Direito, com o objetivo de promover a integra&ccedil;&atilde;o desses alunos com os estudantes veteranos, bem <a href=\"http:\/\/www.uepb.edu.br\/centro-de-ciencias-juridicas-promove-semana-de-integracao-do-fera-para-iniciar-periodo-letivo-2019-1\/\">Leia Mais&#8230;<\/a><\/p>\n<p>O post <a rel=\"nofollow\" href=\"http:\/\/www.uepb.edu.br\/centro-de-ciencias-juridicas-promove-semana-de-integracao-do-fera-para-iniciar-periodo-letivo-2019-1\/\">Centro de Ci&ecirc;ncias Jur&iacute;dicas promove Semana de Integra&ccedil;&atilde;o do Fera para iniciar per&iacute;odo letivo 2019.1<\/a> apareceu primeiro em <a rel=\"nofollow\" href=\"http:\/\/www.uepb.edu.br\/\">UEPB<\/a>.<\/p>\n","protected":false},"author":25,"featured_media":0,"comment_status":"closed","ping_status":"closed","sticky":false,"template":"","format":"standard","meta":{"jetpack_post_was_ever_published":false,"_jetpack_newsletter_access":"","_jetpack_dont_email_post_to_subs":false,"_jetpack_newsletter_tier_id":0,"_jetpack_memberships_contains_paywalled_content":false,"_jetpack_memberships_contains_paid_content":false,"footnotes":"","jetpack_publicize_message":"","jetpack_publicize_feature_enabled":true,"jetpack_social_post_already_shared":true,"jetpack_social_options":{"image_generator_settings":{"template":"highway","default_image_id":0,"font":"","enabled":false},"version":2}},"categories":[10,4,12],"tags":[],"class_list":["post-658","post","type-post","status-publish","format-standard","hentry","category-ccj","category-noticias","category-noticias-destaque"],"jetpack_publicize_connections":[],"jetpack_featured_media_url":"","jetpack_sharing_enabled":true,"jetpack_shortlink":"https:\/\/wp.me\/p7WTDo-aC","_links":{"self":[{"href":"https:\/\/centros.uepb.edu.br\/ccj\/wp-json\/wp\/v2\/posts\/658","targetHints":{"allow":["GET"]}}],"collection":[{"href":"https:\/\/centros.uepb.edu.br\/ccj\/wp-json\/wp\/v2\/posts"}],"about":[{"href":"https:\/\/centros.uepb.edu.br\/ccj\/wp-json\/wp\/v2\/types\/post"}],"author":[{"embeddable":true,"href":"https:\/\/centros.uepb.edu.br\/ccj\/wp-json\/wp\/v2\/users\/25"}],"replies":[{"embeddable":true,"href":"https:\/\/centros.uepb.edu.br\/ccj\/wp-json\/wp\/v2\/comments?post=658"}],"version-history":[{"count":0,"href":"https:\/\/centros.uepb.edu.br\/ccj\/wp-json\/wp\/v2\/posts\/658\/revisions"}],"wp:attachment":[{"href":"https:\/\/centros.uepb.edu.br\/ccj\/wp-json\/wp\/v2\/media?parent=658"}],"wp:term":[{"taxonomy":"category","embeddable":true,"href":"https:\/\/centros.uepb.edu.br\/ccj\/wp-json\/wp\/v2\/categories?post=658"},{"taxonomy":"post_tag","embeddable":true,"href":"https:\/\/centros.uepb.edu.br\/ccj\/wp-json\/wp\/v2\/tags?post=658"}],"curies":[{"name":"wp","href":"https:\/\/api.w.org\/{rel}","templated":true}]}}