{"id":626,"date":"2018-10-16T10:29:10","date_gmt":"2018-10-16T13:29:10","guid":{"rendered":"http:\/\/www.uepb.edu.br\/?p=44004"},"modified":"2018-10-16T10:29:10","modified_gmt":"2018-10-16T13:29:10","slug":"universidade-estadual-da-paraiba-lamenta-falecimento-de-estudante-do-curso-de-direito-do-campus-i","status":"publish","type":"post","link":"https:\/\/centros.uepb.edu.br\/ccj\/universidade-estadual-da-paraiba-lamenta-falecimento-de-estudante-do-curso-de-direito-do-campus-i\/","title":{"rendered":"Universidade Estadual da Para\u00edba lamenta falecimento de estudante do Curso de Direito do C\u00e2mpus I"},"content":{"rendered":"<p><a href=\"http:\/\/www.uepb.edu.br\/wp-content\/uploads\/2018\/10\/WhatsApp-Image-2018-10-12-at-12.46.46.jpeg\"><img loading=\"lazy\" decoding=\"async\" data-attachment-id=\"44005\" data-permalink=\"http:\/\/www.uepb.edu.br\/universidade-estadual-da-paraiba-lamenta-falecimento-de-estudante-do-curso-de-direito-do-campus-i\/whatsapp-image-2018-10-12-at-12-46-46\/\" data-orig-file=\"http:\/\/www.uepb.edu.br\/wp-content\/uploads\/2018\/10\/WhatsApp-Image-2018-10-12-at-12.46.46.jpeg\" data-orig-size=\"720,1280\" data-comments-opened=\"1\" data-image-meta=\"{&quot;aperture&quot;:&quot;0&quot;,&quot;credit&quot;:&quot;&quot;,&quot;camera&quot;:&quot;&quot;,&quot;caption&quot;:&quot;&quot;,&quot;created_timestamp&quot;:&quot;0&quot;,&quot;copyright&quot;:&quot;&quot;,&quot;focal_length&quot;:&quot;0&quot;,&quot;iso&quot;:&quot;0&quot;,&quot;shutter_speed&quot;:&quot;0&quot;,&quot;title&quot;:&quot;&quot;,&quot;orientation&quot;:&quot;0&quot;}\" data-image-title=\"WhatsApp Image 2018-10-12 at 12.46.46\" data-image-description=\"\" data-medium-file=\"http:\/\/www.uepb.edu.br\/wp-content\/uploads\/2018\/10\/WhatsApp-Image-2018-10-12-at-12.46.46-169x300.jpeg\" data-large-file=\"http:\/\/www.uepb.edu.br\/wp-content\/uploads\/2018\/10\/WhatsApp-Image-2018-10-12-at-12.46.46-576x1024.jpeg\" class=\"alignleft  wp-image-44005 img-responsive img-responsive\" src=\"http:\/\/www.uepb.edu.br\/wp-content\/uploads\/2018\/10\/WhatsApp-Image-2018-10-12-at-12.46.46-576x1024.jpeg\" alt=\"\" width=\"236\" height=\"420\" srcset=\"http:\/\/www.uepb.edu.br\/wp-content\/uploads\/2018\/10\/WhatsApp-Image-2018-10-12-at-12.46.46-576x1024.jpeg 576w, http:\/\/www.uepb.edu.br\/wp-content\/uploads\/2018\/10\/WhatsApp-Image-2018-10-12-at-12.46.46-169x300.jpeg 169w, http:\/\/www.uepb.edu.br\/wp-content\/uploads\/2018\/10\/WhatsApp-Image-2018-10-12-at-12.46.46-370x658.jpeg 370w, http:\/\/www.uepb.edu.br\/wp-content\/uploads\/2018\/10\/WhatsApp-Image-2018-10-12-at-12.46.46.jpeg 720w\" sizes=\"auto, (max-width: 236px) 100vw, 236px\" \/><\/a>A Administra\u00e7\u00e3o Central da Universidade Estadual da Para\u00edba (UEPB), em nome de toda a comunidade acad\u00eamica, lamenta com o mais profundo pesar o falecimento do estudante do 8\u00ba per\u00edodo do Curso de Direito, Jucerl\u00e2ndio Alves de Assis, ocorrido na \u00faltima sexta-feira (12), v\u00edtima de infarto fulminante.<\/p>\n<p>Sua partida precoce deixa um profundo pesar em todos que o conheceram e que desfrutaram do seu conv\u00edvio. Jucerl\u00e2ndio deixa um legado de amor pela fam\u00edlia, bom car\u00e1ter e dedica\u00e7\u00e3o em tudo o que fazia. Enlutada, a Institui\u00e7\u00e3o presta condol\u00eancias a familiares e amigos por t\u00e3o dolorosa perda.<\/p>\n<p>O post <a rel=\"nofollow\" href=\"http:\/\/www.uepb.edu.br\/universidade-estadual-da-paraiba-lamenta-falecimento-de-estudante-do-curso-de-direito-do-campus-i\/\">Universidade Estadual da Para\u00edba lamenta falecimento de estudante do Curso de Direito do C\u00e2mpus I<\/a> apareceu primeiro em <a rel=\"nofollow\" href=\"http:\/\/www.uepb.edu.br\/\">UEPB<\/a>.<\/p>\n","protected":false},"excerpt":{"rendered":"<p>A Administra&ccedil;&atilde;o Central da Universidade Estadual da Para&iacute;ba (UEPB), em nome de toda a comunidade acad&ecirc;mica, lamenta com o mais profundo pesar o falecimento do estudante do 8&ordm; per&iacute;odo do Curso de Direito, Jucerl&acirc;ndio Alves de Assis, ocorrido na &uacute;ltima sexta-feira (12), v&iacute;tima de infarto fulminante. Sua partida precoce deixa um profundo pesar em todos <a href=\"http:\/\/www.uepb.edu.br\/universidade-estadual-da-paraiba-lamenta-falecimento-de-estudante-do-curso-de-direito-do-campus-i\/\">Leia Mais&#8230;<\/a><\/p>\n<p>O post <a rel=\"nofollow\" href=\"http:\/\/www.uepb.edu.br\/universidade-estadual-da-paraiba-lamenta-falecimento-de-estudante-do-curso-de-direito-do-campus-i\/\">Universidade Estadual da Para&iacute;ba lamenta falecimento de estudante do Curso de Direito do C&acirc;mpus I<\/a> apareceu primeiro em <a rel=\"nofollow\" href=\"http:\/\/www.uepb.edu.br\/\">UEPB<\/a>.<\/p>\n","protected":false},"author":25,"featured_media":0,"comment_status":"closed","ping_status":"closed","sticky":false,"template":"","format":"standard","meta":{"jetpack_post_was_ever_published":false,"_jetpack_newsletter_access":"","_jetpack_dont_email_post_to_subs":false,"_jetpack_newsletter_tier_id":0,"_jetpack_memberships_contains_paywalled_content":false,"_jetpack_memberships_contains_paid_content":false,"footnotes":"","jetpack_publicize_message":"","jetpack_publicize_feature_enabled":true,"jetpack_social_post_already_shared":true,"jetpack_social_options":{"image_generator_settings":{"template":"highway","default_image_id":0,"font":"","enabled":false},"version":2}},"categories":[10,4,12],"tags":[],"class_list":["post-626","post","type-post","status-publish","format-standard","hentry","category-ccj","category-noticias","category-noticias-destaque"],"jetpack_publicize_connections":[],"jetpack_featured_media_url":"","jetpack_sharing_enabled":true,"jetpack_shortlink":"https:\/\/wp.me\/p7WTDo-a6","_links":{"self":[{"href":"https:\/\/centros.uepb.edu.br\/ccj\/wp-json\/wp\/v2\/posts\/626","targetHints":{"allow":["GET"]}}],"collection":[{"href":"https:\/\/centros.uepb.edu.br\/ccj\/wp-json\/wp\/v2\/posts"}],"about":[{"href":"https:\/\/centros.uepb.edu.br\/ccj\/wp-json\/wp\/v2\/types\/post"}],"author":[{"embeddable":true,"href":"https:\/\/centros.uepb.edu.br\/ccj\/wp-json\/wp\/v2\/users\/25"}],"replies":[{"embeddable":true,"href":"https:\/\/centros.uepb.edu.br\/ccj\/wp-json\/wp\/v2\/comments?post=626"}],"version-history":[{"count":0,"href":"https:\/\/centros.uepb.edu.br\/ccj\/wp-json\/wp\/v2\/posts\/626\/revisions"}],"wp:attachment":[{"href":"https:\/\/centros.uepb.edu.br\/ccj\/wp-json\/wp\/v2\/media?parent=626"}],"wp:term":[{"taxonomy":"category","embeddable":true,"href":"https:\/\/centros.uepb.edu.br\/ccj\/wp-json\/wp\/v2\/categories?post=626"},{"taxonomy":"post_tag","embeddable":true,"href":"https:\/\/centros.uepb.edu.br\/ccj\/wp-json\/wp\/v2\/tags?post=626"}],"curies":[{"name":"wp","href":"https:\/\/api.w.org\/{rel}","templated":true}]}}