{"id":596,"date":"2018-09-06T11:26:04","date_gmt":"2018-09-06T14:26:04","guid":{"rendered":"http:\/\/www.uepb.edu.br\/?p=43288"},"modified":"2018-09-06T11:26:04","modified_gmt":"2018-09-06T14:26:04","slug":"docente-da-universidade-estadual-e-empossado-desembargador-do-tribunal-de-justica-da-paraiba","status":"publish","type":"post","link":"https:\/\/centros.uepb.edu.br\/ccj\/docente-da-universidade-estadual-e-empossado-desembargador-do-tribunal-de-justica-da-paraiba\/","title":{"rendered":"Docente da Universidade Estadual \u00e9 empossado desembargador do Tribunal de Justi\u00e7a da Para\u00edba"},"content":{"rendered":"<p><a href=\"http:\/\/www.uepb.edu.br\/wp-content\/uploads\/2018\/09\/posse-tjpb01.jpg\"><img loading=\"lazy\" decoding=\"async\" data-attachment-id=\"43289\" data-permalink=\"http:\/\/www.uepb.edu.br\/docente-da-universidade-estadual-e-empossado-desembargador-do-tribunal-de-justica-da-paraiba\/posse-tjpb01\/\" data-orig-file=\"http:\/\/www.uepb.edu.br\/wp-content\/uploads\/2018\/09\/posse-tjpb01.jpg\" data-orig-size=\"840,454\" data-comments-opened=\"1\" data-image-meta=\"{&quot;aperture&quot;:&quot;0&quot;,&quot;credit&quot;:&quot;&quot;,&quot;camera&quot;:&quot;&quot;,&quot;caption&quot;:&quot;&quot;,&quot;created_timestamp&quot;:&quot;0&quot;,&quot;copyright&quot;:&quot;&quot;,&quot;focal_length&quot;:&quot;0&quot;,&quot;iso&quot;:&quot;0&quot;,&quot;shutter_speed&quot;:&quot;0&quot;,&quot;title&quot;:&quot;&quot;,&quot;orientation&quot;:&quot;1&quot;}\" data-image-title=\"posse- tjpb01\" data-image-description=\"\" data-medium-file=\"http:\/\/www.uepb.edu.br\/wp-content\/uploads\/2018\/09\/posse-tjpb01-300x162.jpg\" data-large-file=\"http:\/\/www.uepb.edu.br\/wp-content\/uploads\/2018\/09\/posse-tjpb01.jpg\" class=\"aligncenter size-full wp-image-43289 img-responsive img-responsive\" src=\"http:\/\/www.uepb.edu.br\/wp-content\/uploads\/2018\/09\/posse-tjpb01.jpg\" alt=\"\" width=\"840\" height=\"454\" srcset=\"http:\/\/www.uepb.edu.br\/wp-content\/uploads\/2018\/09\/posse-tjpb01.jpg 840w, http:\/\/www.uepb.edu.br\/wp-content\/uploads\/2018\/09\/posse-tjpb01-300x162.jpg 300w, http:\/\/www.uepb.edu.br\/wp-content\/uploads\/2018\/09\/posse-tjpb01-768x415.jpg 768w, http:\/\/www.uepb.edu.br\/wp-content\/uploads\/2018\/09\/posse-tjpb01-370x200.jpg 370w\" sizes=\"auto, (max-width: 840px) 100vw, 840px\" \/><\/a><\/p>\n<p>O professor Ricardo Vital de Almeida, docente do Centro de Ci\u00eancias Jur\u00eddicas (CCJ) da Universidade Estadual da Para\u00edba (UEPB), foi empossado como novo desembargador do Tribunal de Justi\u00e7a da Para\u00edba (TJPB). A solenidade de posse aconteceu na noite desta quarta-feira (5), ap\u00f3s Sess\u00e3o do Pleno para a escolha do novo membro ter se estendido ao longo de todo o dia. Entre os 16 desembargadores votantes, o novo membro figurou na lista tr\u00edplice de 14, atingindo a pontua\u00e7\u00e3o m\u00e1xima entre a escolha de nove deles.<\/p>\n<p>Dessa forma, com 1.330,75 pontos de avalia\u00e7\u00e3o, o juiz Ricardo Vital de Almeida ascendeu, pelo crit\u00e9rio de merecimento, ao cargo de desembargador do Tribunal de Justi\u00e7a da Para\u00edba. O processo obedeceu ao Edital de Vac\u00e2ncia n\u00ba 01\/2017 e foi realizado com base em crit\u00e9rios objetivos previstos na Resolu\u00e7\u00e3o 106\/2010 do Conselho Nacional de Justi\u00e7a (CNJ) e na Resolu\u00e7\u00e3o n\u00ba 14\/2015 da Presid\u00eancia do TJPB: desempenho, produtividade, presteza, aperfei\u00e7oamento e adequa\u00e7\u00e3o ao C\u00f3digo de \u00c9tica da Magistratura Nacional. O novo membro ocupa a vaga deixada pela desembargadora Maria das Neves do Egito, em virtude de aposentadoria.<\/p>\n<p>Ao fazer uso da palavra, durante sua posse, o desembargador enfatizou a import\u00e2ncia de se ter em mente o afastamento de vaidades, orgulhos e at\u00e9 de ci\u00fames e sentimentos que signifiquem um empecilho ao jurisdicionado. Tamb\u00e9m salientou a necessidade de um maior olhar para o 1\u00ba Grau de jurisdi\u00e7\u00e3o. O desembargador agradeceu, ainda, as palavras que lhe foram dedicadas, \u00e0s quais definiu como \u201cmais emana\u00e7\u00f5es do cora\u00e7\u00e3o do que, necessariamente, afirma\u00e7\u00f5es do justo\u201d. Ele agradeceu tamb\u00e9m aos colegas que com ele concorreram \u00e0 vaga. \u201cEstou certo de que qualquer um deles que tivesse ascendido a esta consci\u00eancia nova, que traz tantas responsabilidades, estaria bem representada a nossa magistratura\u201d, frisou.<\/p>\n<p>De acordo com o reitor da Universidade Estadual da Para\u00edba, professor Rangel Junior, essa foi uma conquista importante, n\u00e3o apenas para a carreira do professor Ricardo Vital, um docente de rica e ilibada carreira acad\u00eamica, mas tamb\u00e9m para a Universidade, que sempre reuniu em seus quadros profissionais de extrema compet\u00eancia e dedica\u00e7\u00e3o ao servi\u00e7o p\u00fablico. \u201cA UEPB sempre ofereceu profissionais gabaritados para ocupar importantes cargos, como, por exemplo, o desembargador Marcos Cavalcanti, diretor da Escola Superior da Magistratura (ESMA); Saulo Benevides, desembargador; Romero Marcelo, desembargador rec\u00e9m-aposentado; e agora Ricardo Vital\u201d, destacou o reitor, acrescentando a honra que a comunidade acad\u00eamica da Universidade sente ap\u00f3s essa conquista.<\/p>\n<p>\u201cN\u00e3o tenho d\u00favida da grandeza dessa conquista do professor Ricardo Vital, pela refer\u00eancia que \u00e9 como pessoa, professor e profissional do Direito. Para n\u00f3s que fazemos a UEPB, isso nos traz um motivo de honra por termos um professor doutor que alcan\u00e7ou o cargo de desembargador do Tribunal de Justi\u00e7a da Para\u00edba, um \u00f3rg\u00e3o t\u00e3o importante para a estrutura do nosso Estado\u201d, destacou Rangel Junior.<\/p>\n<p><em><strong>Texto:<\/strong> Givaldo Cavalcanti com Assessoria TJPB<\/em><br \/>\n<em><strong>Foto:<\/strong> Assessoria TJPB<\/em><\/p>\n<p>O post <a rel=\"nofollow\" href=\"http:\/\/www.uepb.edu.br\/docente-da-universidade-estadual-e-empossado-desembargador-do-tribunal-de-justica-da-paraiba\/\">Docente da Universidade Estadual \u00e9 empossado desembargador do Tribunal de Justi\u00e7a da Para\u00edba<\/a> apareceu primeiro em <a rel=\"nofollow\" href=\"http:\/\/www.uepb.edu.br\/\">UEPB<\/a>.<\/p>\n","protected":false},"excerpt":{"rendered":"<p>O professor Ricardo Vital de Almeida, docente do Centro de Ci&ecirc;ncias Jur&iacute;dicas (CCJ) da Universidade Estadual da Para&iacute;ba (UEPB), foi empossado como novo desembargador do Tribunal de Justi&ccedil;a da Para&iacute;ba (TJPB). A solenidade de posse aconteceu na noite desta quarta-feira (5), ap&oacute;s Sess&atilde;o do Pleno para a escolha do novo membro ter se estendido ao <a href=\"http:\/\/www.uepb.edu.br\/docente-da-universidade-estadual-e-empossado-desembargador-do-tribunal-de-justica-da-paraiba\/\">Leia Mais&#8230;<\/a><\/p>\n<p>O post <a rel=\"nofollow\" href=\"http:\/\/www.uepb.edu.br\/docente-da-universidade-estadual-e-empossado-desembargador-do-tribunal-de-justica-da-paraiba\/\">Docente da Universidade Estadual &eacute; empossado desembargador do Tribunal de Justi&ccedil;a da Para&iacute;ba<\/a> apareceu primeiro em <a rel=\"nofollow\" href=\"http:\/\/www.uepb.edu.br\/\">UEPB<\/a>.<\/p>\n","protected":false},"author":25,"featured_media":0,"comment_status":"closed","ping_status":"closed","sticky":false,"template":"","format":"standard","meta":{"jetpack_post_was_ever_published":false,"_jetpack_newsletter_access":"","_jetpack_dont_email_post_to_subs":false,"_jetpack_newsletter_tier_id":0,"_jetpack_memberships_contains_paywalled_content":false,"_jetpack_memberships_contains_paid_content":false,"footnotes":"","jetpack_publicize_message":"","jetpack_publicize_feature_enabled":true,"jetpack_social_post_already_shared":true,"jetpack_social_options":{"image_generator_settings":{"template":"highway","default_image_id":0,"font":"","enabled":false},"version":2}},"categories":[10,4,13,14],"tags":[],"class_list":["post-596","post","type-post","status-publish","format-standard","hentry","category-ccj","category-noticias","category-noticias-destaque-img","category-noticias-professores"],"jetpack_publicize_connections":[],"jetpack_featured_media_url":"","jetpack_sharing_enabled":true,"jetpack_shortlink":"https:\/\/wp.me\/p7WTDo-9C","_links":{"self":[{"href":"https:\/\/centros.uepb.edu.br\/ccj\/wp-json\/wp\/v2\/posts\/596","targetHints":{"allow":["GET"]}}],"collection":[{"href":"https:\/\/centros.uepb.edu.br\/ccj\/wp-json\/wp\/v2\/posts"}],"about":[{"href":"https:\/\/centros.uepb.edu.br\/ccj\/wp-json\/wp\/v2\/types\/post"}],"author":[{"embeddable":true,"href":"https:\/\/centros.uepb.edu.br\/ccj\/wp-json\/wp\/v2\/users\/25"}],"replies":[{"embeddable":true,"href":"https:\/\/centros.uepb.edu.br\/ccj\/wp-json\/wp\/v2\/comments?post=596"}],"version-history":[{"count":0,"href":"https:\/\/centros.uepb.edu.br\/ccj\/wp-json\/wp\/v2\/posts\/596\/revisions"}],"wp:attachment":[{"href":"https:\/\/centros.uepb.edu.br\/ccj\/wp-json\/wp\/v2\/media?parent=596"}],"wp:term":[{"taxonomy":"category","embeddable":true,"href":"https:\/\/centros.uepb.edu.br\/ccj\/wp-json\/wp\/v2\/categories?post=596"},{"taxonomy":"post_tag","embeddable":true,"href":"https:\/\/centros.uepb.edu.br\/ccj\/wp-json\/wp\/v2\/tags?post=596"}],"curies":[{"name":"wp","href":"https:\/\/api.w.org\/{rel}","templated":true}]}}