{"id":574,"date":"2018-08-14T14:27:19","date_gmt":"2018-08-14T17:27:19","guid":{"rendered":"http:\/\/www.uepb.edu.br\/?p=42731"},"modified":"2018-08-14T14:27:19","modified_gmt":"2018-08-14T17:27:19","slug":"centro-academico-de-direito-do-campus-i-da-uepb-promove-debate-sobre-a-violencia-contra-a-mulher","status":"publish","type":"post","link":"https:\/\/centros.uepb.edu.br\/ccj\/centro-academico-de-direito-do-campus-i-da-uepb-promove-debate-sobre-a-violencia-contra-a-mulher\/","title":{"rendered":"Centro Acad\u00eamico de Direito do C\u00e2mpus I da UEPB promove debate sobre a viol\u00eancia contra a mulher"},"content":{"rendered":"<p><a href=\"http:\/\/www.uepb.edu.br\/wp-content\/uploads\/2018\/08\/cartaz-violencia.jpg\"><img loading=\"lazy\" decoding=\"async\" data-attachment-id=\"42733\" data-permalink=\"http:\/\/www.uepb.edu.br\/centro-academico-de-direito-do-campus-i-da-uepb-promove-debate-sobre-a-violencia-contra-a-mulher\/cartaz-violencia\/\" data-orig-file=\"http:\/\/www.uepb.edu.br\/wp-content\/uploads\/2018\/08\/cartaz-violencia.jpg\" data-orig-size=\"1216,1216\" data-comments-opened=\"1\" data-image-meta=\"{&quot;aperture&quot;:&quot;0&quot;,&quot;credit&quot;:&quot;&quot;,&quot;camera&quot;:&quot;&quot;,&quot;caption&quot;:&quot;&quot;,&quot;created_timestamp&quot;:&quot;0&quot;,&quot;copyright&quot;:&quot;&quot;,&quot;focal_length&quot;:&quot;0&quot;,&quot;iso&quot;:&quot;0&quot;,&quot;shutter_speed&quot;:&quot;0&quot;,&quot;title&quot;:&quot;&quot;,&quot;orientation&quot;:&quot;0&quot;}\" data-image-title=\"cartaz violencia\" data-image-description=\"\" data-medium-file=\"http:\/\/www.uepb.edu.br\/wp-content\/uploads\/2018\/08\/cartaz-violencia-300x300.jpg\" data-large-file=\"http:\/\/www.uepb.edu.br\/wp-content\/uploads\/2018\/08\/cartaz-violencia-1024x1024.jpg\" class=\"aligncenter  wp-image-42733 img-responsive img-responsive\" src=\"http:\/\/www.uepb.edu.br\/wp-content\/uploads\/2018\/08\/cartaz-violencia-1024x1024.jpg\" alt=\"\" width=\"721\" height=\"721\" srcset=\"http:\/\/www.uepb.edu.br\/wp-content\/uploads\/2018\/08\/cartaz-violencia-1024x1024.jpg 1024w, http:\/\/www.uepb.edu.br\/wp-content\/uploads\/2018\/08\/cartaz-violencia-150x150.jpg 150w, http:\/\/www.uepb.edu.br\/wp-content\/uploads\/2018\/08\/cartaz-violencia-300x300.jpg 300w, http:\/\/www.uepb.edu.br\/wp-content\/uploads\/2018\/08\/cartaz-violencia-768x768.jpg 768w, http:\/\/www.uepb.edu.br\/wp-content\/uploads\/2018\/08\/cartaz-violencia-370x370.jpg 370w, http:\/\/www.uepb.edu.br\/wp-content\/uploads\/2018\/08\/cartaz-violencia-840x840.jpg 840w, http:\/\/www.uepb.edu.br\/wp-content\/uploads\/2018\/08\/cartaz-violencia.jpg 1216w\" sizes=\"auto, (max-width: 721px) 100vw, 721px\" \/><\/a><\/p>\n<p>&#8220;Debatendo a viol\u00eancia contra a mulher: um olhar preventivo, repressivo e processual&#8221; ser\u00e1 o tema do evento promovido pelo Centro Acad\u00eamico Sobral Pinto, do Curso de Direito do C\u00e2mpus I da Universidade Estadual da Para\u00edba (UEPB), no pr\u00f3ximo dia 23 de agosto, no Audit\u00f3rio do Centro de Ci\u00eancias Jur\u00eddicas (CCJ) da Institui\u00e7\u00e3o. As atividades do evento ser\u00e3o desenvolvidas nos turnos tarde e noite.<\/p>\n<p>Minicurso e palestras fazem parte dos debates. Para participar, os interessados devem efetuar inscri\u00e7\u00e3o atrav\u00e9s de <a href=\"https:\/\/docs.google.com\/forms\/d\/1k8whuKpP8kmKDLLp-6x74evL927MMu-blIgvPk3Vsj4\/edit?usp=sharing\"  rel=\"noopener\"><strong>formul\u00e1rio online<\/strong><\/a>. A proposta do evento surgiu para celebrar os 12 anos da Lei Maria da Penha, bem como pela preocupa\u00e7\u00e3o com os \u00edndices de feminic\u00eddio no pa\u00eds, que vem crescendo nos \u00faltimos anos. As palestrantes ser\u00e3o profissionais da \u00e1rea do Direito, da Seguran\u00e7a P\u00fablica e da Assist\u00eancia Social.<\/p>\n<p>De acordo com a programa\u00e7\u00e3o, a advogada e assistente social Regina Coeli Viana da Silva e a professora Ana Alice Ramos Tejo Salgado abordar\u00e3o &#8220;Os aspectos processuais da Lei Maria da Penha e da Lei do Feminic\u00eddio&#8221;, durante o minicurso que come\u00e7a \u00e0s 15h. \u00c0 noite, a presidente da Comiss\u00e3o de Combate a Viol\u00eancia e Impunidade contra a Mulher, da Ordem dos Advogados do Brasil &#8211; Seccional Para\u00edba (OAB\/PB), Katiele Marques, ministrar\u00e1 a palestra &#8220;Aspectos combativos e repressivos no tocante a viol\u00eancia contra e mulher&#8221;, a partir das 19h.<\/p>\n<p>Em seguida, a subcomandante do 15\u00ba Batalh\u00e3o da Pol\u00edcia Militar da Para\u00edba (BPM), Major Luciana Firme, abordar\u00e1 o tema &#8220;Aspectos preventivos e primeiro atendimento \u00e0 mulher v\u00edtima de viol\u00eancia&#8221;. Os participantes receber\u00e3o certificado com carga de 5 horas\/aula. Ap\u00f3s a inscri\u00e7\u00e3o online, os interessados devem confirmar a participa\u00e7\u00e3o no evento mediante o pagamento de R$ 5,00 e a entrega de 1Kg de alimento n\u00e3o perec\u00edvel, durante o credenciamento, na abertura das atividades.<\/p>\n<p><em><strong>Texto:<\/strong> Tatiana Brand\u00e3o<\/em><\/p>\n<p>&nbsp;<\/p>\n<p>O post <a rel=\"nofollow\" href=\"http:\/\/www.uepb.edu.br\/centro-academico-de-direito-do-campus-i-da-uepb-promove-debate-sobre-a-violencia-contra-a-mulher\/\">Centro Acad\u00eamico de Direito do C\u00e2mpus I da UEPB promove debate sobre a viol\u00eancia contra a mulher<\/a> apareceu primeiro em <a rel=\"nofollow\" href=\"http:\/\/www.uepb.edu.br\/\">UEPB<\/a>.<\/p>\n","protected":false},"excerpt":{"rendered":"<p>&ldquo;Debatendo a viol&ecirc;ncia contra a mulher: um olhar preventivo, repressivo e processual&rdquo; ser&aacute; o tema do evento promovido pelo Centro Acad&ecirc;mico Sobral Pinto, do Curso de Direito do C&acirc;mpus I da Universidade Estadual da Para&iacute;ba (UEPB), no pr&oacute;ximo dia 23 de agosto, no Audit&oacute;rio do Centro de Ci&ecirc;ncias Jur&iacute;dicas (CCJ) da Institui&ccedil;&atilde;o. As atividades do <a href=\"http:\/\/www.uepb.edu.br\/centro-academico-de-direito-do-campus-i-da-uepb-promove-debate-sobre-a-violencia-contra-a-mulher\/\">Leia Mais&#8230;<\/a><\/p>\n<p>O post <a rel=\"nofollow\" href=\"http:\/\/www.uepb.edu.br\/centro-academico-de-direito-do-campus-i-da-uepb-promove-debate-sobre-a-violencia-contra-a-mulher\/\">Centro Acad&ecirc;mico de Direito do C&acirc;mpus I da UEPB promove debate sobre a viol&ecirc;ncia contra a mulher<\/a> apareceu primeiro em <a rel=\"nofollow\" href=\"http:\/\/www.uepb.edu.br\/\">UEPB<\/a>.<\/p>\n","protected":false},"author":25,"featured_media":0,"comment_status":"closed","ping_status":"closed","sticky":false,"template":"","format":"standard","meta":{"jetpack_post_was_ever_published":false,"_jetpack_newsletter_access":"","_jetpack_dont_email_post_to_subs":false,"_jetpack_newsletter_tier_id":0,"_jetpack_memberships_contains_paywalled_content":false,"_jetpack_memberships_contains_paid_content":false,"footnotes":"","jetpack_publicize_message":"","jetpack_publicize_feature_enabled":true,"jetpack_social_post_already_shared":true,"jetpack_social_options":{"image_generator_settings":{"template":"highway","default_image_id":0,"font":"","enabled":false},"version":2}},"categories":[10,4,12],"tags":[],"class_list":["post-574","post","type-post","status-publish","format-standard","hentry","category-ccj","category-noticias","category-noticias-destaque"],"jetpack_publicize_connections":[],"jetpack_featured_media_url":"","jetpack_sharing_enabled":true,"jetpack_shortlink":"https:\/\/wp.me\/p7WTDo-9g","_links":{"self":[{"href":"https:\/\/centros.uepb.edu.br\/ccj\/wp-json\/wp\/v2\/posts\/574","targetHints":{"allow":["GET"]}}],"collection":[{"href":"https:\/\/centros.uepb.edu.br\/ccj\/wp-json\/wp\/v2\/posts"}],"about":[{"href":"https:\/\/centros.uepb.edu.br\/ccj\/wp-json\/wp\/v2\/types\/post"}],"author":[{"embeddable":true,"href":"https:\/\/centros.uepb.edu.br\/ccj\/wp-json\/wp\/v2\/users\/25"}],"replies":[{"embeddable":true,"href":"https:\/\/centros.uepb.edu.br\/ccj\/wp-json\/wp\/v2\/comments?post=574"}],"version-history":[{"count":0,"href":"https:\/\/centros.uepb.edu.br\/ccj\/wp-json\/wp\/v2\/posts\/574\/revisions"}],"wp:attachment":[{"href":"https:\/\/centros.uepb.edu.br\/ccj\/wp-json\/wp\/v2\/media?parent=574"}],"wp:term":[{"taxonomy":"category","embeddable":true,"href":"https:\/\/centros.uepb.edu.br\/ccj\/wp-json\/wp\/v2\/categories?post=574"},{"taxonomy":"post_tag","embeddable":true,"href":"https:\/\/centros.uepb.edu.br\/ccj\/wp-json\/wp\/v2\/tags?post=574"}],"curies":[{"name":"wp","href":"https:\/\/api.w.org\/{rel}","templated":true}]}}