{"id":554,"date":"2018-04-06T14:31:59","date_gmt":"2018-04-06T17:31:59","guid":{"rendered":"http:\/\/www.uepb.edu.br\/?p=39545"},"modified":"2018-04-06T14:31:59","modified_gmt":"2018-04-06T17:31:59","slug":"reitor-empossa-nova-direcao-do-centro-de-ciencias-juridicas-e-novos-coordenadores-do-curso-de-direito","status":"publish","type":"post","link":"https:\/\/centros.uepb.edu.br\/ccj\/reitor-empossa-nova-direcao-do-centro-de-ciencias-juridicas-e-novos-coordenadores-do-curso-de-direito\/","title":{"rendered":"Reitor empossa nova dire\u00e7\u00e3o do Centro de Ci\u00eancias Jur\u00eddicas e novos coordenadores do curso de Direito"},"content":{"rendered":"<p><a href=\"http:\/\/www.uepb.edu.br\/reitor-empossa-nova-direcao-do-centro-de-ciencias-juridicas-e-novos-coordenadores-do-curso-de-direito\/#gallery-39545-2-slideshow\">Clique para exibir o slide.<\/a><\/p>\n<p>A solenidade de posse da nova dire\u00e7\u00e3o do Centro de Ci\u00eancias Jur\u00eddicas (CCJ) da Universidade Estadual da Para\u00edba (UEPB), bem como dos novos coordenadores dos cursos de Direito P\u00fablico e Direito Privado da Institui\u00e7\u00e3o, foi realizada na manh\u00e3 desta sexta-feira (6), no Audit\u00f3rio do CCJ. Na oportunidade, o reitor Rangel Junior empossou os professores Laplace Guedes e Amilton de Fran\u00e7a, como diretor e diretor adjunto do Centro, respectivamente, al\u00e9m dos professores M\u00f4nica Cavalcanti e Alexandre Salema, a primeira como coordenadora e o segundo como coordenador adjunto do curso de Direito P\u00fablico, e ainda as professoras Ra\u00edssa de Lima e Andr\u00e9a de Lacerda, como coordenadora e coordenadora adjunta do curso de Direito Privado.<\/p>\n<p>O professor Laplace Guedes celebrou a oportunidade de estar \u00e0 frente do Centro de Ci\u00eancias Jur\u00eddicas da UEPB reafirmando seu empenho e do diretor adjunto, professor Amilton de Fran\u00e7a, em cumprir todas as propostas apresentadas na carta programa apresentada durante o processo eleitoral. Ele tamb\u00e9m disse que buscar\u00e1 apresentar demandas para a Reitoria no sentido de qualificar ainda mais a forma\u00e7\u00e3o dos alunos do CCJ, al\u00e9m de melhorar as condi\u00e7\u00f5es estruturais do Centro.<\/p>\n<p>\u201cNosso objetivo \u00e9 buscar a uni\u00e3o do CCJ. Vamos continuar dialogando com todos os segmentos para encontrar alternativas que tragam melhorias n\u00e3o somente no campo acad\u00eamico, mas tamb\u00e9m na estrutura do nosso Centro. Vamos nos empenhar em melhorar o \u00edndice de aprova\u00e7\u00e3o dos nossos alunos no exame da Ordem dos Advogados do Brasil (OAB) e sempre apresentar para a Administra\u00e7\u00e3o Central da UEPB propostas de investimentos para o CCJ\u201d, disse o novo diretor.<\/p>\n<p>O reitor Rangel Junior parabenizou todos os professores empossados na solenidade e disse que este momento remete sempre a um sentimento de esperan\u00e7a movida pela renova\u00e7\u00e3o. Segundo ele, novas pessoas apresentam a perspectiva de novas possibilidades, novo f\u00f4lego dentro da Institui\u00e7\u00e3o, o que \u00e9 algo positivo para o desenvolvimento das atividades acad\u00eamicas da UEPB. \u201cA mensagem que deixo \u00e9 que eles cobrem da Reitoria todas as demandas que s\u00e3o necess\u00e1rias para o Centro. Vamos buscar educar pelo exemplo. Para melhorar as condi\u00e7\u00f5es, vamos focar nas pessoas para prepar\u00e1-las para a vida em sociedade. Que todos fa\u00e7am uma boa gest\u00e3o\u201d, afirmou o reitor Rangel Junior.<\/p>\n<p>Participaram ainda da solenidade os advogados Bruno Veloso, membro do Conselho Federal da OAB, e Glauco Gon\u00e7alves, representante da OAB Pernambuco, al\u00e9m da pr\u00f3-reitora Estudantil, professora N\u00fabia Nascimento; a pr\u00f3-reitora de Gest\u00e3o Financeira, Giovana Pires; a pr\u00f3-reitora de P\u00f3s-Gradua\u00e7\u00e3o e Pesquisa, professora Maria Jos\u00e9 Lima; a pr\u00f3-reitora de Ensino M\u00e9dio, T\u00e9cnico e Educa\u00e7\u00e3o a Dist\u00e2ncia, professora Eliana de Moura; o pr\u00f3-reitor de Cultura, professor Jos\u00e9 Crist\u00f3v\u00e3o de Andrade; a pr\u00f3-reitora adjunta de Gest\u00e3o de Pessoas, Marina Torres; a pr\u00f3-reitora adjunta de Administra\u00e7\u00e3o. Kerry Vasconcelos; a pr\u00f3-reitora adjunta de Extens\u00e3o, professora Socorro Barbosa; o coordenador de Tecnologia da Informa\u00e7\u00e3o e Comunica\u00e7\u00e3o, Carlos Alberto Chaves, e ainda professores, t\u00e9cnicos administrativos, alunos e ex-alunos do CCJ.<\/p>\n<p>O relat\u00f3rio completo da Comiss\u00e3o Eleitoral sobre o pleito do CCJ pode ser conferido clicando <a href=\"http:\/\/www.uepb.edu.br\/download\/documentos\/documentos_2018\/Eleicao-CCJ-2018-Relatorio-da-Comissao-Eleitoral.pdf\"  rel=\"noopener\">AQUI<\/a>.<\/p>\n<p><em><strong>Texto e fotos:<\/strong> Givaldo Cavalcanti<\/em><\/p>\n<p>O post <a rel=\"nofollow\" href=\"http:\/\/www.uepb.edu.br\/reitor-empossa-nova-direcao-do-centro-de-ciencias-juridicas-e-novos-coordenadores-do-curso-de-direito\/\">Reitor empossa nova dire\u00e7\u00e3o do Centro de Ci\u00eancias Jur\u00eddicas e novos coordenadores do curso de Direito<\/a> apareceu primeiro em <a rel=\"nofollow\" href=\"http:\/\/www.uepb.edu.br\/\">UEPB<\/a>.<\/p>\n","protected":false},"excerpt":{"rendered":"<p>A solenidade de posse da nova dire&ccedil;&atilde;o do Centro de Ci&ecirc;ncias Jur&iacute;dicas (CCJ) da Universidade Estadual da Para&iacute;ba (UEPB), bem como dos novos coordenadores dos cursos de Direito P&uacute;blico e Direito Privado da Institui&ccedil;&atilde;o, foi realizada na manh&atilde; desta sexta-feira (6), no Audit&oacute;rio do CCJ. Na oportunidade, o reitor Rangel Junior empossou os professores Laplace <a href=\"http:\/\/www.uepb.edu.br\/reitor-empossa-nova-direcao-do-centro-de-ciencias-juridicas-e-novos-coordenadores-do-curso-de-direito\/\">Leia Mais&#8230;<\/a><\/p>\n<p>O post <a rel=\"nofollow\" href=\"http:\/\/www.uepb.edu.br\/reitor-empossa-nova-direcao-do-centro-de-ciencias-juridicas-e-novos-coordenadores-do-curso-de-direito\/\">Reitor empossa nova dire&ccedil;&atilde;o do Centro de Ci&ecirc;ncias Jur&iacute;dicas e novos coordenadores do curso de Direito<\/a> apareceu primeiro em <a rel=\"nofollow\" href=\"http:\/\/www.uepb.edu.br\/\">UEPB<\/a>.<\/p>\n","protected":false},"author":25,"featured_media":0,"comment_status":"closed","ping_status":"closed","sticky":false,"template":"","format":"standard","meta":{"jetpack_post_was_ever_published":false,"_jetpack_newsletter_access":"","_jetpack_dont_email_post_to_subs":false,"_jetpack_newsletter_tier_id":0,"_jetpack_memberships_contains_paywalled_content":false,"_jetpack_memberships_contains_paid_content":false,"footnotes":"","jetpack_publicize_message":"","jetpack_publicize_feature_enabled":true,"jetpack_social_post_already_shared":true,"jetpack_social_options":{"image_generator_settings":{"template":"highway","default_image_id":0,"font":"","enabled":false},"version":2}},"categories":[10,4,14],"tags":[],"class_list":["post-554","post","type-post","status-publish","format-standard","hentry","category-ccj","category-noticias","category-noticias-professores"],"jetpack_publicize_connections":[],"jetpack_featured_media_url":"","jetpack_sharing_enabled":true,"jetpack_shortlink":"https:\/\/wp.me\/p7WTDo-8W","_links":{"self":[{"href":"https:\/\/centros.uepb.edu.br\/ccj\/wp-json\/wp\/v2\/posts\/554","targetHints":{"allow":["GET"]}}],"collection":[{"href":"https:\/\/centros.uepb.edu.br\/ccj\/wp-json\/wp\/v2\/posts"}],"about":[{"href":"https:\/\/centros.uepb.edu.br\/ccj\/wp-json\/wp\/v2\/types\/post"}],"author":[{"embeddable":true,"href":"https:\/\/centros.uepb.edu.br\/ccj\/wp-json\/wp\/v2\/users\/25"}],"replies":[{"embeddable":true,"href":"https:\/\/centros.uepb.edu.br\/ccj\/wp-json\/wp\/v2\/comments?post=554"}],"version-history":[{"count":0,"href":"https:\/\/centros.uepb.edu.br\/ccj\/wp-json\/wp\/v2\/posts\/554\/revisions"}],"wp:attachment":[{"href":"https:\/\/centros.uepb.edu.br\/ccj\/wp-json\/wp\/v2\/media?parent=554"}],"wp:term":[{"taxonomy":"category","embeddable":true,"href":"https:\/\/centros.uepb.edu.br\/ccj\/wp-json\/wp\/v2\/categories?post=554"},{"taxonomy":"post_tag","embeddable":true,"href":"https:\/\/centros.uepb.edu.br\/ccj\/wp-json\/wp\/v2\/tags?post=554"}],"curies":[{"name":"wp","href":"https:\/\/api.w.org\/{rel}","templated":true}]}}