{"id":547,"date":"2018-06-05T13:59:01","date_gmt":"2018-06-05T16:59:01","guid":{"rendered":"http:\/\/www.uepb.edu.br\/?p=41105"},"modified":"2018-06-05T13:59:01","modified_gmt":"2018-06-05T16:59:01","slug":"centro-de-ciencias-juridicas-se-integra-ao-dia-mundial-do-meio-ambiente-e-realiza-plantio-de-mudas","status":"publish","type":"post","link":"https:\/\/centros.uepb.edu.br\/ccj\/centro-de-ciencias-juridicas-se-integra-ao-dia-mundial-do-meio-ambiente-e-realiza-plantio-de-mudas\/","title":{"rendered":"Centro de Ci\u00eancias Jur\u00eddicas se integra ao Dia Mundial do Meio Ambiente e realiza plantio de mudas"},"content":{"rendered":"<p><a href=\"http:\/\/www.uepb.edu.br\/centro-de-ciencias-juridicas-se-integra-ao-dia-mundial-do-meio-ambiente-e-realiza-plantio-de-mudas\/#gallery-41105-1-slideshow\">Clique para exibir o slide.<\/a><\/p>\n<p>Dentro das comemora\u00e7\u00f5es do Dia Mundial do Meio Ambiente, transcorrido nesta ter\u00e7a-feira (5) e que este ano tem como tema \u201c#AcabeComAPolui\u00e7\u00e3oPl\u00e1stica\u201d, o Centro de Ci\u00eancias Jur\u00eddicas (CCJ) da Universidade Estadual da Para\u00edba (UEPB) realizou o plantio de 21 mudas de \u00e1rvores em seu espa\u00e7o.<\/p>\n<p>As mudas de esp\u00e9cies como ip\u00ea branco, roxo e amarelo foram produzidas pelo programa de extens\u00e3o \u201cAdote uma \u00c1rvore\u201d. A primeira muda, na cor branca, e que simbolicamente representou a cultura de paz, foi plantada em um ato que reuniu professores, t\u00e9cnicos administrativos e estudantes. Aluna do 5\u00ba per\u00edodo de Direito, Magda Franklin foi escolhida para fazer o plantio simb\u00f3lico em nome da comunidade acad\u00eamica do CCJ.<\/p>\n<p>Idealizador da iniciativa, o diretor do Centro, professor Laplace Guedes, explicou que al\u00e9m de contribuir para a arboriza\u00e7\u00e3o do espa\u00e7o, o plantio de mudas teve como marco estimular a implanta\u00e7\u00e3o de uma cultura de paz no CCJ. Laplace ressaltou que o Brasil, o mundo e todos os ambientes necessitam trabalhar para construir a paz e um mundo melhor harmonicamente.<\/p>\n<p>Plantar uma \u00e1rvore na cor branca, segundo ele, revela o desejo de todos os que fazem o CCJ. \u201cNossa pretens\u00e3o, com esse gesto, \u00e9 despertar o sentimento de paz entre os tr\u00eas segmentos, n\u00e3o apenas do CCJ, mas de toda UEPB. \u00c9 importante, nesse momento, celebrarmos a paz\u201d, frisou.<\/p>\n<p>O diretor adjunto, professor Am\u00edlton de Fran\u00e7a; o representante dos t\u00e9cnicos administrativos, Heriberto Melo; e o representante do Centro Acad\u00eamico, o discente Lucyen Crhistyen tamb\u00e9m fizeram uso da palavra e enalteceram a iniciativa. Presente no ato, o professor Luciano Nascimento tamb\u00e9m considerou importante aproveitar a passagem do Dia Mundial do Meio Ambiente para plantar nos cora\u00e7\u00f5es das pessoas um sentimento de paz.<\/p>\n<p>Ap\u00f3s o plantio da primeira muda, professores, t\u00e9cnicos e estudantes formaram um c\u00edrculo e rezaram o Pai Nosso como clamor pela paz. As demais mudas foram plantadas ao longo de todo estacionamento do CCJ. Criado em 2006, mas s\u00f3 iniciado as atividades como projeto de extens\u00e3o em 2007, transformado em programa em 2010 e institucionalizado em 2012, o programa \u201cAdote uma \u00c1rvore\u201d tem proporcionado ar puro, clima agrad\u00e1vel e muita sombra nos locais onde realiza a\u00e7\u00e3o.<\/p>\n<p>O programa, idealizado pelo professor e bi\u00f3logo Ivan Coelho Dantas, j\u00e1 cultivou e distribuiu mais de 300 mil mudas, contribuindo para diminuir o d\u00e9ficit de \u00e1rvores na cidade de Campina Grande e regi\u00f5es circunvizinhas, bem como colaborar com o meio ambiente paraibano. As mudas s\u00e3o produzidas e distribu\u00eddas nos viveiros Horto Lauro Xavier e Psicultura Arthur Freire, instalados nas margens do A\u00e7ude de Bodocong\u00f3, no C\u00e2mpus de Campina Grande, bem como no horto que funciona no Centro de Ci\u00eancias Agr\u00e1rias e Ambientais (CCAA), em Lagoa Seca.<\/p>\n<p>S\u00e3o cultivadas, nesses tr\u00eas viveiros, plantas como ip\u00ea amarelo, rosa, branco e roxo, ip\u00ea de jardim, aroeira, craibeira, jasmim, flamboyant mirim, palmeira mexicana, pata-de-vaca, madeira nova, entre outras esp\u00e9cies.<\/p>\n<p><em><strong>Texto:<\/strong> Severino Lopes<\/em><br \/>\n<em><strong>Fotos:<\/strong> Givaldo Cavalcanti<\/em><\/p>\n<p>O post <a rel=\"nofollow\" href=\"http:\/\/www.uepb.edu.br\/centro-de-ciencias-juridicas-se-integra-ao-dia-mundial-do-meio-ambiente-e-realiza-plantio-de-mudas\/\">Centro de Ci\u00eancias Jur\u00eddicas se integra ao Dia Mundial do Meio Ambiente e realiza plantio de mudas<\/a> apareceu primeiro em <a rel=\"nofollow\" href=\"http:\/\/www.uepb.edu.br\/\">UEPB<\/a>.<\/p>\n","protected":false},"excerpt":{"rendered":"<p>Dentro das comemora&ccedil;&otilde;es do Dia Mundial do Meio Ambiente, transcorrido nesta ter&ccedil;a-feira (5) e que este ano tem como tema &ldquo;#AcabeComAPolui&ccedil;&atilde;oPl&aacute;stica&rdquo;, o Centro de Ci&ecirc;ncias Jur&iacute;dicas (CCJ) da Universidade Estadual da Para&iacute;ba (UEPB) realizou o plantio de 21 mudas de &aacute;rvores em seu espa&ccedil;o. As mudas de esp&eacute;cies como ip&ecirc; branco, roxo e amarelo foram <a href=\"http:\/\/www.uepb.edu.br\/centro-de-ciencias-juridicas-se-integra-ao-dia-mundial-do-meio-ambiente-e-realiza-plantio-de-mudas\/\">Leia Mais&#8230;<\/a><\/p>\n<p>O post <a rel=\"nofollow\" href=\"http:\/\/www.uepb.edu.br\/centro-de-ciencias-juridicas-se-integra-ao-dia-mundial-do-meio-ambiente-e-realiza-plantio-de-mudas\/\">Centro de Ci&ecirc;ncias Jur&iacute;dicas se integra ao Dia Mundial do Meio Ambiente e realiza plantio de mudas<\/a> apareceu primeiro em <a rel=\"nofollow\" href=\"http:\/\/www.uepb.edu.br\/\">UEPB<\/a>.<\/p>\n","protected":false},"author":25,"featured_media":0,"comment_status":"closed","ping_status":"closed","sticky":false,"template":"","format":"standard","meta":{"jetpack_post_was_ever_published":false,"_jetpack_newsletter_access":"","_jetpack_dont_email_post_to_subs":false,"_jetpack_newsletter_tier_id":0,"_jetpack_memberships_contains_paywalled_content":false,"_jetpack_memberships_contains_paid_content":false,"footnotes":"","jetpack_publicize_message":"","jetpack_publicize_feature_enabled":true,"jetpack_social_post_already_shared":true,"jetpack_social_options":{"image_generator_settings":{"template":"highway","default_image_id":0,"font":"","enabled":false},"version":2}},"categories":[10,4,13,38],"tags":[],"class_list":["post-547","post","type-post","status-publish","format-standard","hentry","category-ccj","category-noticias","category-noticias-destaque-img","category-proex"],"jetpack_publicize_connections":[],"jetpack_featured_media_url":"","jetpack_sharing_enabled":true,"jetpack_shortlink":"https:\/\/wp.me\/p7WTDo-8P","_links":{"self":[{"href":"https:\/\/centros.uepb.edu.br\/ccj\/wp-json\/wp\/v2\/posts\/547","targetHints":{"allow":["GET"]}}],"collection":[{"href":"https:\/\/centros.uepb.edu.br\/ccj\/wp-json\/wp\/v2\/posts"}],"about":[{"href":"https:\/\/centros.uepb.edu.br\/ccj\/wp-json\/wp\/v2\/types\/post"}],"author":[{"embeddable":true,"href":"https:\/\/centros.uepb.edu.br\/ccj\/wp-json\/wp\/v2\/users\/25"}],"replies":[{"embeddable":true,"href":"https:\/\/centros.uepb.edu.br\/ccj\/wp-json\/wp\/v2\/comments?post=547"}],"version-history":[{"count":0,"href":"https:\/\/centros.uepb.edu.br\/ccj\/wp-json\/wp\/v2\/posts\/547\/revisions"}],"wp:attachment":[{"href":"https:\/\/centros.uepb.edu.br\/ccj\/wp-json\/wp\/v2\/media?parent=547"}],"wp:term":[{"taxonomy":"category","embeddable":true,"href":"https:\/\/centros.uepb.edu.br\/ccj\/wp-json\/wp\/v2\/categories?post=547"},{"taxonomy":"post_tag","embeddable":true,"href":"https:\/\/centros.uepb.edu.br\/ccj\/wp-json\/wp\/v2\/tags?post=547"}],"curies":[{"name":"wp","href":"https:\/\/api.w.org\/{rel}","templated":true}]}}