{"id":532,"date":"2018-04-11T15:23:43","date_gmt":"2018-04-11T18:23:43","guid":{"rendered":"http:\/\/www.uepb.edu.br\/?p=39633"},"modified":"2018-04-11T15:23:43","modified_gmt":"2018-04-11T18:23:43","slug":"programa-receita-para-cidadania-oferece-assessoramento-contabil-para-preenchimento-de-declaracao-de-ir","status":"publish","type":"post","link":"https:\/\/centros.uepb.edu.br\/ccj\/programa-receita-para-cidadania-oferece-assessoramento-contabil-para-preenchimento-de-declaracao-de-ir\/","title":{"rendered":"Programa Receita para Cidadania oferece assessoramento cont\u00e1bil para preenchimento de declara\u00e7\u00e3o de IR"},"content":{"rendered":"<p>O programa de extens\u00e3o \u201cReceita para Cidadania e para o Desenvolvimento\u201d da Universidade Estadual da Para\u00edba (UEPB) oferece, nos dias 18 e 19 de abril, servi\u00e7o de assessoria cont\u00e1bil para preenchimento da declara\u00e7\u00e3o do Imposto de Renda de Pessoas F\u00edsicas 2018 de professores, estudantes e t\u00e9cnicos administrativos da Institui\u00e7\u00e3o, al\u00e9m da comunidade em geral.<\/p>\n<p>A atividade, que conta com suporte dos projetos dos N\u00facleos de Assessoramento Fiscal (NAF), ser\u00e1 realizada na Central de Integra\u00e7\u00e3o Acad\u00eamica, em Campina Grande, na Sala 144, das 8h \u00e0s 12h e das 14h \u00e0s 18h, envolvendo alunos dos cursos de Ci\u00eancias Cont\u00e1beis vinculados ao programa. Participam tamb\u00e9m da iniciativa alunos do Projeto de Pr\u00e1tica Cont\u00e1bil.<\/p>\n<p>Para prestar esse tipo de servi\u00e7o todos os alunos passaram por uma capacita\u00e7\u00e3o ministrada por professores da UEPB e profissionais da Receita Federal. Os estudantes ser\u00e3o acompanhados por v\u00e1rios professores do programa, a exemplo de Francisco Leite Duarte, coordenador geral do &#8220;Receita para Cidadania e para o Desenvolvimento&#8221; e que atuou no treinamento; V\u00e2nia Nunes Teixeira, coordenadora do EPC; e Jos\u00e9 Elenilton Cruz Menezes, coordenador do NAF.<\/p>\n<p>Para fazer a declara\u00e7\u00e3o, os interessados precisam levar a documenta\u00e7\u00e3o pessoal e todos os comprovantes necess\u00e1rios para o preenchimento da declara\u00e7\u00e3o do Imposto de Renda. A mesma atividade ser\u00e1 realizada de 17 a 27 deste m\u00eas, no Centro de Ci\u00eancias Humanas e Exatas (CCHE), C\u00e2mpus de Monteiro, onde tamb\u00e9m funciona um curso de Ci\u00eancias Cont\u00e1beis. O programa de extens\u00e3o \u201cReceita para a Cidadania e para o Desenvolvimento\u201d existe h\u00e1 quatro anos, sendo desenvolvido pelo Centro de Ci\u00eancias Sociais Aplicadas (CCSA) e Centro de Ci\u00eancias Jur\u00eddicas (CCJ) da UEPB.<\/p>\n<p><em><strong>Texto:<\/strong> Severino Lopes<\/em><\/p>\n<p>O post <a rel=\"nofollow\" href=\"http:\/\/www.uepb.edu.br\/programa-receita-para-cidadania-oferece-assessoramento-contabil-para-preenchimento-de-declaracao-de-ir\/\">Programa Receita para Cidadania oferece assessoramento cont\u00e1bil para preenchimento de declara\u00e7\u00e3o de IR<\/a> apareceu primeiro em <a rel=\"nofollow\" href=\"http:\/\/www.uepb.edu.br\/\">UEPB<\/a>.<\/p>\n","protected":false},"excerpt":{"rendered":"<p>O programa de extens&atilde;o &ldquo;Receita para Cidadania e para o Desenvolvimento&rdquo; da Universidade Estadual da Para&iacute;ba (UEPB) oferece, nos dias 18 e 19 de abril, servi&ccedil;o de assessoria cont&aacute;bil para preenchimento da declara&ccedil;&atilde;o do Imposto de Renda de Pessoas F&iacute;sicas 2018 de professores, estudantes e t&eacute;cnicos administrativos da Institui&ccedil;&atilde;o, al&eacute;m da comunidade em geral. A <a href=\"http:\/\/www.uepb.edu.br\/programa-receita-para-cidadania-oferece-assessoramento-contabil-para-preenchimento-de-declaracao-de-ir\/\">Leia Mais&#8230;<\/a><\/p>\n<p>O post <a rel=\"nofollow\" href=\"http:\/\/www.uepb.edu.br\/programa-receita-para-cidadania-oferece-assessoramento-contabil-para-preenchimento-de-declaracao-de-ir\/\">Programa Receita para Cidadania oferece assessoramento cont&aacute;bil para preenchimento de declara&ccedil;&atilde;o de IR<\/a> apareceu primeiro em <a rel=\"nofollow\" href=\"http:\/\/www.uepb.edu.br\/\">UEPB<\/a>.<\/p>\n","protected":false},"author":25,"featured_media":0,"comment_status":"closed","ping_status":"closed","sticky":false,"template":"","format":"standard","meta":{"jetpack_post_was_ever_published":false,"_jetpack_newsletter_access":"","_jetpack_dont_email_post_to_subs":false,"_jetpack_newsletter_tier_id":0,"_jetpack_memberships_contains_paywalled_content":false,"_jetpack_memberships_contains_paid_content":false,"footnotes":"","jetpack_publicize_message":"","jetpack_publicize_feature_enabled":true,"jetpack_social_post_already_shared":true,"jetpack_social_options":{"image_generator_settings":{"template":"highway","default_image_id":0,"font":"","enabled":false},"version":2}},"categories":[10,11,4,12,38],"tags":[],"class_list":["post-532","post","type-post","status-publish","format-standard","hentry","category-ccj","category-ccsa","category-noticias","category-noticias-destaque","category-proex"],"jetpack_publicize_connections":[],"jetpack_featured_media_url":"","jetpack_sharing_enabled":true,"jetpack_shortlink":"https:\/\/wp.me\/p7WTDo-8A","_links":{"self":[{"href":"https:\/\/centros.uepb.edu.br\/ccj\/wp-json\/wp\/v2\/posts\/532","targetHints":{"allow":["GET"]}}],"collection":[{"href":"https:\/\/centros.uepb.edu.br\/ccj\/wp-json\/wp\/v2\/posts"}],"about":[{"href":"https:\/\/centros.uepb.edu.br\/ccj\/wp-json\/wp\/v2\/types\/post"}],"author":[{"embeddable":true,"href":"https:\/\/centros.uepb.edu.br\/ccj\/wp-json\/wp\/v2\/users\/25"}],"replies":[{"embeddable":true,"href":"https:\/\/centros.uepb.edu.br\/ccj\/wp-json\/wp\/v2\/comments?post=532"}],"version-history":[{"count":0,"href":"https:\/\/centros.uepb.edu.br\/ccj\/wp-json\/wp\/v2\/posts\/532\/revisions"}],"wp:attachment":[{"href":"https:\/\/centros.uepb.edu.br\/ccj\/wp-json\/wp\/v2\/media?parent=532"}],"wp:term":[{"taxonomy":"category","embeddable":true,"href":"https:\/\/centros.uepb.edu.br\/ccj\/wp-json\/wp\/v2\/categories?post=532"},{"taxonomy":"post_tag","embeddable":true,"href":"https:\/\/centros.uepb.edu.br\/ccj\/wp-json\/wp\/v2\/tags?post=532"}],"curies":[{"name":"wp","href":"https:\/\/api.w.org\/{rel}","templated":true}]}}