{"id":528,"date":"2018-04-11T10:58:25","date_gmt":"2018-04-11T13:58:25","guid":{"rendered":"http:\/\/www.uepb.edu.br\/?p=39613"},"modified":"2018-04-11T10:58:25","modified_gmt":"2018-04-11T13:58:25","slug":"ccj-promove-seminario-internacional-rede-intrauniversitaria-de-investigacao-em-direitos-humanos","status":"publish","type":"post","link":"https:\/\/centros.uepb.edu.br\/ccj\/ccj-promove-seminario-internacional-rede-intrauniversitaria-de-investigacao-em-direitos-humanos\/","title":{"rendered":"CCJ promove Semin\u00e1rio Internacional Rede Intrauniversit\u00e1ria de Investiga\u00e7\u00e3o em Direitos Humanos"},"content":{"rendered":"<p><img loading=\"lazy\" decoding=\"async\" data-attachment-id=\"39614\" data-permalink=\"http:\/\/www.uepb.edu.br\/ccj-promove-seminario-internacional-rede-intrauniversitaria-de-investigacao-em-direitos-humanos\/nupod\/\" data-orig-file=\"http:\/\/www.uepb.edu.br\/wp-content\/uploads\/2018\/04\/NUPOD.jpg\" data-orig-size=\"840,454\" data-comments-opened=\"1\" data-image-meta=\"{&quot;aperture&quot;:&quot;0&quot;,&quot;credit&quot;:&quot;&quot;,&quot;camera&quot;:&quot;&quot;,&quot;caption&quot;:&quot;&quot;,&quot;created_timestamp&quot;:&quot;0&quot;,&quot;copyright&quot;:&quot;&quot;,&quot;focal_length&quot;:&quot;0&quot;,&quot;iso&quot;:&quot;0&quot;,&quot;shutter_speed&quot;:&quot;0&quot;,&quot;title&quot;:&quot;&quot;,&quot;orientation&quot;:&quot;1&quot;}\" data-image-title=\"NUPOD\" data-image-description=\"\" data-medium-file=\"http:\/\/www.uepb.edu.br\/wp-content\/uploads\/2018\/04\/NUPOD-300x162.jpg\" data-large-file=\"http:\/\/www.uepb.edu.br\/wp-content\/uploads\/2018\/04\/NUPOD.jpg\" class=\"aligncenter size-full wp-image-39614 img-responsive img-responsive\" src=\"http:\/\/www.uepb.edu.br\/wp-content\/uploads\/2018\/04\/NUPOD.jpg\" alt=\"\" width=\"840\" height=\"454\" srcset=\"http:\/\/www.uepb.edu.br\/wp-content\/uploads\/2018\/04\/NUPOD.jpg 840w, http:\/\/www.uepb.edu.br\/wp-content\/uploads\/2018\/04\/NUPOD-300x162.jpg 300w, http:\/\/www.uepb.edu.br\/wp-content\/uploads\/2018\/04\/NUPOD-768x415.jpg 768w, http:\/\/www.uepb.edu.br\/wp-content\/uploads\/2018\/04\/NUPOD-370x200.jpg 370w\" sizes=\"auto, (max-width: 840px) 100vw, 840px\" \/><\/p>\n<p>Em comemora\u00e7\u00e3o aos 50 anos da Faculdade de Direito e aos 20 anos do Centro de Ci\u00eancias Jur\u00eddicas (CCJ) da Universidade Estadual da Para\u00edba (UEPB), o N\u00facleo para Pesquisa dos Observadores do Direito (NUPOD) realizar\u00e1, no dia 23 de abril, das 9h \u00e0s 12h e das 18h30 \u00e0s 21h30, no Audit\u00f3rio do CCJ, em Campina Grande, o 1\u00ba Semin\u00e1rio Internacional NUPOD \u2013 Rede Intrauniversit\u00e1ria de Investiga\u00e7\u00e3o em Direitos Humanos.<\/p>\n<p>O evento acontece atrav\u00e9s de uma parceria da UEPB com a Universidad de Buenos Aires (UBA), a Universidad Nacional Jos\u00e9 Paz (UNPAZ) e a Universidad Nacional del Comahue (Uncoma), e contar\u00e1 com a presen\u00e7a dos professores Jorge E. Douglas Price, Maria Raquel Calvo, Diego Duquelsky, Ana Calafat e Walter Viegas. Aberto a todos os interessados, para participar basta inscrever-se <a href=\"https:\/\/goo.gl\/forms\/Oquz1knvJS0SDQAx2\"  rel=\"noopener\">online<\/a> e contribuir com um quilo de alimento n\u00e3o perec\u00edvel e um produto de higiene pessoal, a serem entregues na entrada do evento.<\/p>\n<p>O NUPOD est\u00e1 registrado no Diret\u00f3rio de Grupos de Pesquisa do Conselho Nacional de Desenvolvimento Cient\u00edfico e Tecnol\u00f3gico (DGP\/CNPq) e emitir\u00e1 certificado de participa\u00e7\u00e3o aos que conclu\u00edrem a carga hor\u00e1ria do evento. O CCJ est\u00e1 localizado na Rua Cel. Salvino de Figueiredo, 172, Centro, Campina Grande. Outras informa\u00e7\u00f5es podem ser obtidas pelos telefones (83) 3310-9752 e 3310-9753 ou pelo e-mail <strong><em>ccj@uepb.edu.br<\/em><\/strong>.<\/p>\n<p><em><strong>Texto:<\/strong> Giuliana Rodrigues<\/em><\/p>\n<p>O post <a rel=\"nofollow\" href=\"http:\/\/www.uepb.edu.br\/ccj-promove-seminario-internacional-rede-intrauniversitaria-de-investigacao-em-direitos-humanos\/\">CCJ promove Semin\u00e1rio Internacional Rede Intrauniversit\u00e1ria de Investiga\u00e7\u00e3o em Direitos Humanos<\/a> apareceu primeiro em <a rel=\"nofollow\" href=\"http:\/\/www.uepb.edu.br\/\">UEPB<\/a>.<\/p>\n","protected":false},"excerpt":{"rendered":"<p>Em comemora&ccedil;&atilde;o aos 50 anos da Faculdade de Direito e aos 20 anos do Centro de Ci&ecirc;ncias Jur&iacute;dicas (CCJ) da Universidade Estadual da Para&iacute;ba (UEPB), o N&uacute;cleo para Pesquisa dos Observadores do Direito (NUPOD) realizar&aacute;, no dia 23 de abril, das 9h &agrave;s 12h e das 18h30 &agrave;s 21h30, no Audit&oacute;rio do CCJ, em Campina <a href=\"http:\/\/www.uepb.edu.br\/ccj-promove-seminario-internacional-rede-intrauniversitaria-de-investigacao-em-direitos-humanos\/\">Leia Mais&#8230;<\/a><\/p>\n<p>O post <a rel=\"nofollow\" href=\"http:\/\/www.uepb.edu.br\/ccj-promove-seminario-internacional-rede-intrauniversitaria-de-investigacao-em-direitos-humanos\/\">CCJ promove Semin&aacute;rio Internacional Rede Intrauniversit&aacute;ria de Investiga&ccedil;&atilde;o em Direitos Humanos<\/a> apareceu primeiro em <a rel=\"nofollow\" href=\"http:\/\/www.uepb.edu.br\/\">UEPB<\/a>.<\/p>\n","protected":false},"author":25,"featured_media":0,"comment_status":"closed","ping_status":"closed","sticky":false,"template":"","format":"standard","meta":{"jetpack_post_was_ever_published":false,"_jetpack_newsletter_access":"","_jetpack_dont_email_post_to_subs":false,"_jetpack_newsletter_tier_id":0,"_jetpack_memberships_contains_paywalled_content":false,"_jetpack_memberships_contains_paid_content":false,"footnotes":"","jetpack_publicize_message":"","jetpack_publicize_feature_enabled":true,"jetpack_social_post_already_shared":true,"jetpack_social_options":{"image_generator_settings":{"template":"highway","default_image_id":0,"font":"","enabled":false},"version":2}},"categories":[10,4,12],"tags":[],"class_list":["post-528","post","type-post","status-publish","format-standard","hentry","category-ccj","category-noticias","category-noticias-destaque"],"jetpack_publicize_connections":[],"jetpack_featured_media_url":"","jetpack_sharing_enabled":true,"jetpack_shortlink":"https:\/\/wp.me\/p7WTDo-8w","_links":{"self":[{"href":"https:\/\/centros.uepb.edu.br\/ccj\/wp-json\/wp\/v2\/posts\/528","targetHints":{"allow":["GET"]}}],"collection":[{"href":"https:\/\/centros.uepb.edu.br\/ccj\/wp-json\/wp\/v2\/posts"}],"about":[{"href":"https:\/\/centros.uepb.edu.br\/ccj\/wp-json\/wp\/v2\/types\/post"}],"author":[{"embeddable":true,"href":"https:\/\/centros.uepb.edu.br\/ccj\/wp-json\/wp\/v2\/users\/25"}],"replies":[{"embeddable":true,"href":"https:\/\/centros.uepb.edu.br\/ccj\/wp-json\/wp\/v2\/comments?post=528"}],"version-history":[{"count":0,"href":"https:\/\/centros.uepb.edu.br\/ccj\/wp-json\/wp\/v2\/posts\/528\/revisions"}],"wp:attachment":[{"href":"https:\/\/centros.uepb.edu.br\/ccj\/wp-json\/wp\/v2\/media?parent=528"}],"wp:term":[{"taxonomy":"category","embeddable":true,"href":"https:\/\/centros.uepb.edu.br\/ccj\/wp-json\/wp\/v2\/categories?post=528"},{"taxonomy":"post_tag","embeddable":true,"href":"https:\/\/centros.uepb.edu.br\/ccj\/wp-json\/wp\/v2\/tags?post=528"}],"curies":[{"name":"wp","href":"https:\/\/api.w.org\/{rel}","templated":true}]}}