{"id":510,"date":"2018-03-13T11:09:19","date_gmt":"2018-03-13T14:09:19","guid":{"rendered":"http:\/\/www.uepb.edu.br\/?p=39071"},"modified":"2018-03-13T11:09:19","modified_gmt":"2018-03-13T14:09:19","slug":"1o-encontro-dos-nucleos-de-pratica-juridica-debatera-a-desconstrucao-da-cultura-da-violencia","status":"publish","type":"post","link":"https:\/\/centros.uepb.edu.br\/ccj\/1o-encontro-dos-nucleos-de-pratica-juridica-debatera-a-desconstrucao-da-cultura-da-violencia\/","title":{"rendered":"1\u00ba Encontro dos N\u00facleos de Pr\u00e1tica Jur\u00eddica debater\u00e1 a desconstru\u00e7\u00e3o da cultura da viol\u00eancia"},"content":{"rendered":"<p>O Centro de Ci\u00eancias Jur\u00eddicas (CCJ) da Universidade Estadual da Para\u00edba (UEPB) sedia na pr\u00f3xima segunda-feira (19), das 9h e \u00e0s 19h, no Audit\u00f3rio do CCJ, localizado na Rua Salvino de Figueiredo, Centro, em Campina Grande, o 1\u00ba Encontro dos N\u00facleos de Pr\u00e1tica Jur\u00eddica, que contar\u00e1 com a palestra \u201cLei Maria Da Penha e a desconstru\u00e7\u00e3o da cultura de viol\u00eancia\u201d, a ser ministrada por Regina Coeli Viana da Silva, advogada, representante feminista e coordenadora do N\u00facleo de Pr\u00e1tica Jur\u00eddica da UEPB.<\/p>\n<p>O evento, que \u00e9 organizado atrav\u00e9s de uma parceria entre a UEPB e os n\u00facleos de Pr\u00e1tica Jur\u00eddica das demais faculdades de Direito do munic\u00edpio, proporcionar\u00e1 aos interessados dois hor\u00e1rios com a mesma programa\u00e7\u00e3o. A partir das 9h, al\u00e9m da palestra com a professora Regina Coeli, ser\u00e1 formada uma mesa redonda com os representantes dos n\u00facleos da UNESC Faculdades, Uninassau, Cesrei e Facisa. A programa\u00e7\u00e3o se repetir\u00e1 no turno da noite, \u00e0s 19h.<\/p>\n<p>A proposta dos idealizadores \u00e9 proporcionar uma an\u00e1lise da Lei Maria da Penha e dos dados estat\u00edsticos da viol\u00eancia contra a mulher, fazendo uma abordagem hist\u00f3rica da submiss\u00e3o da mulher e do patriarcalismo, desde o surgimento da humanidade. Para tanto, foram convidados tamb\u00e9m os debatedores Renata Vilarim e Vinicius L\u00facio De Andrade (Cesrei), J\u00fanior Flor (Uninassau), Herta de Fran\u00e7a Costa e Gleick Meira Oliveira Dantas (Unesc).<\/p>\n<p>Outras informa\u00e7\u00f5es podem ser obtidas atrav\u00e9s do telefone: (83) 3310-9757.<\/p>\n<p>&nbsp;<\/p>\n<p><em><strong>Texto:<\/strong> Giuliana Rodrigues<\/em><\/p>\n<p>O post <a rel=\"nofollow\" href=\"http:\/\/www.uepb.edu.br\/1o-encontro-dos-nucleos-de-pratica-juridica-debatera-a-desconstrucao-da-cultura-da-violencia\/\">1\u00ba Encontro dos N\u00facleos de Pr\u00e1tica Jur\u00eddica debater\u00e1 a desconstru\u00e7\u00e3o da cultura da viol\u00eancia<\/a> apareceu primeiro em <a rel=\"nofollow\" href=\"http:\/\/www.uepb.edu.br\/\">UEPB<\/a>.<\/p>\n","protected":false},"excerpt":{"rendered":"<p>O Centro de Ci&ecirc;ncias Jur&iacute;dicas (CCJ) da Universidade Estadual da Para&iacute;ba (UEPB) sedia na pr&oacute;xima segunda-feira (19), das 9h e &agrave;s 19h, no Audit&oacute;rio do CCJ, localizado na Rua Salvino de Figueiredo, Centro, em Campina Grande, o 1&ordm; Encontro dos N&uacute;cleos de Pr&aacute;tica Jur&iacute;dica, que contar&aacute; com a palestra &ldquo;Lei Maria Da Penha e a <a href=\"http:\/\/www.uepb.edu.br\/1o-encontro-dos-nucleos-de-pratica-juridica-debatera-a-desconstrucao-da-cultura-da-violencia\/\">Leia Mais&#8230;<\/a><\/p>\n<p>O post <a rel=\"nofollow\" href=\"http:\/\/www.uepb.edu.br\/1o-encontro-dos-nucleos-de-pratica-juridica-debatera-a-desconstrucao-da-cultura-da-violencia\/\">1&ordm; Encontro dos N&uacute;cleos de Pr&aacute;tica Jur&iacute;dica debater&aacute; a desconstru&ccedil;&atilde;o da cultura da viol&ecirc;ncia<\/a> apareceu primeiro em <a rel=\"nofollow\" href=\"http:\/\/www.uepb.edu.br\/\">UEPB<\/a>.<\/p>\n","protected":false},"author":25,"featured_media":0,"comment_status":"closed","ping_status":"closed","sticky":false,"template":"","format":"standard","meta":{"jetpack_post_was_ever_published":false,"_jetpack_newsletter_access":"","_jetpack_dont_email_post_to_subs":false,"_jetpack_newsletter_tier_id":0,"_jetpack_memberships_contains_paywalled_content":false,"_jetpack_memberships_contains_paid_content":false,"footnotes":"","jetpack_publicize_message":"","jetpack_publicize_feature_enabled":true,"jetpack_social_post_already_shared":true,"jetpack_social_options":{"image_generator_settings":{"template":"highway","default_image_id":0,"font":"","enabled":false},"version":2}},"categories":[10,4,12],"tags":[],"class_list":["post-510","post","type-post","status-publish","format-standard","hentry","category-ccj","category-noticias","category-noticias-destaque"],"jetpack_publicize_connections":[],"jetpack_featured_media_url":"","jetpack_sharing_enabled":true,"jetpack_shortlink":"https:\/\/wp.me\/p7WTDo-8e","_links":{"self":[{"href":"https:\/\/centros.uepb.edu.br\/ccj\/wp-json\/wp\/v2\/posts\/510","targetHints":{"allow":["GET"]}}],"collection":[{"href":"https:\/\/centros.uepb.edu.br\/ccj\/wp-json\/wp\/v2\/posts"}],"about":[{"href":"https:\/\/centros.uepb.edu.br\/ccj\/wp-json\/wp\/v2\/types\/post"}],"author":[{"embeddable":true,"href":"https:\/\/centros.uepb.edu.br\/ccj\/wp-json\/wp\/v2\/users\/25"}],"replies":[{"embeddable":true,"href":"https:\/\/centros.uepb.edu.br\/ccj\/wp-json\/wp\/v2\/comments?post=510"}],"version-history":[{"count":0,"href":"https:\/\/centros.uepb.edu.br\/ccj\/wp-json\/wp\/v2\/posts\/510\/revisions"}],"wp:attachment":[{"href":"https:\/\/centros.uepb.edu.br\/ccj\/wp-json\/wp\/v2\/media?parent=510"}],"wp:term":[{"taxonomy":"category","embeddable":true,"href":"https:\/\/centros.uepb.edu.br\/ccj\/wp-json\/wp\/v2\/categories?post=510"},{"taxonomy":"post_tag","embeddable":true,"href":"https:\/\/centros.uepb.edu.br\/ccj\/wp-json\/wp\/v2\/tags?post=510"}],"curies":[{"name":"wp","href":"https:\/\/api.w.org\/{rel}","templated":true}]}}