{"id":449,"date":"2017-08-03T11:02:40","date_gmt":"2017-08-03T14:02:40","guid":{"rendered":"http:\/\/www.uepb.edu.br\/?p=34289"},"modified":"2017-08-03T11:02:40","modified_gmt":"2017-08-03T14:02:40","slug":"editora-da-uepb-firma-parceria-com-oab-pb-e-lanca-cinco-livros-durante-semana-do-advogado","status":"publish","type":"post","link":"https:\/\/centros.uepb.edu.br\/ccj\/editora-da-uepb-firma-parceria-com-oab-pb-e-lanca-cinco-livros-durante-semana-do-advogado\/","title":{"rendered":"Editora da UEPB firma parceria com OAB-PB e lan\u00e7a cinco livros durante Semana do Advogado"},"content":{"rendered":"<p>A Editora da Universidade Estadual da Para\u00edba (EDUEPB) firmou uma parceria com a Ordem dos Advogados do Brasil (OAB) \u2013 Seccional Para\u00edba e lan\u00e7ar\u00e1 no pr\u00f3ximo dia 9 de agosto, cinco livros publicados por autores da regi\u00e3o. O lan\u00e7amento acontece \u00e0s 19h, na Sede da OAB \u2013 Subse\u00e7\u00e3o Campina Grande, dentro da programa\u00e7\u00e3o da 38\u00aa Semana do Advogado de Campina Grande, que este ano ser\u00e1 realizada de 7 a 11 de agosto.<\/p>\n<p>Ser\u00e3o lan\u00e7ados os livros \u201cO monitoramento eletr\u00f4nico de presos e a paz social no contexto urbano\u201d, de autoria do professor Bruno Cesar Azevedo Izidro; \u201cCorpos Estranhos, reflex\u00f5es sobre a intersexualidade e os Direitos Humanos\u201d, de autoria Ana Carolina Gondim de Albuquerque Oliveira; \u201cUm convite \u00e0 utopia\u201d organizado pelo professor Cidoval Morais de Sousa; \u201cA infiltra\u00e7\u00e3o policial como instrumento de combate aos delitos perpetrados por organiza\u00e7\u00f5es criminosas\u201d, de autoria de Claudio Marcos Romero Lameir\u00e3o; e \u201cO princ\u00edpio da fun\u00e7\u00e3o social empresarial\u201d, escrito por Hebert Herculano Delgado.<\/p>\n<p>Um dos articuladores da parceria, o diretor da EDUEPB, professor Luciano Nascimento, confirmou a presen\u00e7a no lan\u00e7amento de todos os autores dos livros, al\u00e9m do presidente da OAB-CG, o advogado Jairo Oliveira, e convidados. Luciano destacou a import\u00e2ncia da parceria e ressaltou que os livros ser\u00e3o lan\u00e7ados diante do seleto grupo de juristas que participar\u00e3o da Semana dos Advogados.<\/p>\n<p>O livro \u201cO monitoramento eletr\u00f4nico de presos e a paz social no contexto urbano\u201d, j\u00e1 foi publicado em e-book e \u00e9 resultado da tese de doutorado de Bruno C\u00e9sar Isidro, doutor em Transforma\u00e7\u00f5es do Direito Privado, Cidade e Sociedade, pela Universidade do Estado do Rio de Janeiro (UERJ). A publica\u00e7\u00e3o traz um hist\u00f3rico sobre o monitoramento de presos no pa\u00eds e o apresenta como uma possibilidade para diminui\u00e7\u00e3o de gastos prisionais, redu\u00e7\u00e3o dos efeitos degradantes do c\u00e1rcere e maior controle dos indiv\u00edduos que est\u00e3o em semi liberdade.<\/p>\n<p>O livro \u201cCorpos Estranhos, reflex\u00f5es sobre a intersexualidade e os Direitos Humanos\u201d \u00e9 resultado da disserta\u00e7\u00e3o apresentada pela autora ao Programa de P\u00f3s-Gradua\u00e7\u00e3o em Ci\u00eancias Jur\u00eddicas da Universidade Federal da Para\u00edba (UFPB), para obten\u00e7\u00e3o do t\u00edtulo de Mestre em Ci\u00eancias Jur\u00eddicas.<\/p>\n<p>Por sua vez, a obra \u201cUm Convite \u00e0 Utopia\u201d tamb\u00e9m j\u00e1 foi lan\u00e7ada em e-book e na vers\u00e3o impressa e insere-se no contexto das comemora\u00e7\u00f5es dos 500 anos do lan\u00e7amento do livro \u201cA Utopia\u201d (1516), do brit\u00e2nico Thomas Morus. O livro de 398 p\u00e1ginas foi o primeiro de uma cole\u00e7\u00e3o de 10 obras que consiste em um projeto editorial de natureza p\u00fablica e coletiva, capitaneado pela EDUEPB com apoio da Associa\u00e7\u00e3o Brasileira de Editoras Universit\u00e1rias (ABEU) e uma s\u00e9rie de institui\u00e7\u00f5es acad\u00eamicas, cient\u00edficas e culturais nacionais e estrangeiras.<\/p>\n<p>J\u00e1 o livro \u201cA Infiltra\u00e7\u00e3o policial como instrumento de combate aos delitos perpetrados por organiza\u00e7\u00f5es criminosas\u201d \u00e9 resultado da disserta\u00e7\u00e3o de Mestrado do autor e tem como alvo principal a an\u00e1lise e o estudo de um dos mais auspiciosos e complexos temas, tendo em vista a aus\u00eancia de um tratamento legislativo uniforme, no tocante a sua defini\u00e7\u00e3o, modalidades, compatibilidade constitucional e convencional e seus limites de atua\u00e7\u00e3o, meios de investiga\u00e7\u00e3o e obten\u00e7\u00e3o de prova, denominada infiltra\u00e7\u00e3o policial. O livro \u201cO princ\u00edpio da fun\u00e7\u00e3o social empresarial\u201d, de autoria de Hebert Herculano Delgado, chega essa semana \u00e0 Livraria da EDUEPB.<\/p>\n<p>&nbsp;<\/p>\n<p><em><strong>Texto:<\/strong> Severino Lopes<\/em><\/p>\n","protected":false},"excerpt":{"rendered":"<p>A Editora da Universidade Estadual da Para&iacute;ba (EDUEPB) firmou uma parceria com a Ordem dos Advogados do Brasil (OAB) &ndash; Seccional Para&iacute;ba e lan&ccedil;ar&aacute; no pr&oacute;ximo dia 9 de agosto, cinco livros publicados por autores da regi&atilde;o. O lan&ccedil;amento acontece &agrave;s 19h, na Sede da OAB &ndash; Subse&ccedil;&atilde;o Campina Grande, dentro da programa&ccedil;&atilde;o da 38&ordf; <a href=\"http:\/\/www.uepb.edu.br\/editora-da-universidade-estadual-da-paraiba-firma-parceria-com-oab-pb-e-lanca-cinco-livros-durante-semana-do-advogado\/\">Leia Mais&#8230;<\/a><\/p>\n","protected":false},"author":25,"featured_media":0,"comment_status":"closed","ping_status":"closed","sticky":false,"template":"","format":"standard","meta":{"jetpack_post_was_ever_published":false,"_jetpack_newsletter_access":"","_jetpack_dont_email_post_to_subs":false,"_jetpack_newsletter_tier_id":0,"_jetpack_memberships_contains_paywalled_content":false,"_jetpack_memberships_contains_paid_content":false,"footnotes":"","jetpack_publicize_message":"","jetpack_publicize_feature_enabled":true,"jetpack_social_post_already_shared":true,"jetpack_social_options":{"image_generator_settings":{"template":"highway","default_image_id":0,"font":"","enabled":false},"version":2}},"categories":[10,52,4,12],"tags":[],"class_list":["post-449","post","type-post","status-publish","format-standard","hentry","category-ccj","category-eduepb","category-noticias","category-noticias-destaque"],"jetpack_publicize_connections":[],"jetpack_featured_media_url":"","jetpack_sharing_enabled":true,"jetpack_shortlink":"https:\/\/wp.me\/p7WTDo-7f","_links":{"self":[{"href":"https:\/\/centros.uepb.edu.br\/ccj\/wp-json\/wp\/v2\/posts\/449","targetHints":{"allow":["GET"]}}],"collection":[{"href":"https:\/\/centros.uepb.edu.br\/ccj\/wp-json\/wp\/v2\/posts"}],"about":[{"href":"https:\/\/centros.uepb.edu.br\/ccj\/wp-json\/wp\/v2\/types\/post"}],"author":[{"embeddable":true,"href":"https:\/\/centros.uepb.edu.br\/ccj\/wp-json\/wp\/v2\/users\/25"}],"replies":[{"embeddable":true,"href":"https:\/\/centros.uepb.edu.br\/ccj\/wp-json\/wp\/v2\/comments?post=449"}],"version-history":[{"count":0,"href":"https:\/\/centros.uepb.edu.br\/ccj\/wp-json\/wp\/v2\/posts\/449\/revisions"}],"wp:attachment":[{"href":"https:\/\/centros.uepb.edu.br\/ccj\/wp-json\/wp\/v2\/media?parent=449"}],"wp:term":[{"taxonomy":"category","embeddable":true,"href":"https:\/\/centros.uepb.edu.br\/ccj\/wp-json\/wp\/v2\/categories?post=449"},{"taxonomy":"post_tag","embeddable":true,"href":"https:\/\/centros.uepb.edu.br\/ccj\/wp-json\/wp\/v2\/tags?post=449"}],"curies":[{"name":"wp","href":"https:\/\/api.w.org\/{rel}","templated":true}]}}