{"id":445,"date":"2017-07-27T12:45:50","date_gmt":"2017-07-27T15:45:50","guid":{"rendered":"http:\/\/www.uepb.edu.br\/?p=34156"},"modified":"2017-07-27T12:45:50","modified_gmt":"2017-07-27T15:45:50","slug":"universidade-estadual-da-paraiba-lanca-em-parceria-com-a-unisul-o-e-book-doze-licoes-de-fato-e-de-direito","status":"publish","type":"post","link":"https:\/\/centros.uepb.edu.br\/ccj\/universidade-estadual-da-paraiba-lanca-em-parceria-com-a-unisul-o-e-book-doze-licoes-de-fato-e-de-direito\/","title":{"rendered":"Universidade Estadual da Para\u00edba lan\u00e7a, em parceria com a Unisul, o e-book \u201cDoze li\u00e7\u00f5es de fato e de direito\u201d"},"content":{"rendered":"<p>A Universidade Estadual da Para\u00edba (UEPB), em parceria com a Universidade do Sul de Santa Catarina (UNISUL), lan\u00e7a no dia 30 de agosto, durante a aula magna de in\u00edcio do semestre letivo do curso de Direito da Unisul, em Florian\u00f3polis (SC), o e-book \u201cDoze Li\u00e7\u00f5es de Fato e de Direito\u201d, organizado pelos professores Ros\u00e2ngela Tremel, Virg\u00ednia Lopes Rosa e Zacaria Alexandre Nassar e editado pela Editora da UEPB (EDUEPB).<\/p>\n<p>O livro digital \u00e9 uma colet\u00e2nea dos 12 melhores artigos publicados em edi\u00e7\u00f5es da Revista Jur\u00eddica da Unisul e visa oferecer ao acad\u00eamico de Direito diferentes formas de olhar o mundo. A escolha tamb\u00e9m se baseou no interesse dos leitores e nos n\u00fameros de acessos de cada artigo na vers\u00e3o on-line, al\u00e9m das tem\u00e1ticas abordadas.<\/p>\n<p>A publica\u00e7\u00e3o \u00e9 voltada \u00e0 sustentabilidade jur\u00eddica e sist\u00eamica e oferece uma diversidade de assuntos, que v\u00e3o desde os m\u00e9todos de interpreta\u00e7\u00e3o constitucional e a import\u00e2ncia do direito previdenci\u00e1rio na grade curricular at\u00e9 a estreita liga\u00e7\u00e3o do estudo jur\u00eddico com a literatura e os direitos fundamentais manifestos em considera\u00e7\u00f5es sobre a liberdade individual e prote\u00e7\u00e3o aos hipossuficientes.<\/p>\n<p>Ainda s\u00e3o tratados temas como: direitos autorais, a discuss\u00e3o sobre a correta defini\u00e7\u00e3o que distingue os microempreendedores dos empres\u00e1rios individuais, a m\u00fasica como atividade ressocializadora, a necessidade de educar para a paz como forma de banir o bullying das escolas ou a busca de solu\u00e7\u00f5es pac\u00edficas para conflitos internacionais e a habilidade conciliadora da Organiza\u00e7\u00e3o Mundial do Com\u00e9rcio (OMC), voltada para uma nova faceta do direito internacional, o direito sustent\u00e1vel em an\u00e1lise de casos, sem deixar de pensar a quest\u00e3o das drogas sob a \u00f3tica da criminologia cr\u00edtica.<\/p>\n<p>A partir do dia 30 de agosto o e-book poder\u00e1 ser acessado atrav\u00e9s do site da UEPB (<a href=\"http:\/\/www.uepb.edu.br\/ebooks\/\">http:\/\/www.uepb.edu.br\/ebooks\/<\/a>) e tamb\u00e9m pelo site da Unisul.<\/p>\n","protected":false},"excerpt":{"rendered":"<p>A Universidade Estadual da Para&iacute;ba (UEPB), em parceria com a Universidade do Sul de Santa Catarina (UNISUL), lan&ccedil;a no dia 30 de agosto, durante a aula magna de in&iacute;cio do semestre letivo do curso de Direito da Unisul, em Florian&oacute;polis (SC), o e-book &ldquo;Doze Li&ccedil;&otilde;es de Fato e de Direito&rdquo;, organizado pelos professores Ros&acirc;ngela Tremel, <a href=\"http:\/\/www.uepb.edu.br\/universidade-estadual-da-paraiba-lanca-em-parceria-com-a-unisul-o-e-book-doze-licoes-de-fato-e-de-direito\/\">Leia Mais&#8230;<\/a><\/p>\n","protected":false},"author":25,"featured_media":0,"comment_status":"closed","ping_status":"closed","sticky":false,"template":"","format":"standard","meta":{"jetpack_post_was_ever_published":false,"_jetpack_newsletter_access":"","_jetpack_dont_email_post_to_subs":false,"_jetpack_newsletter_tier_id":0,"_jetpack_memberships_contains_paywalled_content":false,"_jetpack_memberships_contains_paid_content":false,"footnotes":"","jetpack_publicize_message":"","jetpack_publicize_feature_enabled":true,"jetpack_social_post_already_shared":true,"jetpack_social_options":{"image_generator_settings":{"template":"highway","default_image_id":0,"font":"","enabled":false},"version":2}},"categories":[10,4,12],"tags":[],"class_list":["post-445","post","type-post","status-publish","format-standard","hentry","category-ccj","category-noticias","category-noticias-destaque"],"jetpack_publicize_connections":[],"jetpack_featured_media_url":"","jetpack_sharing_enabled":true,"jetpack_shortlink":"https:\/\/wp.me\/p7WTDo-7b","_links":{"self":[{"href":"https:\/\/centros.uepb.edu.br\/ccj\/wp-json\/wp\/v2\/posts\/445","targetHints":{"allow":["GET"]}}],"collection":[{"href":"https:\/\/centros.uepb.edu.br\/ccj\/wp-json\/wp\/v2\/posts"}],"about":[{"href":"https:\/\/centros.uepb.edu.br\/ccj\/wp-json\/wp\/v2\/types\/post"}],"author":[{"embeddable":true,"href":"https:\/\/centros.uepb.edu.br\/ccj\/wp-json\/wp\/v2\/users\/25"}],"replies":[{"embeddable":true,"href":"https:\/\/centros.uepb.edu.br\/ccj\/wp-json\/wp\/v2\/comments?post=445"}],"version-history":[{"count":0,"href":"https:\/\/centros.uepb.edu.br\/ccj\/wp-json\/wp\/v2\/posts\/445\/revisions"}],"wp:attachment":[{"href":"https:\/\/centros.uepb.edu.br\/ccj\/wp-json\/wp\/v2\/media?parent=445"}],"wp:term":[{"taxonomy":"category","embeddable":true,"href":"https:\/\/centros.uepb.edu.br\/ccj\/wp-json\/wp\/v2\/categories?post=445"},{"taxonomy":"post_tag","embeddable":true,"href":"https:\/\/centros.uepb.edu.br\/ccj\/wp-json\/wp\/v2\/tags?post=445"}],"curies":[{"name":"wp","href":"https:\/\/api.w.org\/{rel}","templated":true}]}}