{"id":443,"date":"2017-07-24T10:17:47","date_gmt":"2017-07-24T13:17:47","guid":{"rendered":"http:\/\/www.uepb.edu.br\/?p=34058"},"modified":"2017-07-24T10:17:47","modified_gmt":"2017-07-24T13:17:47","slug":"vulnerabilidades-e-protecao-juridica-sera-tema-do-1o-congresso-internacional-de-direitos-difusos","status":"publish","type":"post","link":"https:\/\/centros.uepb.edu.br\/ccj\/vulnerabilidades-e-protecao-juridica-sera-tema-do-1o-congresso-internacional-de-direitos-difusos\/","title":{"rendered":"\u201cVulnerabilidades e Prote\u00e7\u00e3o Jur\u00eddica\u201d ser\u00e1 tema do 1\u00ba Congresso Internacional de Direitos Difusos"},"content":{"rendered":"<p><img loading=\"lazy\" decoding=\"async\" data-attachment-id=\"34059\" data-permalink=\"http:\/\/www.uepb.edu.br\/vulnerabilidades-e-protecao-juridica-sera-tema-do-1o-congresso-internacional-de-direitos-difusos\/direitos-difusos\/\" data-orig-file=\"http:\/\/www.uepb.edu.br\/wp-content\/uploads\/2017\/07\/DIREITOS-DIFUSOS.jpg\" data-orig-size=\"840,454\" data-comments-opened=\"1\" data-image-meta=\"{&quot;aperture&quot;:&quot;0&quot;,&quot;credit&quot;:&quot;&quot;,&quot;camera&quot;:&quot;&quot;,&quot;caption&quot;:&quot;&quot;,&quot;created_timestamp&quot;:&quot;0&quot;,&quot;copyright&quot;:&quot;&quot;,&quot;focal_length&quot;:&quot;0&quot;,&quot;iso&quot;:&quot;0&quot;,&quot;shutter_speed&quot;:&quot;0&quot;,&quot;title&quot;:&quot;&quot;,&quot;orientation&quot;:&quot;0&quot;}\" data-image-title=\"DIREITOS DIFUSOS\" data-image-description=\"\" data-medium-file=\"http:\/\/www.uepb.edu.br\/wp-content\/uploads\/2017\/07\/DIREITOS-DIFUSOS-300x162.jpg\" data-large-file=\"http:\/\/www.uepb.edu.br\/wp-content\/uploads\/2017\/07\/DIREITOS-DIFUSOS.jpg\" class=\"aligncenter size-full wp-image-34059 img-responsive img-responsive\" src=\"http:\/\/www.uepb.edu.br\/wp-content\/uploads\/2017\/07\/DIREITOS-DIFUSOS.jpg\" alt=\"\" width=\"840\" height=\"454\" srcset=\"http:\/\/www.uepb.edu.br\/wp-content\/uploads\/2017\/07\/DIREITOS-DIFUSOS.jpg 840w, http:\/\/www.uepb.edu.br\/wp-content\/uploads\/2017\/07\/DIREITOS-DIFUSOS-300x162.jpg 300w, http:\/\/www.uepb.edu.br\/wp-content\/uploads\/2017\/07\/DIREITOS-DIFUSOS-768x415.jpg 768w, http:\/\/www.uepb.edu.br\/wp-content\/uploads\/2017\/07\/DIREITOS-DIFUSOS-370x200.jpg 370w\" sizes=\"auto, (max-width: 840px) 100vw, 840px\" \/><\/p>\n<p>Com o objetivo de proporcionar aos profissionais, acad\u00eamicos e aplicadores do direito uma vis\u00e3o ampliada sobre os interesses difusos e suas repercuss\u00f5es no campo social ser\u00e1 realizado no Centro de Conven\u00e7\u00f5es Raymundo Asfora &#8211; Garden Hotel, em Campina Grande, nos dias 14, 15 e 16 de setembro de 2017, o 1\u00ba Congresso Internacional de Direitos Difusos (CONIDIF).<\/p>\n<p>Na sociedade atual, de contexto massificado, os interesses coletivos ganharam grande repercuss\u00e3o. Em alguns momentos chegam a ser mais importantes que os direitos individuais. Nesse cen\u00e1rio, a defesa dos direitos difusos torna-se um dos grandes desafios das institui\u00e7\u00f5es jur\u00eddicas do Estado moderno. E o CONIDIF se prop\u00f5e a discutir as vulnerabilidades e a prote\u00e7\u00e3o jur\u00eddica, compreendendo a vulnerabilidade como caracter\u00edstica intr\u00ednseca e ao mesmo tempo como o pr\u00f3prio fundamento da formula\u00e7\u00e3o das leis protetivas no campo dos direitos difusos.<\/p>\n<p>As inscri\u00e7\u00f5es para o evento est\u00e3o abertas e podem ser feitas at\u00e9 o dia 04 de setembro de 2017, tendo como data limite para submiss\u00e3o de trabalhos cient\u00edficos o dia 21 de agosto de 2017. Podem participar do CONIDIF estudantes de gradua\u00e7\u00e3o e p\u00f3s-gradua\u00e7\u00e3o, professores, pesquisadores e profissionais em geral.<\/p>\n<p>A programa\u00e7\u00e3o do congresso contar\u00e1 com atividades interativas nos mais diversos campos do Direito, envolvendo as tem\u00e1ticas: direito do consumidor, direito ambiental, bens culturais e prote\u00e7\u00e3o \u00e0 cren\u00e7a, ao culto e \u00e0s pr\u00e1ticas religiosas, direito da crian\u00e7a e do adolescente, prote\u00e7\u00e3o do idoso, direito e g\u00eanero, pol\u00edticas p\u00fablicas e interesses difusos, defesa dos interesses difusos em ju\u00edzo, direito e mobiliza\u00e7\u00f5es sociais, interdisciplinaridade e direito.<\/p>\n<p>O congresso \u00e9 uma realiza\u00e7\u00e3o do Centro Multidisciplinar de Estudos e Pesquisas (CEMEP) e conta com o apoio institucional da Universidade Estadual da Para\u00edba (UEPB), Procon Para\u00edba, F\u00f3rum dos Procons da Regi\u00e3o Nordeste, WATERLAT GOBACIT, OAB \u2013 Subse\u00e7\u00e3o Campina Grande, Secretaria Nacional do Consumidor, Minist\u00e9rio da Justi\u00e7a e Seguran\u00e7a P\u00fablica, Governo Federal, Universidade Federal da Para\u00edba (UFPB), Instituto Federal da Para\u00edba (IFPB), Universidade Aberta \u00e0 Maturidade (UAMA), Associa\u00e7\u00e3o Nacional dos Magistrados da Justi\u00e7a do Trabalho e Associa\u00e7\u00e3o Nacional dos Membros do Minist\u00e9rio P\u00fablico (CONAMP).<\/p>\n<p>Outras informa\u00e7\u00f5es atrav\u00e9s do endere\u00e7o eletr\u00f4nico www.conidif.com.br ou pelo telefone (83) 3322-3222.<\/p>\n<p>&nbsp;<\/p>\n<p><em><strong>Colabora\u00e7\u00e3o:<\/strong> Realize Eventos<\/em><\/p>\n","protected":false},"excerpt":{"rendered":"<p>Com o objetivo de proporcionar aos profissionais, acad&ecirc;micos e aplicadores do direito uma vis&atilde;o ampliada sobre os interesses difusos e suas repercuss&otilde;es no campo social ser&aacute; realizado no Centro de Conven&ccedil;&otilde;es Raymundo Asfora &ndash; Garden Hotel, em Campina Grande, nos dias 14, 15 e 16 de setembro de 2017, o 1&ordm; Congresso Internacional de Direitos <a href=\"http:\/\/www.uepb.edu.br\/vulnerabilidades-e-protecao-juridica-sera-tema-do-1o-congresso-internacional-de-direitos-difusos\/\">Leia Mais&#8230;<\/a><\/p>\n","protected":false},"author":25,"featured_media":0,"comment_status":"closed","ping_status":"closed","sticky":false,"template":"","format":"standard","meta":{"jetpack_post_was_ever_published":false,"_jetpack_newsletter_access":"","_jetpack_dont_email_post_to_subs":false,"_jetpack_newsletter_tier_id":0,"_jetpack_memberships_contains_paywalled_content":false,"_jetpack_memberships_contains_paid_content":false,"footnotes":"","jetpack_publicize_message":"","jetpack_publicize_feature_enabled":true,"jetpack_social_post_already_shared":true,"jetpack_social_options":{"image_generator_settings":{"template":"highway","default_image_id":0,"font":"","enabled":false},"version":2}},"categories":[10,4,13],"tags":[],"class_list":["post-443","post","type-post","status-publish","format-standard","hentry","category-ccj","category-noticias","category-noticias-destaque-img"],"jetpack_publicize_connections":[],"jetpack_featured_media_url":"","jetpack_sharing_enabled":true,"jetpack_shortlink":"https:\/\/wp.me\/p7WTDo-79","_links":{"self":[{"href":"https:\/\/centros.uepb.edu.br\/ccj\/wp-json\/wp\/v2\/posts\/443","targetHints":{"allow":["GET"]}}],"collection":[{"href":"https:\/\/centros.uepb.edu.br\/ccj\/wp-json\/wp\/v2\/posts"}],"about":[{"href":"https:\/\/centros.uepb.edu.br\/ccj\/wp-json\/wp\/v2\/types\/post"}],"author":[{"embeddable":true,"href":"https:\/\/centros.uepb.edu.br\/ccj\/wp-json\/wp\/v2\/users\/25"}],"replies":[{"embeddable":true,"href":"https:\/\/centros.uepb.edu.br\/ccj\/wp-json\/wp\/v2\/comments?post=443"}],"version-history":[{"count":0,"href":"https:\/\/centros.uepb.edu.br\/ccj\/wp-json\/wp\/v2\/posts\/443\/revisions"}],"wp:attachment":[{"href":"https:\/\/centros.uepb.edu.br\/ccj\/wp-json\/wp\/v2\/media?parent=443"}],"wp:term":[{"taxonomy":"category","embeddable":true,"href":"https:\/\/centros.uepb.edu.br\/ccj\/wp-json\/wp\/v2\/categories?post=443"},{"taxonomy":"post_tag","embeddable":true,"href":"https:\/\/centros.uepb.edu.br\/ccj\/wp-json\/wp\/v2\/tags?post=443"}],"curies":[{"name":"wp","href":"https:\/\/api.w.org\/{rel}","templated":true}]}}