{"id":435,"date":"2017-07-03T12:29:43","date_gmt":"2017-07-03T15:29:43","guid":{"rendered":"http:\/\/www.uepb.edu.br\/?p=33731"},"modified":"2017-07-03T12:29:43","modified_gmt":"2017-07-03T15:29:43","slug":"professor-do-centro-de-ciencias-juridicas-da-uepb-e-finalista-do-premio-internacional-caed-jus-2017","status":"publish","type":"post","link":"https:\/\/centros.uepb.edu.br\/ccj\/professor-do-centro-de-ciencias-juridicas-da-uepb-e-finalista-do-premio-internacional-caed-jus-2017\/","title":{"rendered":"Professor do Centro de Ci\u00eancias Jur\u00eddicas da UEPB \u00e9 finalista do Pr\u00eamio Internacional CAED-JUS 2017"},"content":{"rendered":"<p>Um artigo produzido pelo professor Marconi do \u00d3 Cat\u00e3o, do Centro de Ci\u00eancias Jur\u00eddicas (CCJ) da Universidade Estadual da Para\u00edba (UEPB), \u00e9 finalista do Pr\u00eamio CAED-JUS 2017, que acontecer\u00e1 dentro do Congresso Internacional de Altos Estudos em Direito (CAED-Jus), de 5 a 7 de julho. Nesta segunda edi\u00e7\u00e3o do Pr\u00eamio, o professor Marconi Cat\u00e3o concorreu com dois artigos, sendo o trabalho \u201cTeoria das Cidades: Tend\u00eancias Urbanas Contempor\u00e2neas\u201d o indicado como finalista.<\/p>\n<p>No artigo, o professor Marconi Cat\u00e3o aborda a quest\u00e3o da Teoria das Cidades a partir de tr\u00eas aspectos: o ser humano, a sociedade e o fen\u00f4meno urbano. Ele observa que esses aspectos passam necessariamente pelas teorias progressista, humanista e culturalista, sendo que desde o s\u00e9culo XVII prevalece a progressista. Em of\u00edcio informando sobre a classifica\u00e7\u00e3o do artigo para a final do pr\u00eamio, a organiza\u00e7\u00e3o do CAED-Jus destacou que o trabalho do professor Marconi contribui para inspirar os juristas brasileiros a produzirem trabalhos de alto n\u00edvel no Direito.<\/p>\n<p>Doutor em Sociologia pela Universidade Federal da Para\u00edba, mestre em Direito pela Universidade Federal do Cear\u00e1, especialista em Medicina Legal, com t\u00edtulo conferido pela Sociedade Brasileira de Medicina Legal e Associa\u00e7\u00e3o M\u00e9dica Brasileira em S\u00e3o Paulo, o professor Marconi tem diversos artigos publicados em revistas cient\u00edficas do Brasil e do exterior. Ele tamb\u00e9m j\u00e1 participou de diversos congressos internacionais e \u00e9 autor do livro \u201cGenealogia do Direito \u00e0 Sa\u00fade: uma reconstru\u00e7\u00e3o de saberes e pr\u00e1ticas na modernidade\u201d, lan\u00e7ado pela Editora da Universidade Estadual da Para\u00edba (EDUEPB).<\/p>\n<p>O Congresso Internacional de Altos Estudos em Direito (Caed-Jus) \u00e9 uma iniciativa de uma rede de acad\u00eamicos brasileiros e internacionais para o desenvolvimento de pesquisas jur\u00eddicas e reflex\u00f5es de alta qualidade. A primeira edi\u00e7\u00e3o do evento foi realizada em novembro do ano passado e o professor Marconi Cat\u00e3o tamb\u00e9m concorreu com o artigo \u201cAtual Cen\u00e1rio da Pol\u00edtica Nacional de Res\u00edduos S\u00f3lidos: Em Busca de uma efetiva inclus\u00e3o social dos catadores de materiais recicl\u00e1veis\u201d.<\/p>\n<p>A edi\u00e7\u00e3o 2017 do evento desenvolve-se exclusivamente de maneira virtual, sendo a tecnologia parte importante para o sucesso das discuss\u00f5es e para a intera\u00e7\u00e3o entre os participantes, atrav\u00e9s de diversos recursos multim\u00eddia. Atualmente, o CAED-Jus \u00e9 um dos principais congressos da Am\u00e9rica Latina e um dos seus principais objetivos \u00e9 resgatar nos congressos jur\u00eddicos a intera\u00e7\u00e3o entre os participantes atrav\u00e9s de parcerias e redes acad\u00eamicas, al\u00e9m desenvolver estrat\u00e9gias in\u00e9ditas, tais como a publica\u00e7\u00e3o em livros e o Hall of Fame.<\/p>\n<p>&nbsp;<\/p>\n<p>&nbsp;<\/p>\n<p><em><strong>Texto:<\/strong> Severino Lopes<\/em><\/p>\n","protected":false},"excerpt":{"rendered":"<p>Um artigo produzido pelo professor Marconi do &Oacute; Cat&atilde;o, do Centro de Ci&ecirc;ncias Jur&iacute;dicas (CCJ) da Universidade Estadual da Para&iacute;ba (UEPB), &eacute; finalista do Pr&ecirc;mio CAED-JUS 2017, que acontecer&aacute; dentro do Congresso Internacional de Altos Estudos em Direito (CAED-Jus), de 5 a 7 de julho. Nesta segunda edi&ccedil;&atilde;o do Pr&ecirc;mio, o professor Marconi Cat&atilde;o concorreu <a href=\"http:\/\/www.uepb.edu.br\/professor-do-centro-de-ciencias-juridicas-da-uepb-e-finalista-do-premio-internacional-caed-jus-2017\/\">Leia Mais&#8230;<\/a><\/p>\n","protected":false},"author":25,"featured_media":0,"comment_status":"closed","ping_status":"closed","sticky":false,"template":"","format":"standard","meta":{"jetpack_post_was_ever_published":false,"_jetpack_newsletter_access":"","_jetpack_dont_email_post_to_subs":false,"_jetpack_newsletter_tier_id":0,"_jetpack_memberships_contains_paywalled_content":false,"_jetpack_memberships_contains_paid_content":false,"footnotes":"","jetpack_publicize_message":"","jetpack_publicize_feature_enabled":true,"jetpack_social_post_already_shared":true,"jetpack_social_options":{"image_generator_settings":{"template":"highway","default_image_id":0,"font":"","enabled":false},"version":2}},"categories":[10,4,12,14],"tags":[],"class_list":["post-435","post","type-post","status-publish","format-standard","hentry","category-ccj","category-noticias","category-noticias-destaque","category-noticias-professores"],"jetpack_publicize_connections":[],"jetpack_featured_media_url":"","jetpack_sharing_enabled":true,"jetpack_shortlink":"https:\/\/wp.me\/p7WTDo-71","_links":{"self":[{"href":"https:\/\/centros.uepb.edu.br\/ccj\/wp-json\/wp\/v2\/posts\/435","targetHints":{"allow":["GET"]}}],"collection":[{"href":"https:\/\/centros.uepb.edu.br\/ccj\/wp-json\/wp\/v2\/posts"}],"about":[{"href":"https:\/\/centros.uepb.edu.br\/ccj\/wp-json\/wp\/v2\/types\/post"}],"author":[{"embeddable":true,"href":"https:\/\/centros.uepb.edu.br\/ccj\/wp-json\/wp\/v2\/users\/25"}],"replies":[{"embeddable":true,"href":"https:\/\/centros.uepb.edu.br\/ccj\/wp-json\/wp\/v2\/comments?post=435"}],"version-history":[{"count":0,"href":"https:\/\/centros.uepb.edu.br\/ccj\/wp-json\/wp\/v2\/posts\/435\/revisions"}],"wp:attachment":[{"href":"https:\/\/centros.uepb.edu.br\/ccj\/wp-json\/wp\/v2\/media?parent=435"}],"wp:term":[{"taxonomy":"category","embeddable":true,"href":"https:\/\/centros.uepb.edu.br\/ccj\/wp-json\/wp\/v2\/categories?post=435"},{"taxonomy":"post_tag","embeddable":true,"href":"https:\/\/centros.uepb.edu.br\/ccj\/wp-json\/wp\/v2\/tags?post=435"}],"curies":[{"name":"wp","href":"https:\/\/api.w.org\/{rel}","templated":true}]}}