{"id":408,"date":"2017-04-10T15:56:07","date_gmt":"2017-04-10T18:56:07","guid":{"rendered":"http:\/\/www.uepb.edu.br\/?p=32676"},"modified":"2017-04-10T15:56:07","modified_gmt":"2017-04-10T18:56:07","slug":"jornada-do-centro-de-ciencias-juridicas-aborda-relacoes-do-direito-empresarial-com-tributario-civil-e-penal","status":"publish","type":"post","link":"https:\/\/centros.uepb.edu.br\/ccj\/jornada-do-centro-de-ciencias-juridicas-aborda-relacoes-do-direito-empresarial-com-tributario-civil-e-penal\/","title":{"rendered":"Jornada do Centro de Ci\u00eancias Jur\u00eddicas aborda rela\u00e7\u00f5es do Direito Empresarial com Tribut\u00e1rio, Civil e Penal"},"content":{"rendered":"<p>Para evidenciar a vis\u00e3o interdisciplinar, o Centro de Ci\u00eancias Jur\u00eddicas (CCJ) da Universidade Estadual da Para\u00edba (UEPB) promove, nos dias 19 e 20 abril, a 1\u00aa Jornada de Direito Empresarial da Institui\u00e7\u00e3o com a proposta de abordar rela\u00e7\u00f5es envolvendo o Direito Empresarial com Direito Tribut\u00e1rio, Direito Civil e Direito Penal. O evento ser\u00e1 realizado no Audit\u00f3rio do CCJ. As inscri\u00e7\u00f5es est\u00e3o abertas e podem ser feitas atrav\u00e9s da comiss\u00e3o organizadora no 5\u00ba per\u00edodo do curso ou pela p\u00e1gina oficial do evento no <a href=\"https:\/\/www.facebook.com\/I-Jornada-de-Direito-Empresarial-157456868108799\/?fref=ts\">Facebook<\/a>.<\/p>\n<p>O objetivo da Jornada \u00e9 abordar a vis\u00e3o interdisciplinar do Direito de Empresa, mostrando sua relev\u00e2ncia social, bem como aproxim\u00e1-lo dos estudiosos do Direito e \u00e1reas afins. O evento ser\u00e1 composto por mesas redondas onde ser\u00e3o debatidos artigos cient\u00edficos que possuem ideias divergentes entre si, com foco em discuss\u00e3o de temas que possuem vis\u00f5es doutrin\u00e1rias ou jurisprudenciais contrapostas. Ao todo, ser\u00e3o quatro debates, cada um com suas respectivas \u00e1reas e temas espec\u00edficos.<\/p>\n<p>Todas as mesas redondas ser\u00e3o compostas por estudantes e mediadas por professores. A 1\u00aa Jornada de Direito Empresarial tem ainda a finalidade de arrecada\u00e7\u00e3o de alimentos, roupas e cal\u00e7ados que ser\u00e3o revertidos para uma institui\u00e7\u00e3o de caridade da cidade. Dessa forma, os participantes poder\u00e3o fazer suas doa\u00e7\u00f5es no dia da abertura do evento. Outras informa\u00e7\u00f5es podem ser obtidas atrav\u00e9s dos telefones (83) 99804-2171\/ 98742-7541 \/ 98844-9241 ou pelo e-mail ijornadadediretoempresarial@gmail.com.<\/p>\n<p><a href=\"http:\/\/www.uepb.edu.br\/wp-content\/uploads\/2017\/04\/Folder-Direito-Empresarial.png\"><img loading=\"lazy\" decoding=\"async\" data-attachment-id=\"32675\" data-permalink=\"http:\/\/www.uepb.edu.br\/jornada-do-centro-de-ciencias-juridicas-aborda-relacoes-do-direito-empresarial-com-tributario-civil-e-penal\/folder-direito-empresarial\/\" data-orig-file=\"http:\/\/www.uepb.edu.br\/wp-content\/uploads\/2017\/04\/Folder-Direito-Empresarial.png\" data-orig-size=\"1000,1401\" data-comments-opened=\"1\" data-image-meta=\"{&quot;aperture&quot;:&quot;0&quot;,&quot;credit&quot;:&quot;&quot;,&quot;camera&quot;:&quot;&quot;,&quot;caption&quot;:&quot;&quot;,&quot;created_timestamp&quot;:&quot;0&quot;,&quot;copyright&quot;:&quot;&quot;,&quot;focal_length&quot;:&quot;0&quot;,&quot;iso&quot;:&quot;0&quot;,&quot;shutter_speed&quot;:&quot;0&quot;,&quot;title&quot;:&quot;&quot;,&quot;orientation&quot;:&quot;0&quot;}\" data-image-title=\"Folder &#8211; Direito Empresarial\" data-image-description=\"\" data-medium-file=\"http:\/\/www.uepb.edu.br\/wp-content\/uploads\/2017\/04\/Folder-Direito-Empresarial-214x300.png\" data-large-file=\"http:\/\/www.uepb.edu.br\/wp-content\/uploads\/2017\/04\/Folder-Direito-Empresarial-731x1024.png\" class=\"alignleft size-full wp-image-32675 img-responsive img-responsive\" src=\"http:\/\/www.uepb.edu.br\/wp-content\/uploads\/2017\/04\/Folder-Direito-Empresarial.png\" alt=\"\" width=\"1000\" height=\"1401\" srcset=\"http:\/\/www.uepb.edu.br\/wp-content\/uploads\/2017\/04\/Folder-Direito-Empresarial.png 1000w, http:\/\/www.uepb.edu.br\/wp-content\/uploads\/2017\/04\/Folder-Direito-Empresarial-214x300.png 214w, http:\/\/www.uepb.edu.br\/wp-content\/uploads\/2017\/04\/Folder-Direito-Empresarial-768x1076.png 768w, http:\/\/www.uepb.edu.br\/wp-content\/uploads\/2017\/04\/Folder-Direito-Empresarial-731x1024.png 731w, http:\/\/www.uepb.edu.br\/wp-content\/uploads\/2017\/04\/Folder-Direito-Empresarial-370x518.png 370w, http:\/\/www.uepb.edu.br\/wp-content\/uploads\/2017\/04\/Folder-Direito-Empresarial-840x1177.png 840w\" sizes=\"auto, (max-width: 1000px) 100vw, 1000px\" \/><\/a><\/p>\n<p>&nbsp;<\/p>\n<p>&nbsp;<\/p>\n<p>&nbsp;<\/p>\n<p>&nbsp;<\/p>\n<p><em><strong>Texto:<\/strong> Givaldo Cavalcanti<\/em><\/p>\n","protected":false},"excerpt":{"rendered":"<p>Para evidenciar a vis&atilde;o interdisciplinar, o Centro de Ci&ecirc;ncias Jur&iacute;dicas (CCJ) da Universidade Estadual da Para&iacute;ba (UEPB) promove, nos dias 19 e 20 abril, a 1&ordf; Jornada de Direito Empresarial da Institui&ccedil;&atilde;o com a proposta de abordar rela&ccedil;&otilde;es envolvendo o Direito Empresarial com Direito Tribut&aacute;rio, Direito Civil e Direito Penal. O evento ser&aacute; realizado no <a href=\"http:\/\/www.uepb.edu.br\/jornada-do-centro-de-ciencias-juridicas-aborda-relacoes-do-direito-empresarial-com-tributario-civil-e-penal\/\">Leia Mais&#8230;<\/a><\/p>\n","protected":false},"author":25,"featured_media":0,"comment_status":"closed","ping_status":"closed","sticky":false,"template":"","format":"standard","meta":{"jetpack_post_was_ever_published":false,"_jetpack_newsletter_access":"","_jetpack_dont_email_post_to_subs":false,"_jetpack_newsletter_tier_id":0,"_jetpack_memberships_contains_paywalled_content":false,"_jetpack_memberships_contains_paid_content":false,"footnotes":"","jetpack_publicize_message":"","jetpack_publicize_feature_enabled":true,"jetpack_social_post_already_shared":true,"jetpack_social_options":{"image_generator_settings":{"template":"highway","default_image_id":0,"font":"","enabled":false},"version":2}},"categories":[10,4,13],"tags":[],"class_list":["post-408","post","type-post","status-publish","format-standard","hentry","category-ccj","category-noticias","category-noticias-destaque-img"],"jetpack_publicize_connections":[],"jetpack_featured_media_url":"","jetpack_sharing_enabled":true,"jetpack_shortlink":"https:\/\/wp.me\/p7WTDo-6A","_links":{"self":[{"href":"https:\/\/centros.uepb.edu.br\/ccj\/wp-json\/wp\/v2\/posts\/408","targetHints":{"allow":["GET"]}}],"collection":[{"href":"https:\/\/centros.uepb.edu.br\/ccj\/wp-json\/wp\/v2\/posts"}],"about":[{"href":"https:\/\/centros.uepb.edu.br\/ccj\/wp-json\/wp\/v2\/types\/post"}],"author":[{"embeddable":true,"href":"https:\/\/centros.uepb.edu.br\/ccj\/wp-json\/wp\/v2\/users\/25"}],"replies":[{"embeddable":true,"href":"https:\/\/centros.uepb.edu.br\/ccj\/wp-json\/wp\/v2\/comments?post=408"}],"version-history":[{"count":0,"href":"https:\/\/centros.uepb.edu.br\/ccj\/wp-json\/wp\/v2\/posts\/408\/revisions"}],"wp:attachment":[{"href":"https:\/\/centros.uepb.edu.br\/ccj\/wp-json\/wp\/v2\/media?parent=408"}],"wp:term":[{"taxonomy":"category","embeddable":true,"href":"https:\/\/centros.uepb.edu.br\/ccj\/wp-json\/wp\/v2\/categories?post=408"},{"taxonomy":"post_tag","embeddable":true,"href":"https:\/\/centros.uepb.edu.br\/ccj\/wp-json\/wp\/v2\/tags?post=408"}],"curies":[{"name":"wp","href":"https:\/\/api.w.org\/{rel}","templated":true}]}}