{"id":400,"date":"2017-03-27T14:50:32","date_gmt":"2017-03-27T17:50:32","guid":{"rendered":"http:\/\/www.uepb.edu.br\/?p=32286"},"modified":"2017-03-27T14:50:32","modified_gmt":"2017-03-27T17:50:32","slug":"ccj-aborda-questoes-sobre-a-adocao-de-criancas-em-encontro-multidisciplinar-de-direito-da-familia","status":"publish","type":"post","link":"https:\/\/centros.uepb.edu.br\/ccj\/ccj-aborda-questoes-sobre-a-adocao-de-criancas-em-encontro-multidisciplinar-de-direito-da-familia\/","title":{"rendered":"CCJ aborda quest\u00f5es sobre a ado\u00e7\u00e3o de crian\u00e7as em Encontro Multidisciplinar de Direito da Fam\u00edlia"},"content":{"rendered":"<p>O Centro de Ci\u00eancias Jur\u00eddicas (CCJ) da Universidade Estadual da Para\u00edba (UEPB) realizar\u00e1 na pr\u00f3xima quarta-feira (29) \u00e0s 9h, no audit\u00f3rio do CCJ, o 1\u00ba Encontro Multidisciplinar de Direito da Fam\u00edlia: perspectivas e aproxima\u00e7\u00f5es sobre a ado\u00e7\u00e3o. O evento propiciar\u00e1 um debate a respeito dos tr\u00e2mites legais e psicol\u00f3gicos da ado\u00e7\u00e3o no Brasil, contando com a participa\u00e7\u00e3o do juiz da Vara da Inf\u00e2ncia e Juventude, Algacyr Rodrigues, e da representante da Casa da Crian\u00e7a Dr. Jo\u00e3o Moura, Bet\u00e2nia de Souza.<\/p>\n<p>Al\u00e9m disso, o encontro d\u00e1 in\u00edcio \u00e0s atividades do Projeto de Extens\u00e3o \u201cN\u00facleo de estudo e pr\u00e1tica jur\u00eddica: assist\u00eancia integral a conflitos de guarda e ado\u00e7\u00e3o\u201d, criado em parceria com o escrit\u00f3rio modelo da UEPB com a finalidade principal de atender causas c\u00edveis de Direito de Fam\u00edlia, sobretudo as de guarda e ado\u00e7\u00e3o. Participar\u00e3o ainda os alunos do curso de Direito, bem como docentes e discentes do curso de Psicologia da Universidade Federal de Campina Grande (UFCG).<\/p>\n<p>Para participar, os interessados dever\u00e3o doar um quilo de alimento n\u00e3o perec\u00edvel, que ser\u00e1 entregue posteriormente \u00e0 Casa da Crian\u00e7a Dr. Jo\u00e3o Moura, em Campina Grande. Outras informa\u00e7\u00f5es podem ser adquiridas atrav\u00e9s dos telefones: (83) 3310-9752 \/ 3310-9753.<\/p>\n<p><strong>Texto:<\/strong> <em>Giuliana Rodrigues<\/em><\/p>\n","protected":false},"excerpt":{"rendered":"<p>O Centro de Ci&ecirc;ncias Jur&iacute;dicas (CCJ) da Universidade Estadual da Para&iacute;ba (UEPB) realizar&aacute; na pr&oacute;xima quarta-feira (29) &agrave;s 9h, no audit&oacute;rio do CCJ, o 1&ordm; Encontro Multidisciplinar de Direito da Fam&iacute;lia: perspectivas e aproxima&ccedil;&otilde;es sobre a ado&ccedil;&atilde;o. O evento propiciar&aacute; um debate a respeito dos tr&acirc;mites legais e psicol&oacute;gicos da ado&ccedil;&atilde;o no Brasil, contando com <a href=\"http:\/\/www.uepb.edu.br\/ccj-aborda-questoes-sobre-a-adocao-de-criancas-em-encontro-multidisciplinar-de-direito-da-familia\/\">Leia Mais&#8230;<\/a><\/p>\n","protected":false},"author":25,"featured_media":0,"comment_status":"closed","ping_status":"closed","sticky":false,"template":"","format":"standard","meta":{"jetpack_post_was_ever_published":false,"_jetpack_newsletter_access":"","_jetpack_dont_email_post_to_subs":false,"_jetpack_newsletter_tier_id":0,"_jetpack_memberships_contains_paywalled_content":false,"_jetpack_memberships_contains_paid_content":false,"footnotes":"","jetpack_publicize_message":"","jetpack_publicize_feature_enabled":true,"jetpack_social_post_already_shared":true,"jetpack_social_options":{"image_generator_settings":{"template":"highway","default_image_id":0,"font":"","enabled":false},"version":2}},"categories":[10,4,33,12,38],"tags":[],"class_list":["post-400","post","type-post","status-publish","format-standard","hentry","category-ccj","category-noticias","category-noticias-alunos","category-noticias-destaque","category-proex"],"jetpack_publicize_connections":[],"jetpack_featured_media_url":"","jetpack_sharing_enabled":true,"jetpack_shortlink":"https:\/\/wp.me\/p7WTDo-6s","_links":{"self":[{"href":"https:\/\/centros.uepb.edu.br\/ccj\/wp-json\/wp\/v2\/posts\/400","targetHints":{"allow":["GET"]}}],"collection":[{"href":"https:\/\/centros.uepb.edu.br\/ccj\/wp-json\/wp\/v2\/posts"}],"about":[{"href":"https:\/\/centros.uepb.edu.br\/ccj\/wp-json\/wp\/v2\/types\/post"}],"author":[{"embeddable":true,"href":"https:\/\/centros.uepb.edu.br\/ccj\/wp-json\/wp\/v2\/users\/25"}],"replies":[{"embeddable":true,"href":"https:\/\/centros.uepb.edu.br\/ccj\/wp-json\/wp\/v2\/comments?post=400"}],"version-history":[{"count":0,"href":"https:\/\/centros.uepb.edu.br\/ccj\/wp-json\/wp\/v2\/posts\/400\/revisions"}],"wp:attachment":[{"href":"https:\/\/centros.uepb.edu.br\/ccj\/wp-json\/wp\/v2\/media?parent=400"}],"wp:term":[{"taxonomy":"category","embeddable":true,"href":"https:\/\/centros.uepb.edu.br\/ccj\/wp-json\/wp\/v2\/categories?post=400"},{"taxonomy":"post_tag","embeddable":true,"href":"https:\/\/centros.uepb.edu.br\/ccj\/wp-json\/wp\/v2\/tags?post=400"}],"curies":[{"name":"wp","href":"https:\/\/api.w.org\/{rel}","templated":true}]}}