{"id":398,"date":"2017-03-24T15:17:38","date_gmt":"2017-03-24T18:17:38","guid":{"rendered":"http:\/\/www.uepb.edu.br\/?p=32267"},"modified":"2017-03-24T15:17:38","modified_gmt":"2017-03-24T18:17:38","slug":"centro-de-ciencias-juridicas-promove-entre-7-e-9-de-abril-1o-encontro-de-direito-publico-da-paraiba","status":"publish","type":"post","link":"https:\/\/centros.uepb.edu.br\/ccj\/centro-de-ciencias-juridicas-promove-entre-7-e-9-de-abril-1o-encontro-de-direito-publico-da-paraiba\/","title":{"rendered":"Centro de Ci\u00eancias Jur\u00eddicas promove entre 7 e 9 de abril 1\u00ba Encontro de Direito P\u00fablico da Para\u00edba"},"content":{"rendered":"<p>Ser\u00e1 realizado entre os dias 7 e 9 de abril a primeira edi\u00e7\u00e3o do Encontro de Direito P\u00fablico da Para\u00edba, promovido pela Universidade Estadual da Para\u00edba (UEPB), atrav\u00e9s do Centro de Ci\u00eancias Jur\u00eddicas (CCJ) e do Centro Acad\u00eamico Sobral Pinto (CASP). O evento ser\u00e1 realizado no audit\u00f3rio da Funda\u00e7\u00e3o das Ind\u00fastrias do Estado da Para\u00edba (Fiep) e abordar\u00e1 as \u00e1reas de Direito Financeiro, Direito Administrativo, Direito Tribut\u00e1rio, Direito Processual Civil, entre outras.<\/p>\n<p>As inscri\u00e7\u00f5es podem ser feitas atrav\u00e9s do seguinte endere\u00e7o: <a href=\"https:\/\/docs.google.com\/forms\/d\/1qI7h5wZdRoDj-FzdwSyf60x-wvcBChwZowUVz6Qso58\/viewform?edit_requested=true\">https:\/\/docs.google.com\/forms\/d\/1qI7h5wZdRoDj-FzdwSyf60x-wvcBChwZowUVz6Qso58\/viewform?edit_requested=true<\/a>. A abertura oficial do Encontro est\u00e1 programada para as 19h da sexta-feira (7), com a palestra \u201cDever fundamental de pagar tributos como pressuposto de efetiva\u00e7\u00e3o dos direitos humanos\u201d, ministrada por Arthur Moura. No ato da inscri\u00e7\u00e3o o participante poder\u00e1 escolher a op\u00e7\u00e3o de submiss\u00e3o de trabalho para apresentar no evento.<\/p>\n<p>Durante os tr\u00eas dias de discuss\u00f5es importantes nomes do Direito participar\u00e3o do Encontro. Est\u00e3o confirmados magistrados como: Rachel Nogueira, Melanie Mendoza, Ubirajara Casado, Francisco Leite, Saulo Medeiros, Ronny Charles, Raphael Alexander, Bradson Camelo, Jubevan Caldas, Diogo Lyra, Paulo Roberto, entre outros. A organiza\u00e7\u00e3o do 1\u00ba Encontro de Direito P\u00fablico da Para\u00edba tamb\u00e9m oferecer\u00e1 um concurso de artigos cient\u00edficos. Os interessados devem enviar seus trabalhos at\u00e9 o dia 2 de abril para o e-mail <a href=\"mailto:artigoconcurso@gmail.com\">artigoconcurso@gmail.com<\/a>. O resultado oficial do concurso ser\u00e1 anunciado no domingo (9), antes da palestra de encerramento.<\/p>\n<p>Outras informa\u00e7\u00f5es podem ser obtidas pelo e-mail <a href=\"mailto:deangelisrafael1@gmail.com\">deangelisrafael1@gmail.com<\/a>, ou pelo telefone 99979-377. Confira a programa\u00e7\u00e3o completa do evento <a href=\"http:\/\/www.uepb.edu.br\/download\/4_-_outros_documentos_2016\/direito_publico.jpg\" >AQUI<\/a>.<\/p>\n<p><strong>Texto:<\/strong> <em>Givaldo Cavalcanti<\/em><\/p>\n","protected":false},"excerpt":{"rendered":"<p>Ser&aacute; realizado entre os dias 7 e 9 de abril a primeira edi&ccedil;&atilde;o do Encontro de Direito P&uacute;blico da Para&iacute;ba, promovido pela Universidade Estadual da Para&iacute;ba (UEPB), atrav&eacute;s do Centro de Ci&ecirc;ncias Jur&iacute;dicas (CCJ) e do Centro Acad&ecirc;mico Sobral Pinto (CASP). O evento ser&aacute; realizado no audit&oacute;rio da Funda&ccedil;&atilde;o das Ind&uacute;strias do Estado da Para&iacute;ba <a href=\"http:\/\/www.uepb.edu.br\/centro-de-ciencias-juridicas-promove-entre-7-e-9-de-abril-1o-encontro-de-direito-publico-da-paraiba\/\">Leia Mais&#8230;<\/a><\/p>\n","protected":false},"author":25,"featured_media":0,"comment_status":"closed","ping_status":"closed","sticky":false,"template":"","format":"standard","meta":{"jetpack_post_was_ever_published":false,"_jetpack_newsletter_access":"","_jetpack_dont_email_post_to_subs":false,"_jetpack_newsletter_tier_id":0,"_jetpack_memberships_contains_paywalled_content":false,"_jetpack_memberships_contains_paid_content":false,"footnotes":"","jetpack_publicize_message":"","jetpack_publicize_feature_enabled":true,"jetpack_social_post_already_shared":true,"jetpack_social_options":{"image_generator_settings":{"template":"highway","default_image_id":0,"font":"","enabled":false},"version":2}},"categories":[10,4,33,12],"tags":[],"class_list":["post-398","post","type-post","status-publish","format-standard","hentry","category-ccj","category-noticias","category-noticias-alunos","category-noticias-destaque"],"jetpack_publicize_connections":[],"jetpack_featured_media_url":"","jetpack_sharing_enabled":true,"jetpack_shortlink":"https:\/\/wp.me\/p7WTDo-6q","_links":{"self":[{"href":"https:\/\/centros.uepb.edu.br\/ccj\/wp-json\/wp\/v2\/posts\/398","targetHints":{"allow":["GET"]}}],"collection":[{"href":"https:\/\/centros.uepb.edu.br\/ccj\/wp-json\/wp\/v2\/posts"}],"about":[{"href":"https:\/\/centros.uepb.edu.br\/ccj\/wp-json\/wp\/v2\/types\/post"}],"author":[{"embeddable":true,"href":"https:\/\/centros.uepb.edu.br\/ccj\/wp-json\/wp\/v2\/users\/25"}],"replies":[{"embeddable":true,"href":"https:\/\/centros.uepb.edu.br\/ccj\/wp-json\/wp\/v2\/comments?post=398"}],"version-history":[{"count":0,"href":"https:\/\/centros.uepb.edu.br\/ccj\/wp-json\/wp\/v2\/posts\/398\/revisions"}],"wp:attachment":[{"href":"https:\/\/centros.uepb.edu.br\/ccj\/wp-json\/wp\/v2\/media?parent=398"}],"wp:term":[{"taxonomy":"category","embeddable":true,"href":"https:\/\/centros.uepb.edu.br\/ccj\/wp-json\/wp\/v2\/categories?post=398"},{"taxonomy":"post_tag","embeddable":true,"href":"https:\/\/centros.uepb.edu.br\/ccj\/wp-json\/wp\/v2\/tags?post=398"}],"curies":[{"name":"wp","href":"https:\/\/api.w.org\/{rel}","templated":true}]}}