{"id":385,"date":"2017-02-20T09:11:43","date_gmt":"2017-02-20T12:11:43","guid":{"rendered":"http:\/\/www.uepb.edu.br\/?p=31697"},"modified":"2017-02-20T09:11:43","modified_gmt":"2017-02-20T12:11:43","slug":"reitor-recebe-trofeu-do-premio-nacional-de-educacao-fiscal-conquistado-por-projeto-de-extensao","status":"publish","type":"post","link":"https:\/\/centros.uepb.edu.br\/ccj\/reitor-recebe-trofeu-do-premio-nacional-de-educacao-fiscal-conquistado-por-projeto-de-extensao\/","title":{"rendered":"Reitor recebe trof\u00e9u do Pr\u00eamio Nacional de Educa\u00e7\u00e3o Fiscal conquistado por projeto de extens\u00e3o"},"content":{"rendered":"<p><a href=\"http:\/\/www.uepb.edu.br\/reitor-recebe-trofeu-do-premio-nacional-de-educacao-fiscal-conquistado-por-projeto-de-extensao-da-uepb\/#gallery-31697-1-slideshow\">Clique para exibir o slide.<\/a><\/p>\n<p>Na \u00faltima quinta-feira (16), os coordenadores do programa de extens\u00e3o \u201cReceita para Cidadania e para o Desenvolvimento\u201d, professores Francisco Leite e Roberto Faustino, entregaram ao reitor Rangel Junior o trof\u00e9u do Pr\u00eamio Nacional de Educa\u00e7\u00e3o Fiscal, conquistado em novembro do ano passado pelo programa \u201cReceita para a Cidadania e para o Desenvolvimento\u201d em evento promovido pela Federa\u00e7\u00e3o Brasileira de Associa\u00e7\u00e3o de Fiscais de Tributos Estaduais (Febrafite). A entrega aconteceu no Gabinete da Reitoria, no C\u00e2mpus de Bodocong\u00f3, em Campina Grande.<\/p>\n<p>O programa de extens\u00e3o envolve mais de 60 alunos dos cursos de Administra\u00e7\u00e3o, Contabilidade, Comunica\u00e7\u00e3o Social, Direito e Economia da UEPB e tem como objetivo orientar a comunidade acad\u00eamica e a popula\u00e7\u00e3o em geral sobre Educa\u00e7\u00e3o Fiscal e a import\u00e2ncia do pagamento de tributos. Ao todo, se inscreveram no pr\u00eamio 141 projetos nacionais de 18 estados e do Distrito Federal. Destes, 10 se classificaram para a final. O \u201cReceita para a Cidadania e para o Desenvolvimento\u201d ficou em segundo lugar na categoria \u201cInstitui\u00e7\u00f5es\u201d.<\/p>\n<p>Ap\u00f3s receber o trof\u00e9u, o reitor Rangel J\u00fanior ressaltou a import\u00e2ncia do pr\u00eamio para a Universidade pelo reconhecimento nacional alcan\u00e7ado pelo programa no concurso, tendo se destacado a qualidade do projeto desenvolvido pela Institui\u00e7\u00e3o. \u201cO pr\u00eamio \u00e9 importante porque ele se destaca de alguma maneira como um reconhecimento por uma an\u00e1lise da qualidade de um projeto\u201d, frisou, acrescentando que independentemente da coloca\u00e7\u00e3o alcan\u00e7ada, n\u00e3o h\u00e1 d\u00favida de que o fato de o programa ter sido indicado como um dos destaques do concurso j\u00e1 \u00e9 um motivo importante.<\/p>\n<p>J\u00e1 o professor Francisco Leite, coordenador geral do projeto, destacou que \u201cem apenas dois anos de projeto conseguimos um feito grandioso. Atrav\u00e9s do programa colocamos a disciplina de Educa\u00e7\u00e3o Fiscal em tr\u00eas cursos de gradua\u00e7\u00e3o da UEPB (Administra\u00e7\u00e3o, Direito e Contabilidade) e s\u00e3o mais de 60 alunos envolvidos, o que auxilia significativamente na forma\u00e7\u00e3o dos estudantes, al\u00e9m de prestar um servi\u00e7o valoroso para a sociedade\u201d.<\/p>\n<p>Os estudantes envolvidos na iniciativa prestam assist\u00eancia a pessoas da comunidade acad\u00eamica da UEPB e a popula\u00e7\u00e3o em geral. Em uma das a\u00e7\u00f5es, eles ajudam na elabora\u00e7\u00e3o da Declara\u00e7\u00e3o do Imposto de Renda, gra\u00e7as a uma parceria da UEPB com a Receita Federal de Jo\u00e3o Pessoa e Campina Grande. Dentro das atividades do projeto tamb\u00e9m s\u00e3o realizados cursos, palestras, semin\u00e1rios, oficinas voltadas \u00e0 comunidade acad\u00eamica, aos contabilistas e aos setores do empresariado paraibano, com temas relativos \u00e0 educa\u00e7\u00e3o fiscal e ao empreendedorismo, bem como capacita\u00e7\u00e3o de alunos. A a\u00e7\u00e3o tem como parceiros o Conselho Regional de Contabilidade (CRC-PB), o Instituto Paraibano de Estudos Tribut\u00e1rios e as Delegacias da Receita Federal de Jo\u00e3o Pessoa e Campina Grande, Controladoria Geral da Uni\u00e3o e o Instituto Paraibano de Estudos Tribut\u00e1rios da Para\u00edba.<\/p>\n<p>O projeto tem como metas inserir anualmente os alunos na pr\u00e1tica extensionista da Institui\u00e7\u00e3o, capacitando-os na tem\u00e1tica de educa\u00e7\u00e3o fiscal e do empreendedorismo, potencializando o efeito multiplicador do alunado junto \u00e0s suas respectivas comunidades, bem como realizar uma ou mais atividade por m\u00eas para cada um dos segmentos a seguir: contadores, advogados, administradores e empresariado, com o conte\u00fado de educa\u00e7\u00e3o fiscal, t\u00e9cnico-profissional ou pertinente ao empreendedorismo.<\/p>\n<p>\u201cReceita para a Cidadania e para o Desenvolvimento\u201d possui N\u00facleo de Apoio Fiscal (NAF) funcionando no C\u00e2mpus da UEPB em Monteiro, orientando o contribuinte para a utiliza\u00e7\u00e3o de mais de 200 servi\u00e7os que a Receita Federal disponibiliza atrav\u00e9s da internet. A partir da supervis\u00e3o de um professor, o aluno presta aux\u00edlio did\u00e1tico para que, posteriormente, a pr\u00f3pria pessoa f\u00edsica possa utilizar sozinha as ferramentas do Centro Virtual de Atendimento ao Contribuinte oferecido pela Receita Federal. A UEPB e a Receita Federal do Brasil j\u00e1 est\u00e3o trabalhando no sentido de instalar um NAF tamb\u00e9m em Campina Grande.<\/p>\n<p><strong>Texto:<\/strong> Marcos Morais e Adriana Ferreira<br \/>\n<strong>Fotos:<\/strong> J. Cesar<\/p>\n<p>&nbsp;<\/p>\n","protected":false},"excerpt":{"rendered":"<p>Na &uacute;ltima quinta-feira (16), os coordenadores do programa de extens&atilde;o &ldquo;Receita para Cidadania e para o Desenvolvimento&rdquo;, professores Francisco Leite e Roberto Faustino, entregaram ao reitor Rangel Junior o trof&eacute;u do Pr&ecirc;mio Nacional de Educa&ccedil;&atilde;o Fiscal, conquistado em novembro do ano passado pelo programa &ldquo;Receita para a Cidadania e para o Desenvolvimento&rdquo; em evento promovido <a href=\"http:\/\/www.uepb.edu.br\/reitor-recebe-trofeu-do-premio-nacional-de-educacao-fiscal-conquistado-por-projeto-de-extensao-da-uepb\/\">Leia Mais&#8230;<\/a><\/p>\n","protected":false},"author":26,"featured_media":0,"comment_status":"closed","ping_status":"closed","sticky":false,"template":"","format":"standard","meta":{"jetpack_post_was_ever_published":false,"_jetpack_newsletter_access":"","_jetpack_dont_email_post_to_subs":false,"_jetpack_newsletter_tier_id":0,"_jetpack_memberships_contains_paywalled_content":false,"_jetpack_memberships_contains_paid_content":false,"footnotes":"","jetpack_publicize_message":"","jetpack_publicize_feature_enabled":true,"jetpack_social_post_already_shared":true,"jetpack_social_options":{"image_generator_settings":{"template":"highway","default_image_id":0,"font":"","enabled":false},"version":2}},"categories":[24,10,11,4,33,13,38],"tags":[],"class_list":["post-385","post","type-post","status-publish","format-standard","hentry","category-cche","category-ccj","category-ccsa","category-noticias","category-noticias-alunos","category-noticias-destaque-img","category-proex"],"jetpack_publicize_connections":[],"jetpack_featured_media_url":"","jetpack_sharing_enabled":true,"jetpack_shortlink":"https:\/\/wp.me\/p7WTDo-6d","_links":{"self":[{"href":"https:\/\/centros.uepb.edu.br\/ccj\/wp-json\/wp\/v2\/posts\/385","targetHints":{"allow":["GET"]}}],"collection":[{"href":"https:\/\/centros.uepb.edu.br\/ccj\/wp-json\/wp\/v2\/posts"}],"about":[{"href":"https:\/\/centros.uepb.edu.br\/ccj\/wp-json\/wp\/v2\/types\/post"}],"author":[{"embeddable":true,"href":"https:\/\/centros.uepb.edu.br\/ccj\/wp-json\/wp\/v2\/users\/26"}],"replies":[{"embeddable":true,"href":"https:\/\/centros.uepb.edu.br\/ccj\/wp-json\/wp\/v2\/comments?post=385"}],"version-history":[{"count":0,"href":"https:\/\/centros.uepb.edu.br\/ccj\/wp-json\/wp\/v2\/posts\/385\/revisions"}],"wp:attachment":[{"href":"https:\/\/centros.uepb.edu.br\/ccj\/wp-json\/wp\/v2\/media?parent=385"}],"wp:term":[{"taxonomy":"category","embeddable":true,"href":"https:\/\/centros.uepb.edu.br\/ccj\/wp-json\/wp\/v2\/categories?post=385"},{"taxonomy":"post_tag","embeddable":true,"href":"https:\/\/centros.uepb.edu.br\/ccj\/wp-json\/wp\/v2\/tags?post=385"}],"curies":[{"name":"wp","href":"https:\/\/api.w.org\/{rel}","templated":true}]}}