{"id":348,"date":"2016-11-10T15:14:37","date_gmt":"2016-11-10T18:14:37","guid":{"rendered":"http:\/\/www.uepb.edu.br\/?p=30253"},"modified":"2016-11-10T15:14:37","modified_gmt":"2016-11-10T18:14:37","slug":"programa-de-extensao-da-uepb-e-premiado-nacionalmente-por-iniciativa-na-area-de-educacao-fiscal","status":"publish","type":"post","link":"https:\/\/centros.uepb.edu.br\/ccj\/programa-de-extensao-da-uepb-e-premiado-nacionalmente-por-iniciativa-na-area-de-educacao-fiscal\/","title":{"rendered":"Programa de extens\u00e3o da UEPB \u00e9 premiado nacionalmente por iniciativa na \u00e1rea de Educa\u00e7\u00e3o Fiscal"},"content":{"rendered":"<p><a href=\"http:\/\/www.uepb.edu.br\/programa-de-extensao-da-uepb-e-premiado-nacionalmente-por-iniciativa-na-area-de-educacao-fiscal\/#gallery-30253-1-slideshow\">Clique para exibir o slide.<\/a><\/p>\n<p style=\"text-align: justify;\">Com apenas dois anos de implanta\u00e7\u00e3o, o programa de extens\u00e3o \u201cReceita para Cidadania e para o Desenvolvimento\u201d, desenvolvido atrav\u00e9s do Centro de Ci\u00eancias Sociais Aplicadas (CCSA) e do Centro de Ci\u00eancias Jur\u00eddicas (CCJ) da Universidade Estadual da Para\u00edba (UEPB), j\u00e1 come\u00e7a a colher os bons frutos de suas iniciativas e, na noite desta quarta-feira (9), se destacou no Pr\u00eamio Nacional de Educa\u00e7\u00e3o Fiscal, promovido pela Federa\u00e7\u00e3o Brasileira de Associa\u00e7\u00e3o de Fiscais de Tributos Estaduais (Febrafite), no qual obteve o segundo lugar na categoria &#8220;Institui\u00e7\u00f5es&#8221;. A entrega do pr\u00eamio foi realizada na sede da Receita Federal, em Bras\u00edlia (DF).<\/p>\n<p style=\"text-align: justify;\">O professor Francisco Leite, coordenador do programa, recebeu o trof\u00e9u e um cheque no valor de R$ 5 mil pela premia\u00e7\u00e3o. Para ele, a conquista representa um fato extraordin\u00e1rio para a UEPB, para seus alunos e professores. \u201cEstando entre os finalistas e chegando a conquistar esta premia\u00e7\u00e3o, estamos demonstrando a import\u00e2ncia do trabalho de extens\u00e3o realizado junto com a pesquisa e o ensino. Certamente, \u00e9 algo que fortalece ainda mais a extens\u00e3o universit\u00e1ria e estimula ainda mais o desenvolvimento do trabalho, para levar a educa\u00e7\u00e3o fiscal cada vez mais perto da popula\u00e7\u00e3o\u201d, disse o professor.<\/p>\n<p style=\"text-align: justify;\">Ao todo, se inscreveram no pr\u00eamio 141 projetos nacionais de 18 estados e do Distrito Federal. Destes, 10 se classificaram para a final. O programa extensionista da UEPB envolve alunos dos cursos de Comunica\u00e7\u00e3o Social, Contabilidade, Direito, Administra\u00e7\u00e3o e Economia, capacitados por auditores da Secretaria da Receita Federal e da Controladoria Geral da Uni\u00e3o, e conta ainda com oito projetos simult\u00e2neos. Os estudantes envolvidos na iniciativa prestam assist\u00eancia a pessoas da comunidade acad\u00eamica da UEPB e a popula\u00e7\u00e3o em geral. Em uma das a\u00e7\u00f5es, eles ajudam na elabora\u00e7\u00e3o da Declara\u00e7\u00e3o do Imposto de Renda, gra\u00e7as a uma parceria da UEPB com a Receita Federal de Jo\u00e3o Pessoa e Campina Grande.<\/p>\n<p style=\"text-align: justify;\">Dentro das atividades do projeto tamb\u00e9m s\u00e3o realizados cursos, palestras, semin\u00e1rios, oficinas voltadas \u00e0 comunidade acad\u00eamica, aos contabilistas e aos setores do empresariado paraibano, com temas relativos \u00e0 educa\u00e7\u00e3o fiscal e ao empreendedorismo, bem como capacita\u00e7\u00e3o de alunos. A a\u00e7\u00e3o tem como parceiros o Conselho Regional de Contabilidade (CRC-PB), o Instituto Paraibano de Estudos Tribut\u00e1rios e as Delegacias da Receita Federal de Jo\u00e3o Pessoa e Campina Grande, Controladoria Geral da Uni\u00e3o e o Instituto Paraibano de Estudos Tribut\u00e1rios da Para\u00edba.<\/p>\n<p style=\"text-align: justify;\">O projeto tem como metas inserir anualmente os alunos na pr\u00e1tica extensionista da Institui\u00e7\u00e3o, capacitando-os na tem\u00e1tica de educa\u00e7\u00e3o fiscal e do empreendedorismo, potencializando o efeito multiplicador do alunado junto \u00e0s suas respectivas comunidades, bem como realizar uma ou mais atividade por m\u00eas para cada um dos segmentos a seguir: contadores, advogados, administradores e empresariado, com o conte\u00fado de educa\u00e7\u00e3o fiscal, t\u00e9cnico-profissional ou pertinente ao empreendedorismo.<\/p>\n<p style=\"text-align: justify;\">\u201cReceita para a Cidadania e para o Desenvolvimento\u201d possui N\u00facleo de Apoio Fiscal (NAF) funcionando no C\u00e2mpus da UEPB em Monteiro, orientando o contribuinte para a utiliza\u00e7\u00e3o de mais de 200 servi\u00e7os que a Receita Federal disponibiliza atrav\u00e9s da internet. A partir da supervis\u00e3o de um professor, o aluno presta aux\u00edlio did\u00e1tico para que, posteriormente, a pr\u00f3pria pessoa f\u00edsica possa utilizar sozinha as ferramentas do Centro Virtual de Atendimento ao Contribuinte oferecido pela Receita Federal. A UEPB e a Receita Federal do Brasil j\u00e1 est\u00e3o trabalhando no sentido de instalar um NAF tamb\u00e9m em Campina Grande.<\/p>\n<p style=\"text-align: justify;\">\n<em><strong>Texto:<\/strong> Tatiana Brand\u00e3o<\/em><br \/>\n<em><strong>Fotos:<\/strong> Assessoria Febrafite<\/em><\/p>\n","protected":false},"excerpt":{"rendered":"<p>Com apenas dois anos de implanta&ccedil;&atilde;o, o programa de extens&atilde;o &ldquo;Receita para Cidadania e para o Desenvolvimento&rdquo;, desenvolvido atrav&eacute;s do Centro de Ci&ecirc;ncias Sociais Aplicadas (CCSA) e do Centro de Ci&ecirc;ncias Jur&iacute;dicas (CCJ) da Universidade Estadual da Para&iacute;ba (UEPB), j&aacute; come&ccedil;a a colher os bons frutos de suas iniciativas e, na noite desta quarta-feira (9), <a href=\"http:\/\/www.uepb.edu.br\/programa-de-extensao-da-uepb-e-premiado-nacionalmente-por-iniciativa-na-area-de-educacao-fiscal\/\">Leia Mais&#8230;<\/a><\/p>\n","protected":false},"author":25,"featured_media":0,"comment_status":"closed","ping_status":"closed","sticky":false,"template":"","format":"standard","meta":{"jetpack_post_was_ever_published":false,"_jetpack_newsletter_access":"","_jetpack_dont_email_post_to_subs":false,"_jetpack_newsletter_tier_id":0,"_jetpack_memberships_contains_paywalled_content":false,"_jetpack_memberships_contains_paid_content":false,"footnotes":"","jetpack_publicize_message":"","jetpack_publicize_feature_enabled":true,"jetpack_social_post_already_shared":true,"jetpack_social_options":{"image_generator_settings":{"template":"highway","default_image_id":0,"font":"","enabled":false},"version":2}},"categories":[10,11,4,13,38],"tags":[],"class_list":["post-348","post","type-post","status-publish","format-standard","hentry","category-ccj","category-ccsa","category-noticias","category-noticias-destaque-img","category-proex"],"jetpack_publicize_connections":[],"jetpack_featured_media_url":"","jetpack_sharing_enabled":true,"jetpack_shortlink":"https:\/\/wp.me\/p7WTDo-5C","_links":{"self":[{"href":"https:\/\/centros.uepb.edu.br\/ccj\/wp-json\/wp\/v2\/posts\/348","targetHints":{"allow":["GET"]}}],"collection":[{"href":"https:\/\/centros.uepb.edu.br\/ccj\/wp-json\/wp\/v2\/posts"}],"about":[{"href":"https:\/\/centros.uepb.edu.br\/ccj\/wp-json\/wp\/v2\/types\/post"}],"author":[{"embeddable":true,"href":"https:\/\/centros.uepb.edu.br\/ccj\/wp-json\/wp\/v2\/users\/25"}],"replies":[{"embeddable":true,"href":"https:\/\/centros.uepb.edu.br\/ccj\/wp-json\/wp\/v2\/comments?post=348"}],"version-history":[{"count":0,"href":"https:\/\/centros.uepb.edu.br\/ccj\/wp-json\/wp\/v2\/posts\/348\/revisions"}],"wp:attachment":[{"href":"https:\/\/centros.uepb.edu.br\/ccj\/wp-json\/wp\/v2\/media?parent=348"}],"wp:term":[{"taxonomy":"category","embeddable":true,"href":"https:\/\/centros.uepb.edu.br\/ccj\/wp-json\/wp\/v2\/categories?post=348"},{"taxonomy":"post_tag","embeddable":true,"href":"https:\/\/centros.uepb.edu.br\/ccj\/wp-json\/wp\/v2\/tags?post=348"}],"curies":[{"name":"wp","href":"https:\/\/api.w.org\/{rel}","templated":true}]}}