{"id":333,"date":"2016-10-14T18:26:04","date_gmt":"2016-10-14T21:26:04","guid":{"rendered":"http:\/\/www.uepb.edu.br\/?p=29723"},"modified":"2016-10-14T18:26:04","modified_gmt":"2016-10-14T21:26:04","slug":"universidade-estadual-da-paraiba-emite-nota-de-pesar-pelo-falecimento-de-ex-professor-da-instituicao","status":"publish","type":"post","link":"https:\/\/centros.uepb.edu.br\/ccj\/universidade-estadual-da-paraiba-emite-nota-de-pesar-pelo-falecimento-de-ex-professor-da-instituicao\/","title":{"rendered":"Universidade Estadual da Para\u00edba emite nota de pesar pelo falecimento de ex-professor da Institui\u00e7\u00e3o"},"content":{"rendered":"<p style=\"text-align: justify;\">A Universidade Estadual da Para\u00edba externa o seu profundo pesar pelo falecimento do professor aposentado Jos\u00e9 Farias de Tavares, ocorrido nesta sexta-feira (14). Homem \u00edntegro, competente, din\u00e2mico, zeloso e simp\u00e1tico, era querido por todos com os quais conviveu na Institui\u00e7\u00e3o durante os v\u00e1rios anos que lecionou no Centro de Ci\u00eancias Jur\u00eddicas (CCJ) da UEPB. \u00c0 fam\u00edlia de Z\u00e9 Tavares, como era chamado pelos colegas de trabalho, a UEPB presta sua solidariedade pela inestim\u00e1vel perda.<\/p>\n<p style=\"text-align: justify;\">Seu vel\u00f3rio est\u00e1 sendo realizado na central de vel\u00f3rios A Viagem, no bairro do S\u00e3o Jos\u00e9, em frente ao Hospital Universit\u00e1rio Alcides Carneiro (HUAC). O sepultamento est\u00e1 marcado para este s\u00e1bado (15), em local e hor\u00e1rio ainda n\u00e3o informado pela fam\u00edlia.<\/p>\n","protected":false},"excerpt":{"rendered":"<p>A Universidade Estadual da Para&iacute;ba externa o seu profundo pesar pelo falecimento do professor aposentado Jos&eacute; Farias de Tavares, ocorrido nesta sexta-feira (14). Homem &iacute;ntegro, competente, din&acirc;mico, zeloso e simp&aacute;tico, era querido por todos com os quais conviveu na Institui&ccedil;&atilde;o durante os v&aacute;rios anos que lecionou no Centro de Ci&ecirc;ncias Jur&iacute;dicas (CCJ) da UEPB. &Agrave; <a href=\"http:\/\/www.uepb.edu.br\/universidade-estadual-da-paraiba-emite-nota-de-pesar-pelo-falecimento-de-ex-professor-da-instituicao\/\">Leia Mais&#8230;<\/a><\/p>\n","protected":false},"author":25,"featured_media":0,"comment_status":"closed","ping_status":"closed","sticky":false,"template":"","format":"standard","meta":{"jetpack_post_was_ever_published":false,"_jetpack_newsletter_access":"","_jetpack_dont_email_post_to_subs":false,"_jetpack_newsletter_tier_id":0,"_jetpack_memberships_contains_paywalled_content":false,"_jetpack_memberships_contains_paid_content":false,"footnotes":"","jetpack_publicize_message":"","jetpack_publicize_feature_enabled":true,"jetpack_social_post_already_shared":true,"jetpack_social_options":{"image_generator_settings":{"template":"highway","default_image_id":0,"font":"","enabled":false},"version":2}},"categories":[10,4,12],"tags":[],"class_list":["post-333","post","type-post","status-publish","format-standard","hentry","category-ccj","category-noticias","category-noticias-destaque"],"jetpack_publicize_connections":[],"jetpack_featured_media_url":"","jetpack_sharing_enabled":true,"jetpack_shortlink":"https:\/\/wp.me\/p7WTDo-5n","_links":{"self":[{"href":"https:\/\/centros.uepb.edu.br\/ccj\/wp-json\/wp\/v2\/posts\/333","targetHints":{"allow":["GET"]}}],"collection":[{"href":"https:\/\/centros.uepb.edu.br\/ccj\/wp-json\/wp\/v2\/posts"}],"about":[{"href":"https:\/\/centros.uepb.edu.br\/ccj\/wp-json\/wp\/v2\/types\/post"}],"author":[{"embeddable":true,"href":"https:\/\/centros.uepb.edu.br\/ccj\/wp-json\/wp\/v2\/users\/25"}],"replies":[{"embeddable":true,"href":"https:\/\/centros.uepb.edu.br\/ccj\/wp-json\/wp\/v2\/comments?post=333"}],"version-history":[{"count":0,"href":"https:\/\/centros.uepb.edu.br\/ccj\/wp-json\/wp\/v2\/posts\/333\/revisions"}],"wp:attachment":[{"href":"https:\/\/centros.uepb.edu.br\/ccj\/wp-json\/wp\/v2\/media?parent=333"}],"wp:term":[{"taxonomy":"category","embeddable":true,"href":"https:\/\/centros.uepb.edu.br\/ccj\/wp-json\/wp\/v2\/categories?post=333"},{"taxonomy":"post_tag","embeddable":true,"href":"https:\/\/centros.uepb.edu.br\/ccj\/wp-json\/wp\/v2\/tags?post=333"}],"curies":[{"name":"wp","href":"https:\/\/api.w.org\/{rel}","templated":true}]}}