{"id":326,"date":"2016-08-18T10:18:18","date_gmt":"2016-08-18T13:18:18","guid":{"rendered":"http:\/\/www.uepb.edu.br\/?p=28552"},"modified":"2016-08-18T10:18:18","modified_gmt":"2016-08-18T13:18:18","slug":"ccj-promove-1o-painel-politico-criminal-para-debater-judiciario-lava-jato-e-previdencia-social","status":"publish","type":"post","link":"https:\/\/centros.uepb.edu.br\/ccj\/ccj-promove-1o-painel-politico-criminal-para-debater-judiciario-lava-jato-e-previdencia-social\/","title":{"rendered":"CCJ promove 1\u00ba Painel Pol\u00edtico-Criminal para debater judici\u00e1rio, Lava Jato e Previd\u00eancia Social"},"content":{"rendered":"<p style=\"text-align: justify;\">Nesta quinta-feira (18), \u00e0s 19h, o Centro de Ci\u00eancias Jur\u00eddicas (CCJ) da Universidade Estadual da Para\u00edba (UEPB) sedia o 1\u00ba Painel Pol\u00edtico-Criminal da Justi\u00e7a: Judici\u00e1rio, Lava Jato e Previd\u00eancia Social\u201d. O evento contar\u00e1 com a participa\u00e7\u00e3o dos professores Jonas Lemos, Russ Howel Henrique Ces\u00e1rio, Carlos Wagner e Ana Cl\u00e1udia Secondo, que ir\u00e3o debater os temas \u201cReforma da Previd\u00eancia\u201d, \u201cMandado de Coer\u00e7\u00e3o e Medidas Cautelares\u201d e \u201cIntercepta\u00e7\u00e3o telef\u00f4nica no \u00e2mbito da criminalidade organizada\u201d.<\/p>\n<p style=\"text-align: justify;\">O evento promove o debate dos temas mais inerentes \u00e0 pol\u00edtica brasileira contempor\u00e2nea. Os interessados em participar da atividade podem fazer a inscri\u00e7\u00e3o at\u00e9 o in\u00edcio das palestras, mediante o pagamento da taxa de R$ 10 e doa\u00e7\u00e3o de 1Kg de alimento n\u00e3o perec\u00edvel. Os participantes receber\u00e3o certificado. Outras informa\u00e7\u00f5es: (83) 3310-9712 \/ 3310-9756.<\/p>\n<p style=\"text-align: justify;\">\n<p>O post <a rel=\"nofollow\" href=\"http:\/\/www.uepb.edu.br\/ccj-promove-1o-painel-politico-criminal-para-debater-judiciario-lava-jato-e-previdencia-social\/\">CCJ promove 1\u00ba Painel Pol\u00edtico-Criminal para debater judici\u00e1rio, Lava Jato e Previd\u00eancia Social<\/a> apareceu primeiro em <a rel=\"nofollow\" href=\"http:\/\/www.uepb.edu.br\/\">UEPB<\/a>.<\/p>\n","protected":false},"excerpt":{"rendered":"<p>Nesta quinta-feira (18), &agrave;s 19h, o Centro de Ci&ecirc;ncias Jur&iacute;dicas (CCJ) da Universidade Estadual da Para&iacute;ba (UEPB) sedia o 1&ordm; Painel Pol&iacute;tico-Criminal da Justi&ccedil;a: Judici&aacute;rio, Lava Jato e Previd&ecirc;ncia Social&rdquo;. O evento contar&aacute; com a participa&ccedil;&atilde;o dos professores Jonas Lemos, Russ Howel Henrique Ces&aacute;rio, Carlos Wagner e Ana Cl&aacute;udia Secondo, que ir&atilde;o debater os temas <a href=\"http:\/\/www.uepb.edu.br\/ccj-promove-1o-painel-politico-criminal-para-debater-judiciario-lava-jato-e-previdencia-social\/\">Leia Mais&#8230;<\/a><\/p>\n<p>O post <a rel=\"nofollow\" href=\"http:\/\/www.uepb.edu.br\/ccj-promove-1o-painel-politico-criminal-para-debater-judiciario-lava-jato-e-previdencia-social\/\">CCJ promove 1&ordm; Painel Pol&iacute;tico-Criminal para debater judici&aacute;rio, Lava Jato e Previd&ecirc;ncia Social<\/a> apareceu primeiro em <a rel=\"nofollow\" href=\"http:\/\/www.uepb.edu.br\/\">UEPB<\/a>.<\/p>\n","protected":false},"author":26,"featured_media":0,"comment_status":"closed","ping_status":"closed","sticky":false,"template":"","format":"standard","meta":{"jetpack_post_was_ever_published":false,"_jetpack_newsletter_access":"","_jetpack_dont_email_post_to_subs":false,"_jetpack_newsletter_tier_id":0,"_jetpack_memberships_contains_paywalled_content":false,"_jetpack_memberships_contains_paid_content":false,"footnotes":"","jetpack_publicize_message":"","jetpack_publicize_feature_enabled":true,"jetpack_social_post_already_shared":false,"jetpack_social_options":{"image_generator_settings":{"template":"highway","default_image_id":0,"font":"","enabled":false},"version":2}},"categories":[10,4,12],"tags":[],"class_list":["post-326","post","type-post","status-publish","format-standard","hentry","category-ccj","category-noticias","category-noticias-destaque"],"jetpack_publicize_connections":[],"jetpack_featured_media_url":"","jetpack_sharing_enabled":true,"jetpack_shortlink":"https:\/\/wp.me\/p7WTDo-5g","_links":{"self":[{"href":"https:\/\/centros.uepb.edu.br\/ccj\/wp-json\/wp\/v2\/posts\/326","targetHints":{"allow":["GET"]}}],"collection":[{"href":"https:\/\/centros.uepb.edu.br\/ccj\/wp-json\/wp\/v2\/posts"}],"about":[{"href":"https:\/\/centros.uepb.edu.br\/ccj\/wp-json\/wp\/v2\/types\/post"}],"author":[{"embeddable":true,"href":"https:\/\/centros.uepb.edu.br\/ccj\/wp-json\/wp\/v2\/users\/26"}],"replies":[{"embeddable":true,"href":"https:\/\/centros.uepb.edu.br\/ccj\/wp-json\/wp\/v2\/comments?post=326"}],"version-history":[{"count":0,"href":"https:\/\/centros.uepb.edu.br\/ccj\/wp-json\/wp\/v2\/posts\/326\/revisions"}],"wp:attachment":[{"href":"https:\/\/centros.uepb.edu.br\/ccj\/wp-json\/wp\/v2\/media?parent=326"}],"wp:term":[{"taxonomy":"category","embeddable":true,"href":"https:\/\/centros.uepb.edu.br\/ccj\/wp-json\/wp\/v2\/categories?post=326"},{"taxonomy":"post_tag","embeddable":true,"href":"https:\/\/centros.uepb.edu.br\/ccj\/wp-json\/wp\/v2\/tags?post=326"}],"curies":[{"name":"wp","href":"https:\/\/api.w.org\/{rel}","templated":true}]}}