{"id":320,"date":"2016-06-14T11:16:43","date_gmt":"2016-06-14T14:16:43","guid":{"rendered":"http:\/\/www.uepb.edu.br\/?p=27225"},"modified":"2016-06-14T11:16:43","modified_gmt":"2016-06-14T14:16:43","slug":"universidade-estadual-da-paraiba-lamenta-falecimento-de-aluno-do-centro-de-ciencias-juridicas","status":"publish","type":"post","link":"https:\/\/centros.uepb.edu.br\/ccj\/universidade-estadual-da-paraiba-lamenta-falecimento-de-aluno-do-centro-de-ciencias-juridicas\/","title":{"rendered":"Universidade Estadual da Para\u00edba lamenta falecimento de aluno do Centro de Ci\u00eancias Jur\u00eddicas"},"content":{"rendered":"<p style=\"text-align: justify;\">A Administra\u00e7\u00e3o Central da Universidade Estadual da Para\u00edba (UEPB) lamenta com profundo pesar o falecimento do estudante do 6\u00ba per\u00edodo do Curso de Direito do C\u00e2mpus I da Institui\u00e7\u00e3o, Gabriel Ara\u00fajo Dias, ocorrido no \u00faltimo domingo (12). A Institui\u00e7\u00e3o manifesta o mais profundo sentimento de pesar e solidariedade \u00e0 fam\u00edlia, amigos e professores de Gabriel por t\u00e3o dolorosa perda.<\/p>\n<p>O post <a rel=\"nofollow\" href=\"http:\/\/www.uepb.edu.br\/universidade-estadual-da-paraiba-lamenta-falecimento-de-aluno-do-centro-de-ciencias-juridicas\/\">Universidade Estadual da Para\u00edba lamenta falecimento de aluno do Centro de Ci\u00eancias Jur\u00eddicas<\/a> apareceu primeiro em <a rel=\"nofollow\" href=\"http:\/\/www.uepb.edu.br\/\">UEPB<\/a>.<\/p>\n","protected":false},"excerpt":{"rendered":"<p>A Administra&ccedil;&atilde;o Central da Universidade Estadual da Para&iacute;ba (UEPB) lamenta com profundo pesar o falecimento do estudante do 6&ordm; per&iacute;odo do Curso de Direito do C&acirc;mpus I da Institui&ccedil;&atilde;o, Gabriel Ara&uacute;jo Dias, ocorrido no &uacute;ltimo domingo (12). A Institui&ccedil;&atilde;o manifesta o mais profundo sentimento de pesar e solidariedade &agrave; fam&iacute;lia, amigos e professores de Gabriel <a href=\"http:\/\/www.uepb.edu.br\/universidade-estadual-da-paraiba-lamenta-falecimento-de-aluno-do-centro-de-ciencias-juridicas\/\">Leia Mais&#8230;<\/a><\/p>\n<p>O post <a rel=\"nofollow\" href=\"http:\/\/www.uepb.edu.br\/universidade-estadual-da-paraiba-lamenta-falecimento-de-aluno-do-centro-de-ciencias-juridicas\/\">Universidade Estadual da Para&iacute;ba lamenta falecimento de aluno do Centro de Ci&ecirc;ncias Jur&iacute;dicas<\/a> apareceu primeiro em <a rel=\"nofollow\" href=\"http:\/\/www.uepb.edu.br\/\">UEPB<\/a>.<\/p>\n","protected":false},"author":25,"featured_media":0,"comment_status":"closed","ping_status":"closed","sticky":false,"template":"","format":"standard","meta":{"jetpack_post_was_ever_published":false,"_jetpack_newsletter_access":"","_jetpack_dont_email_post_to_subs":false,"_jetpack_newsletter_tier_id":0,"_jetpack_memberships_contains_paywalled_content":false,"_jetpack_memberships_contains_paid_content":false,"footnotes":"","jetpack_publicize_message":"","jetpack_publicize_feature_enabled":true,"jetpack_social_post_already_shared":false,"jetpack_social_options":{"image_generator_settings":{"template":"highway","default_image_id":0,"font":"","enabled":false},"version":2}},"categories":[10,4,12],"tags":[],"class_list":["post-320","post","type-post","status-publish","format-standard","hentry","category-ccj","category-noticias","category-noticias-destaque"],"jetpack_publicize_connections":[],"jetpack_featured_media_url":"","jetpack_sharing_enabled":true,"jetpack_shortlink":"https:\/\/wp.me\/p7WTDo-5a","_links":{"self":[{"href":"https:\/\/centros.uepb.edu.br\/ccj\/wp-json\/wp\/v2\/posts\/320","targetHints":{"allow":["GET"]}}],"collection":[{"href":"https:\/\/centros.uepb.edu.br\/ccj\/wp-json\/wp\/v2\/posts"}],"about":[{"href":"https:\/\/centros.uepb.edu.br\/ccj\/wp-json\/wp\/v2\/types\/post"}],"author":[{"embeddable":true,"href":"https:\/\/centros.uepb.edu.br\/ccj\/wp-json\/wp\/v2\/users\/25"}],"replies":[{"embeddable":true,"href":"https:\/\/centros.uepb.edu.br\/ccj\/wp-json\/wp\/v2\/comments?post=320"}],"version-history":[{"count":0,"href":"https:\/\/centros.uepb.edu.br\/ccj\/wp-json\/wp\/v2\/posts\/320\/revisions"}],"wp:attachment":[{"href":"https:\/\/centros.uepb.edu.br\/ccj\/wp-json\/wp\/v2\/media?parent=320"}],"wp:term":[{"taxonomy":"category","embeddable":true,"href":"https:\/\/centros.uepb.edu.br\/ccj\/wp-json\/wp\/v2\/categories?post=320"},{"taxonomy":"post_tag","embeddable":true,"href":"https:\/\/centros.uepb.edu.br\/ccj\/wp-json\/wp\/v2\/tags?post=320"}],"curies":[{"name":"wp","href":"https:\/\/api.w.org\/{rel}","templated":true}]}}