{"id":295,"date":"2016-04-08T15:30:18","date_gmt":"2016-04-08T18:30:18","guid":{"rendered":"http:\/\/www.uepb.edu.br\/?p=25772"},"modified":"2016-04-08T15:30:18","modified_gmt":"2016-04-08T18:30:18","slug":"empossados-novos-diretores-chefes-de-departamentos-e-coordenadores-de-cursos-do-centro-de-ciencias-juridicas","status":"publish","type":"post","link":"https:\/\/centros.uepb.edu.br\/ccj\/empossados-novos-diretores-chefes-de-departamentos-e-coordenadores-de-cursos-do-centro-de-ciencias-juridicas\/","title":{"rendered":"Empossados novos diretores, chefes de departamentos e coordenadores de cursos do Centro de Ci\u00eancias Jur\u00eddicas"},"content":{"rendered":"<p style=\"text-align: justify;\"><a href=\"http:\/\/www.uepb.edu.br\/wp-content\/uploads\/2016\/04\/CCJ-1.jpg\" rel=\"attachment wp-att-25773\"><img loading=\"lazy\" decoding=\"async\" class=\"aligncenter size-full wp-image-25773 img-responsive img-responsive\" src=\"http:\/\/www.uepb.edu.br\/wp-content\/uploads\/2016\/04\/CCJ-1.jpg\" alt=\"CCJ (1)\" width=\"840\" height=\"454\" srcset=\"http:\/\/www.uepb.edu.br\/wp-content\/uploads\/2016\/04\/CCJ-1-300x162.jpg 300w, http:\/\/www.uepb.edu.br\/wp-content\/uploads\/2016\/04\/CCJ-1-768x415.jpg 768w, http:\/\/www.uepb.edu.br\/wp-content\/uploads\/2016\/04\/CCJ-1-370x200.jpg 370w, http:\/\/www.uepb.edu.br\/wp-content\/uploads\/2016\/04\/CCJ-1.jpg 840w\" sizes=\"auto, (max-width: 840px) 100vw, 840px\" \/><\/a><\/p>\n<p style=\"text-align: justify;\">Tomaram posse na manh\u00e3 desta sexta-feira (8) os novos diretores do Centro de Ci\u00eancias Jur\u00eddicas (CCJ) da Universidade Estadual da Para\u00edba (UEPB), bem como os novos chefes de departamentos e coordenadores de cursos que comp\u00f5em o referido Centro. A solenidade de posse foi presidida pelo reitor Rangel Junior. O professor Amilton de Fran\u00e7a foi reeleito para um segundo mandato, tendo como diretora adjunta a professora Ludmila Albuquerque Douettes Ara\u00fajo.<\/p>\n<p style=\"text-align: justify;\">Com a miss\u00e3o de conduzir os destinos do CCJ pelos pr\u00f3ximos dois anos, o professor Amilton de Fran\u00e7a, fez um discurso emociante, enaltecendo a for\u00e7a do Centro de Ci\u00eancias Jur\u00eddicas que transcende os muros da UEPB e se reflete na sociedade. Ele fez um r\u00e1pido balan\u00e7o de seu primeiro mandato e renovou o compromisso de continuar trabalhando pelo crescimento e fortalecimento do CCJ.<\/p>\n<p style=\"text-align: justify;\">Amilton falou de respeito, tradi\u00e7\u00e3o e do papel da diversidade do Centro. Ele agradeceu aos professores e t\u00e9cnicos administrativos que contribu\u00edram para que o curso de Direito do C\u00e2mpus I da UEPB estivesse entre os 130 do pa\u00eds que conquistaram o Selo de Qualidade ofertado pela Ordem dos Advogados do Brasil (OAB) e tamb\u00e9m fez um reconhecimento a Administra\u00e7\u00e3o Central pelos avan\u00e7os estrat\u00e9gicos no CCJ.<\/p>\n<p style=\"text-align: justify;\"><a href=\"http:\/\/www.uepb.edu.br\/wp-content\/uploads\/2016\/04\/CCJ-5.jpg\" rel=\"attachment wp-att-25777\"><img loading=\"lazy\" decoding=\"async\" class=\"aligncenter size-full wp-image-25777 img-responsive img-responsive\" src=\"http:\/\/www.uepb.edu.br\/wp-content\/uploads\/2016\/04\/CCJ-5.jpg\" alt=\"CCJ (5)\" width=\"840\" height=\"454\" srcset=\"http:\/\/www.uepb.edu.br\/wp-content\/uploads\/2016\/04\/CCJ-5-300x162.jpg 300w, http:\/\/www.uepb.edu.br\/wp-content\/uploads\/2016\/04\/CCJ-5-768x415.jpg 768w, http:\/\/www.uepb.edu.br\/wp-content\/uploads\/2016\/04\/CCJ-5-370x200.jpg 370w, http:\/\/www.uepb.edu.br\/wp-content\/uploads\/2016\/04\/CCJ-5.jpg 840w\" sizes=\"auto, (max-width: 840px) 100vw, 840px\" \/><\/a><\/p>\n<p style=\"text-align: justify;\">O reitor Rangel Junior desejou boa sorte aos empossados e mais uma vez garantiu total apoio da gest\u00e3o ao Centro, mesmo em tempos dif\u00edceis e de crise. O reitor observou, no entanto, que a solu\u00e7\u00e3o dos principais problemas que envolvem a Institui\u00e7\u00e3o n\u00e3o dependem apenas da Reitoria, mas do esfor\u00e7o e da luta de todos.<\/p>\n<p style=\"text-align: justify;\">Rangel tamb\u00e9m falou do atual momento turbulento que o pa\u00eds atravessa e manifestou a sua esperan\u00e7a de que a crise passar\u00e1, o que permitir\u00e1 pensar o futuro da UEPB com mais ci\u00eancia e mais qualidade no que \u00e9 feito na forma\u00e7\u00e3o das pessoas, al\u00e9m de mais compromisso com o povo da Para\u00edba. Ele tamb\u00e9m destacou o papel dos futuros operadores do Direito e ressaltou que na turbul\u00eancia atual que o Pa\u00eds vive, o judici\u00e1rio surge como esperan\u00e7a de que a Justi\u00e7a seja feita.<\/p>\n<p style=\"text-align: justify;\">\u201cAcho que \u00e9 perfeitamente poss\u00edvel que cada um de n\u00f3s possa dar a sua contribui\u00e7\u00e3o em todos os lugares. Construir consenso n\u00e3o \u00e9 eliminar diverg\u00eancias e construir di\u00e1logo n\u00e3o \u00e9 eliminar diferen\u00e7as. \u00c9 permitir que a diferen\u00e7a n\u00e3o se perca e as diverg\u00eancias n\u00e3o sejam jogadas de lado, mas que a gente priorize aquilo que \u00e9 poss\u00edvel convergir em prol de um interesse muito maior\u201d ressaltou o reitor.<\/p>\n<p style=\"text-align: justify;\">Al\u00e9m do professor Amilton e da professora Ludmila, foram empossados os professores Ednaldo da Costa Agra e Milena Barbosa de Melo, chefe e chefe adjunta do Departamento de Direito P\u00fablico; Fl\u00e1via de Paiva Medeiros de Oliveira e Jos\u00e9 Cavalcanti dos Santos, chefe e chefe adjunto do Departamento de Direito Privado; Ra\u00edssa de Lima Melo, coordenadora do Curso de Direito; Ana Alice Tejo Ramos Salgado e Andrea de Lacerda Gomes, coordenadores adjuntos do Curso.<\/p>\n<p style=\"text-align: justify;\">\n<em><strong>Texto:<\/strong> Severino Lopes<\/em><br \/>\n<em><strong>Fotos:<\/strong> Paizinha Lemos<\/em><\/p>\n<p>O post <a rel=\"nofollow\" href=\"http:\/\/www.uepb.edu.br\/empossados-novos-diretores-chefes-de-departamentos-e-coordenadores-de-cursos-do-centro-de-ciencias-juridicas\/\">Empossados novos diretores, chefes de departamentos e coordenadores de cursos do Centro de Ci\u00eancias Jur\u00eddicas<\/a> apareceu primeiro em <a rel=\"nofollow\" href=\"http:\/\/www.uepb.edu.br\/\">UEPB<\/a>.<\/p>\n","protected":false},"excerpt":{"rendered":"<p>Tomaram posse na manh&atilde; desta sexta-feira (8) os novos diretores do Centro de Ci&ecirc;ncias Jur&iacute;dicas (CCJ) da Universidade Estadual da Para&iacute;ba (UEPB), bem como os novos chefes de departamentos e coordenadores de cursos que comp&otilde;em o referido Centro. A solenidade de posse foi presidida pelo reitor Rangel Junior. O professor Amilton de Fran&ccedil;a foi reeleito <a href=\"http:\/\/www.uepb.edu.br\/empossados-novos-diretores-chefes-de-departamentos-e-coordenadores-de-cursos-do-centro-de-ciencias-juridicas\/\">Leia Mais&#8230;<\/a><\/p>\n<p>O post <a rel=\"nofollow\" href=\"http:\/\/www.uepb.edu.br\/empossados-novos-diretores-chefes-de-departamentos-e-coordenadores-de-cursos-do-centro-de-ciencias-juridicas\/\">Empossados novos diretores, chefes de departamentos e coordenadores de cursos do Centro de Ci&ecirc;ncias Jur&iacute;dicas<\/a> apareceu primeiro em <a rel=\"nofollow\" href=\"http:\/\/www.uepb.edu.br\/\">UEPB<\/a>.<\/p>\n","protected":false},"author":25,"featured_media":0,"comment_status":"closed","ping_status":"closed","sticky":false,"template":"","format":"standard","meta":{"jetpack_post_was_ever_published":false,"_jetpack_newsletter_access":"","_jetpack_dont_email_post_to_subs":false,"_jetpack_newsletter_tier_id":0,"_jetpack_memberships_contains_paywalled_content":false,"_jetpack_memberships_contains_paid_content":false,"footnotes":"","jetpack_publicize_message":"","jetpack_publicize_feature_enabled":true,"jetpack_social_post_already_shared":false,"jetpack_social_options":{"image_generator_settings":{"template":"highway","default_image_id":0,"font":"","enabled":false},"version":2}},"categories":[10,4,13,14],"tags":[],"class_list":["post-295","post","type-post","status-publish","format-standard","hentry","category-ccj","category-noticias","category-noticias-destaque-img","category-noticias-professores"],"jetpack_publicize_connections":[],"jetpack_featured_media_url":"","jetpack_sharing_enabled":true,"jetpack_shortlink":"https:\/\/wp.me\/p7WTDo-4L","_links":{"self":[{"href":"https:\/\/centros.uepb.edu.br\/ccj\/wp-json\/wp\/v2\/posts\/295","targetHints":{"allow":["GET"]}}],"collection":[{"href":"https:\/\/centros.uepb.edu.br\/ccj\/wp-json\/wp\/v2\/posts"}],"about":[{"href":"https:\/\/centros.uepb.edu.br\/ccj\/wp-json\/wp\/v2\/types\/post"}],"author":[{"embeddable":true,"href":"https:\/\/centros.uepb.edu.br\/ccj\/wp-json\/wp\/v2\/users\/25"}],"replies":[{"embeddable":true,"href":"https:\/\/centros.uepb.edu.br\/ccj\/wp-json\/wp\/v2\/comments?post=295"}],"version-history":[{"count":0,"href":"https:\/\/centros.uepb.edu.br\/ccj\/wp-json\/wp\/v2\/posts\/295\/revisions"}],"wp:attachment":[{"href":"https:\/\/centros.uepb.edu.br\/ccj\/wp-json\/wp\/v2\/media?parent=295"}],"wp:term":[{"taxonomy":"category","embeddable":true,"href":"https:\/\/centros.uepb.edu.br\/ccj\/wp-json\/wp\/v2\/categories?post=295"},{"taxonomy":"post_tag","embeddable":true,"href":"https:\/\/centros.uepb.edu.br\/ccj\/wp-json\/wp\/v2\/tags?post=295"}],"curies":[{"name":"wp","href":"https:\/\/api.w.org\/{rel}","templated":true}]}}