{"id":290,"date":"2016-04-06T10:09:33","date_gmt":"2016-04-06T13:09:33","guid":{"rendered":"http:\/\/www.uepb.edu.br\/?p=25654"},"modified":"2016-04-06T10:09:33","modified_gmt":"2016-04-06T13:09:33","slug":"programa-receita-para-a-cidadania-promove-treinamento-para-declaracao-do-imposto-de-renda","status":"publish","type":"post","link":"https:\/\/centros.uepb.edu.br\/ccj\/programa-receita-para-a-cidadania-promove-treinamento-para-declaracao-do-imposto-de-renda\/","title":{"rendered":"Programa Receita para a Cidadania promove treinamento para declara\u00e7\u00e3o do Imposto de Renda"},"content":{"rendered":"<p style=\"text-align: justify;\"><a href=\"http:\/\/www.uepb.edu.br\/wp-content\/uploads\/2016\/04\/extrec1.jpg\" rel=\"attachment wp-att-25655\"><img loading=\"lazy\" decoding=\"async\" class=\"aligncenter size-full wp-image-25655 img-responsive img-responsive\" src=\"http:\/\/www.uepb.edu.br\/wp-content\/uploads\/2016\/04\/extrec1.jpg\" alt=\"extrec1\" width=\"840\" height=\"454\" srcset=\"http:\/\/www.uepb.edu.br\/wp-content\/uploads\/2016\/04\/extrec1-300x162.jpg 300w, http:\/\/www.uepb.edu.br\/wp-content\/uploads\/2016\/04\/extrec1-768x415.jpg 768w, http:\/\/www.uepb.edu.br\/wp-content\/uploads\/2016\/04\/extrec1-370x200.jpg 370w, http:\/\/www.uepb.edu.br\/wp-content\/uploads\/2016\/04\/extrec1.jpg 840w\" sizes=\"auto, (max-width: 840px) 100vw, 840px\" \/><\/a><\/p>\n<p style=\"text-align: justify;\">Os alunos participantes do programa de extens\u00e3o Receita Para a Cidadania e Para o Desenvolvimento, da Universidade Estadual da Para\u00edba (UEPB), participaram nesta ter\u00e7a-feira (5) e quarta-feira (06) do treinamento sobre a declara\u00e7\u00e3o do Imposto de Renda da Pessoa F\u00edsica 2016.<\/p>\n<p style=\"text-align: justify;\">A atividade foi realizada na Central de Integra\u00e7\u00e3o Acad\u00eamica, em Campina Grande, e teve como proposta capacitar alunos dos cursos de Ci\u00eancias Cont\u00e1beis, Direito e Administra\u00e7\u00e3o da Institui\u00e7\u00e3o para o atendimento gratuito \u00e0 comunidade para a realiza\u00e7\u00e3o da declara\u00e7\u00e3o do imposto de renda, que ser\u00e1 realizado nos dias 19 e 20 de abril, das 8h \u00e0s 12h e das 14h \u00e0s 18h, no C\u00e2mpus I.<\/p>\n<p style=\"text-align: justify;\">Segundo o coordenador geral do programa, Francisco Leite Duarte, 30 alunos participaram do treinamento ministrado por profissionais da Receita Federal do Brasil. Este \u00e9 o terceiro ano que o Receita Para a Cidadania oferece o servi\u00e7o de declara\u00e7\u00e3o do IRPF e forma gratuita, e a expectativa \u00e9 que esse ano o n\u00famero de declara\u00e7\u00f5es realizadas superem o ano anterior, que foi de aproximadamente quarenta.<\/p>\n<p style=\"text-align: justify;\"><strong>Texto:<\/strong> Adriana Ara\u00fajo<br \/>\n<strong> Fotos:<\/strong> Bianca Mariano<\/p>\n<p style=\"text-align: justify;\">\n<p>O post <a rel=\"nofollow\" href=\"http:\/\/www.uepb.edu.br\/programa-receita-para-cidadania-promove-treinamento-para-declaracao-do-imposto-de-renda\/\">Programa Receita para a Cidadania promove treinamento para declara\u00e7\u00e3o do Imposto de Renda<\/a> apareceu primeiro em <a rel=\"nofollow\" href=\"http:\/\/www.uepb.edu.br\/\">UEPB<\/a>.<\/p>\n","protected":false},"excerpt":{"rendered":"<p>Os alunos participantes do programa de extens&atilde;o Receita Para a Cidadania e Para o Desenvolvimento, da Universidade Estadual da Para&iacute;ba (UEPB), participaram nesta ter&ccedil;a-feira (5) e quarta-feira (06) do treinamento sobre a declara&ccedil;&atilde;o do Imposto de Renda da Pessoa F&iacute;sica 2016. A atividade foi realizada na Central de Integra&ccedil;&atilde;o Acad&ecirc;mica, em Campina Grande, e teve <a href=\"http:\/\/www.uepb.edu.br\/programa-receita-para-cidadania-promove-treinamento-para-declaracao-do-imposto-de-renda\/\">Leia Mais&#8230;<\/a><\/p>\n<p>O post <a rel=\"nofollow\" href=\"http:\/\/www.uepb.edu.br\/programa-receita-para-cidadania-promove-treinamento-para-declaracao-do-imposto-de-renda\/\">Programa Receita para a Cidadania promove treinamento para declara&ccedil;&atilde;o do Imposto de Renda<\/a> apareceu primeiro em <a rel=\"nofollow\" href=\"http:\/\/www.uepb.edu.br\/\">UEPB<\/a>.<\/p>\n","protected":false},"author":26,"featured_media":0,"comment_status":"closed","ping_status":"closed","sticky":false,"template":"","format":"standard","meta":{"jetpack_post_was_ever_published":false,"_jetpack_newsletter_access":"","_jetpack_dont_email_post_to_subs":false,"_jetpack_newsletter_tier_id":0,"_jetpack_memberships_contains_paywalled_content":false,"_jetpack_memberships_contains_paid_content":false,"footnotes":"","jetpack_publicize_message":"","jetpack_publicize_feature_enabled":true,"jetpack_social_post_already_shared":false,"jetpack_social_options":{"image_generator_settings":{"template":"highway","default_image_id":0,"font":"","enabled":false},"version":2}},"categories":[10,11,12],"tags":[],"class_list":["post-290","post","type-post","status-publish","format-standard","hentry","category-ccj","category-ccsa","category-noticias-destaque"],"jetpack_publicize_connections":[],"jetpack_featured_media_url":"","jetpack_sharing_enabled":true,"jetpack_shortlink":"https:\/\/wp.me\/p7WTDo-4G","_links":{"self":[{"href":"https:\/\/centros.uepb.edu.br\/ccj\/wp-json\/wp\/v2\/posts\/290","targetHints":{"allow":["GET"]}}],"collection":[{"href":"https:\/\/centros.uepb.edu.br\/ccj\/wp-json\/wp\/v2\/posts"}],"about":[{"href":"https:\/\/centros.uepb.edu.br\/ccj\/wp-json\/wp\/v2\/types\/post"}],"author":[{"embeddable":true,"href":"https:\/\/centros.uepb.edu.br\/ccj\/wp-json\/wp\/v2\/users\/26"}],"replies":[{"embeddable":true,"href":"https:\/\/centros.uepb.edu.br\/ccj\/wp-json\/wp\/v2\/comments?post=290"}],"version-history":[{"count":0,"href":"https:\/\/centros.uepb.edu.br\/ccj\/wp-json\/wp\/v2\/posts\/290\/revisions"}],"wp:attachment":[{"href":"https:\/\/centros.uepb.edu.br\/ccj\/wp-json\/wp\/v2\/media?parent=290"}],"wp:term":[{"taxonomy":"category","embeddable":true,"href":"https:\/\/centros.uepb.edu.br\/ccj\/wp-json\/wp\/v2\/categories?post=290"},{"taxonomy":"post_tag","embeddable":true,"href":"https:\/\/centros.uepb.edu.br\/ccj\/wp-json\/wp\/v2\/tags?post=290"}],"curies":[{"name":"wp","href":"https:\/\/api.w.org\/{rel}","templated":true}]}}