{"id":1665,"date":"2022-05-19T14:50:43","date_gmt":"2022-05-19T17:50:43","guid":{"rendered":"https:\/\/interno.uepb.edu.br\/?p=77392"},"modified":"2022-05-19T14:50:43","modified_gmt":"2022-05-19T17:50:43","slug":"centro-de-ciencias-juridicas-acolhe-feras-do-curso-de-direito-com-um-numeroso-time-de-convidados","status":"publish","type":"post","link":"https:\/\/centros.uepb.edu.br\/ccj\/centro-de-ciencias-juridicas-acolhe-feras-do-curso-de-direito-com-um-numeroso-time-de-convidados\/","title":{"rendered":"Centro de Ci\u00eancias Jur\u00eddicas acolhe feras do curso de Direito com um numeroso time de convidados"},"content":{"rendered":"<p>Diante de um audit\u00f3rio lotado, o Centro de Ci\u00eancias Jur\u00eddicas (CCJ) do C\u00e2mpus I da Universidade Estadual da Para\u00edba (UEPB), realizou na manh\u00e3 desta quinta-feira (19), um acolhimento aos feras do curso de Direito. O evento contou com a participa\u00e7\u00e3o de estudantes que estavam retornando \u00e0s aulas presenciais e convidados como ex-alunos e juristas de carreiras conhecidas na \u00e1rea.<\/p>\n<p>Segundo o professor Laplace Guedes, diretor do CCJ, alguns dos convidados fizeram falas bastante motivadoras para os estudantes, mas tamb\u00e9m realistas, como afirmar que a magistratura \u00e9 uma carreira bastante dif\u00edcil e que requer voca\u00e7\u00e3o. Na mesma linha, o desembargador Ricardo Vittal afirmou que a voca\u00e7\u00e3o deve ser o norte da carreira jur\u00eddica.<\/p>\n<p>O \u201cDia do Fera \u2013 Carreiras Jur\u00eddicas\u201d \u00e9 uma atividade promovida pelo Centro Acad\u00eamico Sobral Pinto com a dire\u00e7\u00e3o do CCJ, com programa\u00e7\u00e3o nos turnos manh\u00e3 e noite, das 9h \u00e0s 12h e das 18h30 \u00e0s 21h30. O evento foi aberto ao p\u00fablico, concede certifica\u00e7\u00e3o aos participantes e conta com um diverso time de convidados: A\u00e9cio de Souza, advogado e professor universit\u00e1rio; Andr\u00e9 Motta, advogado e professor; Elizabeth Beckman, delegada adjunta da Delegacia de Homic\u00eddios de Campina Grande; F\u00e9lix Ara\u00fajo Filho, advogado criminalista e professor de Direito Penal; J\u00f4 Oliveira, vereadora de Campina Grande e ativista negra; Marcel Joffilly, coordenador do N\u00facleo de Direitos Humanos em Campina Grande; Ricardo Vittal, desembargador do Tribunal de Justi\u00e7a da Para\u00edba (TJPB).<\/p>\n<p>Confira abaixo alguns momentos da atividade.<\/p>\n<p><a href='https:\/\/interno.uepb.edu.br\/recpecao-ao-feras-de-direito-01\/'><img loading=\"lazy\" decoding=\"async\" width=\"300\" height=\"200\" src=\"https:\/\/interno.uepb.edu.br\/wp-content\/uploads\/2022\/05\/Recpecao-ao-feras-de-Direito-01-300x200.jpg\" class=\"attachment-medium size-medium img-responsive\" alt=\"\" srcset=\"https:\/\/interno.uepb.edu.br\/wp-content\/uploads\/2022\/05\/Recpecao-ao-feras-de-Direito-01-300x200.jpg 300w, https:\/\/interno.uepb.edu.br\/wp-content\/uploads\/2022\/05\/Recpecao-ao-feras-de-Direito-01-768x512.jpg 768w, https:\/\/interno.uepb.edu.br\/wp-content\/uploads\/2022\/05\/Recpecao-ao-feras-de-Direito-01.jpg 852w\" sizes=\"auto, (max-width: 300px) 100vw, 300px\" \/><\/a><br \/>\n<a href='https:\/\/interno.uepb.edu.br\/recpecao-ao-feras-de-direito-02\/'><img loading=\"lazy\" decoding=\"async\" width=\"300\" height=\"200\" src=\"https:\/\/interno.uepb.edu.br\/wp-content\/uploads\/2022\/05\/Recpecao-ao-feras-de-Direito-02-300x200.jpg\" class=\"attachment-medium size-medium img-responsive\" alt=\"\" srcset=\"https:\/\/interno.uepb.edu.br\/wp-content\/uploads\/2022\/05\/Recpecao-ao-feras-de-Direito-02-300x200.jpg 300w, https:\/\/interno.uepb.edu.br\/wp-content\/uploads\/2022\/05\/Recpecao-ao-feras-de-Direito-02-768x512.jpg 768w, https:\/\/interno.uepb.edu.br\/wp-content\/uploads\/2022\/05\/Recpecao-ao-feras-de-Direito-02.jpg 937w\" sizes=\"auto, (max-width: 300px) 100vw, 300px\" \/><\/a><br \/>\n<a href='https:\/\/interno.uepb.edu.br\/recpecao-ao-feras-de-direito-03\/'><img loading=\"lazy\" decoding=\"async\" width=\"300\" height=\"200\" src=\"https:\/\/interno.uepb.edu.br\/wp-content\/uploads\/2022\/05\/Recpecao-ao-feras-de-Direito-03-300x200.jpg\" class=\"attachment-medium size-medium img-responsive\" alt=\"\" srcset=\"https:\/\/interno.uepb.edu.br\/wp-content\/uploads\/2022\/05\/Recpecao-ao-feras-de-Direito-03-300x200.jpg 300w, https:\/\/interno.uepb.edu.br\/wp-content\/uploads\/2022\/05\/Recpecao-ao-feras-de-Direito-03-768x512.jpg 768w, https:\/\/interno.uepb.edu.br\/wp-content\/uploads\/2022\/05\/Recpecao-ao-feras-de-Direito-03.jpg 852w\" sizes=\"auto, (max-width: 300px) 100vw, 300px\" \/><\/a><br \/>\n<a href='https:\/\/interno.uepb.edu.br\/recpecao-ao-feras-de-direito-04\/'><img loading=\"lazy\" decoding=\"async\" width=\"300\" height=\"200\" src=\"https:\/\/interno.uepb.edu.br\/wp-content\/uploads\/2022\/05\/Recpecao-ao-feras-de-Direito-04-300x200.jpg\" class=\"attachment-medium size-medium img-responsive\" alt=\"\" srcset=\"https:\/\/interno.uepb.edu.br\/wp-content\/uploads\/2022\/05\/Recpecao-ao-feras-de-Direito-04-300x200.jpg 300w, https:\/\/interno.uepb.edu.br\/wp-content\/uploads\/2022\/05\/Recpecao-ao-feras-de-Direito-04-768x512.jpg 768w, https:\/\/interno.uepb.edu.br\/wp-content\/uploads\/2022\/05\/Recpecao-ao-feras-de-Direito-04.jpg 852w\" sizes=\"auto, (max-width: 300px) 100vw, 300px\" \/><\/a><br \/>\n<a href='https:\/\/interno.uepb.edu.br\/recpecao-ao-feras-de-direito-05\/'><img loading=\"lazy\" decoding=\"async\" width=\"300\" height=\"200\" src=\"https:\/\/interno.uepb.edu.br\/wp-content\/uploads\/2022\/05\/Recpecao-ao-feras-de-Direito-05-300x200.jpg\" class=\"attachment-medium size-medium img-responsive\" alt=\"\" srcset=\"https:\/\/interno.uepb.edu.br\/wp-content\/uploads\/2022\/05\/Recpecao-ao-feras-de-Direito-05-300x200.jpg 300w, https:\/\/interno.uepb.edu.br\/wp-content\/uploads\/2022\/05\/Recpecao-ao-feras-de-Direito-05-768x512.jpg 768w, https:\/\/interno.uepb.edu.br\/wp-content\/uploads\/2022\/05\/Recpecao-ao-feras-de-Direito-05.jpg 852w\" sizes=\"auto, (max-width: 300px) 100vw, 300px\" \/><\/a><br \/>\n<a href='https:\/\/interno.uepb.edu.br\/recpecao-ao-feras-de-direito-06\/'><img loading=\"lazy\" decoding=\"async\" width=\"300\" height=\"200\" src=\"https:\/\/interno.uepb.edu.br\/wp-content\/uploads\/2022\/05\/Recpecao-ao-feras-de-Direito-06-300x200.jpg\" class=\"attachment-medium size-medium img-responsive\" alt=\"\" srcset=\"https:\/\/interno.uepb.edu.br\/wp-content\/uploads\/2022\/05\/Recpecao-ao-feras-de-Direito-06-300x200.jpg 300w, https:\/\/interno.uepb.edu.br\/wp-content\/uploads\/2022\/05\/Recpecao-ao-feras-de-Direito-06-768x512.jpg 768w, https:\/\/interno.uepb.edu.br\/wp-content\/uploads\/2022\/05\/Recpecao-ao-feras-de-Direito-06.jpg 852w\" sizes=\"auto, (max-width: 300px) 100vw, 300px\" \/><\/a><\/p>\n","protected":false},"excerpt":{"rendered":"<p>Diante de um audit\u00f3rio lotado, o Centro de Ci\u00eancias Jur\u00eddicas (CCJ) do C\u00e2mpus I da Universidade Estadual da Para\u00edba (UEPB), realizou na manh\u00e3 desta quinta-feira (19), um acolhimento aos feras do curso de Direito. O evento contou com a participa\u00e7\u00e3o de estudantes que estavam retornando \u00e0s aulas presenciais e convidados como ex-alunos e juristas de <a class=\"leiamais\" href=\"https:\/\/interno.uepb.edu.br\/centro-de-ciencias-juridicas-acolhe-feras-do-curso-de-direito-com-um-numeroso-time-de-convidados\/\">Leia Mais&#8230;<\/a><\/p>\n","protected":false},"author":39,"featured_media":0,"comment_status":"closed","ping_status":"closed","sticky":false,"template":"","format":"standard","meta":{"jetpack_post_was_ever_published":false,"_jetpack_newsletter_access":"","_jetpack_dont_email_post_to_subs":false,"_jetpack_newsletter_tier_id":0,"_jetpack_memberships_contains_paywalled_content":false,"_jetpack_memberships_contains_paid_content":false,"footnotes":"","jetpack_publicize_message":"","jetpack_publicize_feature_enabled":true,"jetpack_social_post_already_shared":true,"jetpack_social_options":{"image_generator_settings":{"template":"highway","default_image_id":0,"font":"","enabled":false},"version":2}},"categories":[10,4,33,12],"tags":[],"class_list":["post-1665","post","type-post","status-publish","format-standard","hentry","category-ccj","category-noticias","category-noticias-alunos","category-noticias-destaque"],"jetpack_publicize_connections":[],"jetpack_featured_media_url":"","jetpack_sharing_enabled":true,"jetpack_shortlink":"https:\/\/wp.me\/p7WTDo-qR","_links":{"self":[{"href":"https:\/\/centros.uepb.edu.br\/ccj\/wp-json\/wp\/v2\/posts\/1665","targetHints":{"allow":["GET"]}}],"collection":[{"href":"https:\/\/centros.uepb.edu.br\/ccj\/wp-json\/wp\/v2\/posts"}],"about":[{"href":"https:\/\/centros.uepb.edu.br\/ccj\/wp-json\/wp\/v2\/types\/post"}],"author":[{"embeddable":true,"href":"https:\/\/centros.uepb.edu.br\/ccj\/wp-json\/wp\/v2\/users\/39"}],"replies":[{"embeddable":true,"href":"https:\/\/centros.uepb.edu.br\/ccj\/wp-json\/wp\/v2\/comments?post=1665"}],"version-history":[{"count":0,"href":"https:\/\/centros.uepb.edu.br\/ccj\/wp-json\/wp\/v2\/posts\/1665\/revisions"}],"wp:attachment":[{"href":"https:\/\/centros.uepb.edu.br\/ccj\/wp-json\/wp\/v2\/media?parent=1665"}],"wp:term":[{"taxonomy":"category","embeddable":true,"href":"https:\/\/centros.uepb.edu.br\/ccj\/wp-json\/wp\/v2\/categories?post=1665"},{"taxonomy":"post_tag","embeddable":true,"href":"https:\/\/centros.uepb.edu.br\/ccj\/wp-json\/wp\/v2\/tags?post=1665"}],"curies":[{"name":"wp","href":"https:\/\/api.w.org\/{rel}","templated":true}]}}