{"id":1614,"date":"2021-03-17T16:14:38","date_gmt":"2021-03-17T19:14:38","guid":{"rendered":"https:\/\/interno.uepb.edu.br\/?p=59123"},"modified":"2021-03-17T16:14:38","modified_gmt":"2021-03-17T19:14:38","slug":"professor-do-ccj-concorre-a-vaga-no-conselho-nacional-de-protecao-de-dados-pessoas-e-da-privacidade-3","status":"publish","type":"post","link":"https:\/\/centros.uepb.edu.br\/ccj\/professor-do-ccj-concorre-a-vaga-no-conselho-nacional-de-protecao-de-dados-pessoas-e-da-privacidade-3\/","title":{"rendered":"Professor do CCJ concorre a vaga no Conselho Nacional de Prote\u00e7\u00e3o de Dados Pessoas e da Privacidade"},"content":{"rendered":"<figure class=\"wp-block-image size-large\"><a href=\"https:\/\/i0.wp.com\/interno.uepb.edu.br\/wp-content\/uploads\/2019\/09\/Solidaris-CoRI-4.jpg?ssl=1\"><img decoding=\"async\" src=\"https:\/\/i0.wp.com\/interno.uepb.edu.br\/wp-content\/uploads\/2019\/09\/Solidaris-CoRI-4.jpg?ssl=1\" alt=\"\" class=\"wp-image-51127 img-responsive img-responsive\" data-recalc-dims=\"1\"\/><\/a><\/figure>\n<p>O professor do Centro de Ci\u00eancias Jur\u00eddicas (CCJ) da Universidade Estadual da Para\u00edba (UEPB), Cl\u00e1udio Lucena, est\u00e1 concorrendo a uma vaga no Conselho Nacional de Prote\u00e7\u00e3o de Dados Pessoais e da Privacidade (CNPD). O CNPD \u00e9 um \u00f3rg\u00e3o consultivo, integrante da estrutura da Autoridade Nacional de Prote\u00e7\u00e3o de Dados (ANPD), composto por membros da sociedade e do poder p\u00fablico. Al\u00e9m de docente, Cl\u00e1udio Lucena tamb\u00e9m estar como coordenador de Rela\u00e7\u00f5es Internacionais (CoRI) da Institui\u00e7\u00e3o.<\/p>\n<p>Experiente na \u00e1rea de prote\u00e7\u00e3o de dados pessoais e privacidade, o professor Cl\u00e1udio Lucena atua desde o ano 2000 no segmento. Atuou como colaborador do European Consumer Center, analisando a conformidade de sites europeus de com\u00e9rcio eletr\u00f4nico \u00e0 diretiva de prote\u00e7\u00e3o de dados vigente \u00e0 \u00e9poca, bem como, j\u00e1 em 2014, retomou essa conex\u00e3o no doutoramento na Universidade Cat\u00f3lica Portuguesa, em Lisboa.<\/p>\n<p>Desde 2018 tem contribu\u00eddo para a constru\u00e7\u00e3o e a dissemina\u00e7\u00e3o de uma cultura de prote\u00e7\u00e3o de dados pessoais no Brasil, atrav\u00e9s das mais diversas iniciativas. Ministrou palestras, escreveu textos e artigos de opini\u00e3o, concedeu entrevistas, publicou artigos cient\u00edficos e participou de diversas atividades em v\u00e1rios pa\u00edses integrando associa\u00e7\u00f5es na \u00e1rea.<\/p>\n<p>De acordo com o professor Cl\u00e1udio Lucena, integrar o CNPD o possibilitar\u00e1 ampliar essa atua\u00e7\u00e3o dos \u00faltimos anos, a partir da possibilidade de contribuir para a consolida\u00e7\u00e3o de uma pol\u00edtica de prote\u00e7\u00e3o de dados pessoais, aproveitando as oportunidades da atual revolu\u00e7\u00e3o digital. Com perfil conectado \u00e0 miss\u00e3o do \u00f3rg\u00e3o, o docente acredita ter condi\u00e7\u00f5es de contribuir neste esfor\u00e7o interdisciplinar e coletivo de constru\u00e7\u00e3o de uma sociedade digital, que reconhe\u00e7a a import\u00e2ncia da prote\u00e7\u00e3o de dados pessoais.<\/p>\n<p>Confira a carta de apresenta\u00e7\u00e3o do professor Cl\u00e1udio Lucena clicando <strong><a href=\"https:\/\/interno.uepb.edu.br\/download\/documentos\/documentos_2021\/ApresentacCCA7aCC83o-Candidatura-CNPD-ClaCC81udio-Lucena.pdf\"  rel=\"noreferrer noopener\">AQUI<\/a><\/strong>. J\u00e1 o documento da Universidade Estadual da Para\u00edba colocando o nome dele \u00e0 escolha, pode ser acessado <strong><a href=\"https:\/\/interno.uepb.edu.br\/download\/documentos\/documentos_2021\/Indicacao-Conselho-CNPD-ANPD-UEPB-Professor-Claudio-Lucena.pdf\"  rel=\"noreferrer noopener\">AQUI<\/a><\/strong>.<\/p>\n<p><em><strong>Texto:<\/strong> Givaldo Cavalcanti<br \/><strong>Foto:<\/strong> Codecom\/Arquivo<\/em><\/p>\n","protected":false},"excerpt":{"rendered":"<p>O professor do Centro de Ci\u00eancias Jur\u00eddicas (CCJ) da Universidade Estadual da Para\u00edba (UEPB), Cl\u00e1udio Lucena, est\u00e1 concorrendo a uma vaga no Conselho Nacional de Prote\u00e7\u00e3o de Dados Pessoais e da Privacidade (CNPD). O CNPD \u00e9 um \u00f3rg\u00e3o consultivo, integrante da estrutura da Autoridade Nacional de Prote\u00e7\u00e3o de Dados (ANPD), composto por membros da sociedade <a class=\"leiamais\" href=\"https:\/\/interno.uepb.edu.br\/professor-do-ccj-concorre-a-vaga-no-conselho-nacional-de-protecao-de-dados-pessoas-e-da-privacidade\/\">Leia Mais&#8230;<\/a><\/p>\n","protected":false},"author":39,"featured_media":0,"comment_status":"closed","ping_status":"closed","sticky":false,"template":"","format":"standard","meta":{"jetpack_post_was_ever_published":false,"_jetpack_newsletter_access":"","_jetpack_dont_email_post_to_subs":false,"_jetpack_newsletter_tier_id":0,"_jetpack_memberships_contains_paywalled_content":false,"_jetpack_memberships_contains_paid_content":false,"footnotes":"","jetpack_publicize_message":"","jetpack_publicize_feature_enabled":true,"jetpack_social_post_already_shared":true,"jetpack_social_options":{"image_generator_settings":{"template":"highway","default_image_id":0,"font":"","enabled":false},"version":2}},"categories":[10,4,14],"tags":[],"class_list":["post-1614","post","type-post","status-publish","format-standard","hentry","category-ccj","category-noticias","category-noticias-professores"],"jetpack_publicize_connections":[],"jetpack_featured_media_url":"","jetpack_sharing_enabled":true,"jetpack_shortlink":"https:\/\/wp.me\/p7WTDo-q2","_links":{"self":[{"href":"https:\/\/centros.uepb.edu.br\/ccj\/wp-json\/wp\/v2\/posts\/1614","targetHints":{"allow":["GET"]}}],"collection":[{"href":"https:\/\/centros.uepb.edu.br\/ccj\/wp-json\/wp\/v2\/posts"}],"about":[{"href":"https:\/\/centros.uepb.edu.br\/ccj\/wp-json\/wp\/v2\/types\/post"}],"author":[{"embeddable":true,"href":"https:\/\/centros.uepb.edu.br\/ccj\/wp-json\/wp\/v2\/users\/39"}],"replies":[{"embeddable":true,"href":"https:\/\/centros.uepb.edu.br\/ccj\/wp-json\/wp\/v2\/comments?post=1614"}],"version-history":[{"count":0,"href":"https:\/\/centros.uepb.edu.br\/ccj\/wp-json\/wp\/v2\/posts\/1614\/revisions"}],"wp:attachment":[{"href":"https:\/\/centros.uepb.edu.br\/ccj\/wp-json\/wp\/v2\/media?parent=1614"}],"wp:term":[{"taxonomy":"category","embeddable":true,"href":"https:\/\/centros.uepb.edu.br\/ccj\/wp-json\/wp\/v2\/categories?post=1614"},{"taxonomy":"post_tag","embeddable":true,"href":"https:\/\/centros.uepb.edu.br\/ccj\/wp-json\/wp\/v2\/tags?post=1614"}],"curies":[{"name":"wp","href":"https:\/\/api.w.org\/{rel}","templated":true}]}}