{"id":1606,"date":"2021-04-06T20:05:26","date_gmt":"2021-04-06T23:05:26","guid":{"rendered":"https:\/\/interno.uepb.edu.br\/?p=59353"},"modified":"2021-04-06T20:05:26","modified_gmt":"2021-04-06T23:05:26","slug":"candidatos-a-direcao-de-centro-e-coordenacao-de-curso-participam-de-debate-no-ccj-da-uepb-3","status":"publish","type":"post","link":"https:\/\/centros.uepb.edu.br\/ccj\/candidatos-a-direcao-de-centro-e-coordenacao-de-curso-participam-de-debate-no-ccj-da-uepb-3\/","title":{"rendered":"Candidatos \u00e0 Dire\u00e7\u00e3o de Centro e Coordena\u00e7\u00e3o de curso participam de debate no CCJ da UEPB"},"content":{"rendered":"<p><a href=\"https:\/\/i0.wp.com\/interno.uepb.edu.br\/wp-content\/uploads\/2021\/04\/foto-do-debate.jpeg?ssl=1\"><img loading=\"lazy\" decoding=\"async\" class=\"alignnone size-full wp-image-59354 img-responsive img-responsive\" src=\"https:\/\/i0.wp.com\/interno.uepb.edu.br\/wp-content\/uploads\/2021\/04\/foto-do-debate.jpeg?resize=938%2C495&#038;ssl=1\" alt=\"\" width=\"938\" height=\"495\" data-recalc-dims=\"1\" \/><\/a><br \/>\nOs candidatos \u00e0 Dire\u00e7\u00e3o e Coordena\u00e7\u00e3o do curso de Direito do Centro de Ci\u00eancias Jur\u00eddicas (CCJ) da Universidade Estadual da Para\u00edba (UEPB), participaram na noite desta segunda-feira (5) de um debate com a comunidade acad\u00eamica.<br \/>\nA disputa para a Dire\u00e7\u00e3o de Centro conta com o professor Laplace Guedes Alcoforado Leite de Carvalho, e a diretora adjunta, professora Adriana Alves Torres de Jesus. J\u00e1 para a Coordena\u00e7\u00e3o de Curso os participantes foram a professora Milena Barbosa de Melo, para a Coordena\u00e7\u00e3o; e o coordenador adjunto, professor Glauber Salom\u00e3o Leite.<br \/>\nParticiparam do debate os representantes dos tr\u00eas segmentos do CCJ, os quais formularam perguntas aos candidatos. O debate foi mediado pelo professor Harrison Targino, presidente da Comiss\u00e3o Eleitoral.<\/p>\n","protected":false},"excerpt":{"rendered":"<p>Os candidatos \u00e0 Dire\u00e7\u00e3o e Coordena\u00e7\u00e3o do curso de Direito do Centro de Ci\u00eancias Jur\u00eddicas (CCJ) da Universidade Estadual da Para\u00edba (UEPB), participaram na noite desta segunda-feira (5) de um debate com a comunidade acad\u00eamica. A disputa para a Dire\u00e7\u00e3o de Centro conta com o professor Laplace Guedes Alcoforado Leite de Carvalho, e a diretora <a class=\"leiamais\" href=\"https:\/\/interno.uepb.edu.br\/candidatos-a-direcao-de-centro-e-coordenacao-de-curso-participam-de-debate-no-ccj-da-uepb\/\">Leia Mais&#8230;<\/a><\/p>\n","protected":false},"author":39,"featured_media":0,"comment_status":"closed","ping_status":"closed","sticky":false,"template":"","format":"standard","meta":{"jetpack_post_was_ever_published":false,"_jetpack_newsletter_access":"","_jetpack_dont_email_post_to_subs":false,"_jetpack_newsletter_tier_id":0,"_jetpack_memberships_contains_paywalled_content":false,"_jetpack_memberships_contains_paid_content":false,"footnotes":"","jetpack_publicize_message":"","jetpack_publicize_feature_enabled":true,"jetpack_social_post_already_shared":true,"jetpack_social_options":{"image_generator_settings":{"template":"highway","default_image_id":0,"font":"","enabled":false},"version":2}},"categories":[10,4,33,14,37],"tags":[],"class_list":["post-1606","post","type-post","status-publish","format-standard","hentry","category-ccj","category-noticias","category-noticias-alunos","category-noticias-professores","category-noticias-tecnicos"],"jetpack_publicize_connections":[],"jetpack_featured_media_url":"","jetpack_sharing_enabled":true,"jetpack_shortlink":"https:\/\/wp.me\/p7WTDo-pU","_links":{"self":[{"href":"https:\/\/centros.uepb.edu.br\/ccj\/wp-json\/wp\/v2\/posts\/1606","targetHints":{"allow":["GET"]}}],"collection":[{"href":"https:\/\/centros.uepb.edu.br\/ccj\/wp-json\/wp\/v2\/posts"}],"about":[{"href":"https:\/\/centros.uepb.edu.br\/ccj\/wp-json\/wp\/v2\/types\/post"}],"author":[{"embeddable":true,"href":"https:\/\/centros.uepb.edu.br\/ccj\/wp-json\/wp\/v2\/users\/39"}],"replies":[{"embeddable":true,"href":"https:\/\/centros.uepb.edu.br\/ccj\/wp-json\/wp\/v2\/comments?post=1606"}],"version-history":[{"count":0,"href":"https:\/\/centros.uepb.edu.br\/ccj\/wp-json\/wp\/v2\/posts\/1606\/revisions"}],"wp:attachment":[{"href":"https:\/\/centros.uepb.edu.br\/ccj\/wp-json\/wp\/v2\/media?parent=1606"}],"wp:term":[{"taxonomy":"category","embeddable":true,"href":"https:\/\/centros.uepb.edu.br\/ccj\/wp-json\/wp\/v2\/categories?post=1606"},{"taxonomy":"post_tag","embeddable":true,"href":"https:\/\/centros.uepb.edu.br\/ccj\/wp-json\/wp\/v2\/tags?post=1606"}],"curies":[{"name":"wp","href":"https:\/\/api.w.org\/{rel}","templated":true}]}}