{"id":1601,"date":"2022-03-17T11:05:15","date_gmt":"2022-03-17T14:05:15","guid":{"rendered":"https:\/\/interno.uepb.edu.br\/?p=75918"},"modified":"2022-03-17T11:05:15","modified_gmt":"2022-03-17T14:05:15","slug":"curso-de-direito-recebe-mais-um-selo-de-qualidade-da-oab-em-cerimonia-realizada-em-brasilia","status":"publish","type":"post","link":"https:\/\/centros.uepb.edu.br\/ccj\/curso-de-direito-recebe-mais-um-selo-de-qualidade-da-oab-em-cerimonia-realizada-em-brasilia\/","title":{"rendered":"Curso de Direito recebe mais um Selo de Qualidade da OAB em cerim\u00f4nia realizada em Bras\u00edlia"},"content":{"rendered":"<p><img loading=\"lazy\" decoding=\"async\" class=\"alignnone size-full wp-image-75920 img-responsive img-responsive\" src=\"https:\/\/i0.wp.com\/interno.uepb.edu.br\/wp-content\/uploads\/2022\/03\/Entrega-do-Selo-OAB-ao-CCJ-01.jpeg?resize=639%2C426&#038;ssl=1\" alt=\"\" width=\"639\" height=\"426\" srcset=\"https:\/\/i0.wp.com\/interno.uepb.edu.br\/wp-content\/uploads\/2022\/03\/Entrega-do-Selo-OAB-ao-CCJ-01.jpeg?w=639&amp;ssl=1 639w, https:\/\/i0.wp.com\/interno.uepb.edu.br\/wp-content\/uploads\/2022\/03\/Entrega-do-Selo-OAB-ao-CCJ-01.jpeg?resize=300%2C200&amp;ssl=1 300w\" sizes=\"auto, (max-width: 639px) 100vw, 639px\" data-recalc-dims=\"1\" \/><\/p>\n<p>Gra\u00e7as a qualidade do ensino e aos resultados alcan\u00e7ados pelos estudantes no que diz respeito aos \u00edndices conquistados no Exame de Ordem Unificado da Ordem dos Advogados do Brasil (OAB) e na avalia\u00e7\u00e3o no Exame Nacional de Desempenho de Estudantes (Enade), o curso de Direito da Universidade Estadual da Para\u00edba (UEPB), C\u00e2mpus I, foi agraciado pela terceira vez com o Selo de Qualidade OAB Recomenda. A premia\u00e7\u00e3o representa uma luta hist\u00f3rica da OAB em defesa da qualidade do ensino jur\u00eddico no Brasil.<\/p>\n<p>A certifica\u00e7\u00e3o em sua 7\u00aa edi\u00e7\u00e3o, foi entregue pela Ordem dos Advogados do Brasil em solenidade realizada nesta quarta-feira (16), na sede da OAB, em Bras\u00edlia. A entrega da chancela foi feita ao diretor do Centro de Ci\u00eancias Jur\u00eddicas (CCJ), professor Laplace Guedes. Neste ano, dos 1.896 cursos de Direito do Brasil, apenas 192 Institui\u00e7\u00f5es de Ensino Superior foram agraciadas, entre as quais o CCJ\/UEPB.<\/p>\n<p>Ao discursar durante a solenidade, o presidente da OAB, Beto Simonetti, refor\u00e7ou o pr\u00eamio como um instrumento que contribui para garantir a qualidade do ensino jur\u00eddico. \u201cAs institui\u00e7\u00f5es que est\u00e3o representadas aqui nesta solenidade merecem o reconhecimento da Ordem em fun\u00e7\u00e3o da profici\u00eancia e da efic\u00e1cia do ensino que \u00e9 prestado\u201d, disse Simonetti.<\/p>\n<p>J\u00e1 o diretor do CCJ, afirmou que \u201co curso vem se tornando um Centro de Ci\u00eancias Jur\u00eddicas de refer\u00eancia gra\u00e7as a determina\u00e7\u00e3o do ex-reitor, professor Rangel J\u00fanior, da atual reitora, professora C\u00e9lia Regina Diniz, que fecharam quest\u00e3o de oferecer as condi\u00e7\u00f5es necess\u00e1rias para os contribuintes paraibanos e do resto pa\u00eds para fazerem uso do t\u00e3o sonhado direito ao ensino gratuito e de qualidade\u201d, disse o professor Laplace.<\/p>\n<p>O professor Laplace Guedes afirmou ainda que esta conquista n\u00e3o seria poss\u00edvel sem as digitais dos protagonistas, que s\u00e3o os estudantes, docentes, servidores, a diretora adjunta Adriana Torres, a coordenadora Milena Melo, o coordenador adjunto Luciano Nascimento, e da coordenadora do Escrit\u00f3rio Modelo, Lucira Freire.<\/p>\n<p>O Selo, concedido pelo Conselho Federal da Ordem dos Advogados do Brasil desde o ano de 2013, \u00e9 uma premia\u00e7\u00e3o trienal cujos crit\u00e9rios de concess\u00e3o se baseiam nos \u00edndices de desempenho dos discentes dos Cursos de Gradua\u00e7\u00e3o em Direito no Exame da Ordem (EOAB) e no Exame Nacional de Desempenho dos Estudantes (ENADE). A premia\u00e7\u00e3o representa uma luta hist\u00f3rica da OAB em defesa da qualidade do ensino jur\u00eddico no Brasil.<\/p>\n<p>A solenidade foi idealizada com o objetivo de estimular o aperfei\u00e7oamento da educa\u00e7\u00e3o jur\u00eddica no Brasil, atribuindo esse reconhecimento \u00e0s Institui\u00e7\u00f5es de Ensino Superior que alcan\u00e7aram no \u00faltimo tri\u00eanio o padr\u00e3o de qualidade, de acordo com os crit\u00e9rios da Comiss\u00e3o Especial do Selo pertencente ao Conselho Federal da OAB.<\/p>\n<p><em><strong><img loading=\"lazy\" decoding=\"async\" class=\"alignnone size-full wp-image-75919 img-responsive img-responsive\" src=\"https:\/\/i0.wp.com\/interno.uepb.edu.br\/wp-content\/uploads\/2022\/03\/Entrega-do-Selo-OAB-ao-CCJ-02.jpeg?resize=712%2C474&#038;ssl=1\" alt=\"\" width=\"712\" height=\"474\" srcset=\"https:\/\/i0.wp.com\/interno.uepb.edu.br\/wp-content\/uploads\/2022\/03\/Entrega-do-Selo-OAB-ao-CCJ-02.jpeg?w=712&amp;ssl=1 712w, https:\/\/i0.wp.com\/interno.uepb.edu.br\/wp-content\/uploads\/2022\/03\/Entrega-do-Selo-OAB-ao-CCJ-02.jpeg?resize=300%2C200&amp;ssl=1 300w\" sizes=\"auto, (max-width: 712px) 100vw, 712px\" data-recalc-dims=\"1\" \/>Texto:<\/strong> Severino Lopes<\/em><br \/>\n<em><strong>Fotos:<\/strong> Divulga\u00e7\u00e3o<\/em><\/p>\n","protected":false},"excerpt":{"rendered":"<p>Gra\u00e7as a qualidade do ensino e aos resultados alcan\u00e7ados pelos estudantes no que diz respeito aos \u00edndices conquistados no Exame de Ordem Unificado da Ordem dos Advogados do Brasil (OAB) e na avalia\u00e7\u00e3o no Exame Nacional de Desempenho de Estudantes (Enade), o curso de Direito da Universidade Estadual da Para\u00edba (UEPB), C\u00e2mpus I, foi agraciado <a class=\"leiamais\" href=\"https:\/\/interno.uepb.edu.br\/curso-de-direito-recebe-mais-um-selo-de-qualidade-da-oab-em-cerimonia-realizada-em-brasilia\/\">Leia Mais&#8230;<\/a><\/p>\n","protected":false},"author":39,"featured_media":0,"comment_status":"closed","ping_status":"closed","sticky":false,"template":"","format":"standard","meta":{"jetpack_post_was_ever_published":false,"_jetpack_newsletter_access":"","_jetpack_dont_email_post_to_subs":false,"_jetpack_newsletter_tier_id":0,"_jetpack_memberships_contains_paywalled_content":false,"_jetpack_memberships_contains_paid_content":false,"footnotes":"","jetpack_publicize_message":"","jetpack_publicize_feature_enabled":true,"jetpack_social_post_already_shared":true,"jetpack_social_options":{"image_generator_settings":{"template":"highway","default_image_id":0,"font":"","enabled":false},"version":2}},"categories":[10,59,4,33,14,37],"tags":[],"class_list":["post-1601","post","type-post","status-publish","format-standard","hentry","category-ccj","category-covid-19","category-noticias","category-noticias-alunos","category-noticias-professores","category-noticias-tecnicos"],"jetpack_publicize_connections":[],"jetpack_featured_media_url":"","jetpack_sharing_enabled":true,"jetpack_shortlink":"https:\/\/wp.me\/p7WTDo-pP","_links":{"self":[{"href":"https:\/\/centros.uepb.edu.br\/ccj\/wp-json\/wp\/v2\/posts\/1601","targetHints":{"allow":["GET"]}}],"collection":[{"href":"https:\/\/centros.uepb.edu.br\/ccj\/wp-json\/wp\/v2\/posts"}],"about":[{"href":"https:\/\/centros.uepb.edu.br\/ccj\/wp-json\/wp\/v2\/types\/post"}],"author":[{"embeddable":true,"href":"https:\/\/centros.uepb.edu.br\/ccj\/wp-json\/wp\/v2\/users\/39"}],"replies":[{"embeddable":true,"href":"https:\/\/centros.uepb.edu.br\/ccj\/wp-json\/wp\/v2\/comments?post=1601"}],"version-history":[{"count":0,"href":"https:\/\/centros.uepb.edu.br\/ccj\/wp-json\/wp\/v2\/posts\/1601\/revisions"}],"wp:attachment":[{"href":"https:\/\/centros.uepb.edu.br\/ccj\/wp-json\/wp\/v2\/media?parent=1601"}],"wp:term":[{"taxonomy":"category","embeddable":true,"href":"https:\/\/centros.uepb.edu.br\/ccj\/wp-json\/wp\/v2\/categories?post=1601"},{"taxonomy":"post_tag","embeddable":true,"href":"https:\/\/centros.uepb.edu.br\/ccj\/wp-json\/wp\/v2\/tags?post=1601"}],"curies":[{"name":"wp","href":"https:\/\/api.w.org\/{rel}","templated":true}]}}