{"id":1500,"date":"2021-10-29T18:53:29","date_gmt":"2021-10-29T21:53:29","guid":{"rendered":"https:\/\/interno.uepb.edu.br\/?p=74162"},"modified":"2021-10-29T18:53:29","modified_gmt":"2021-10-29T21:53:29","slug":"universidade-estadual-da-paraiba-lamenta-falecimento-de-ex-professor-do-curso-de-direito-do-campus-i","status":"publish","type":"post","link":"https:\/\/centros.uepb.edu.br\/ccj\/universidade-estadual-da-paraiba-lamenta-falecimento-de-ex-professor-do-curso-de-direito-do-campus-i\/","title":{"rendered":"Universidade Estadual da Para\u00edba lamenta falecimento de ex-professor do curso de Direito, do C\u00e2mpus I"},"content":{"rendered":"<p><img loading=\"lazy\" decoding=\"async\" class=\"wp-image-74161 alignleft img-responsive img-responsive\" src=\"https:\/\/i1.wp.com\/interno.uepb.edu.br\/wp-content\/uploads\/2021\/10\/Professor-Jose-Claudio-Baptista.jpeg?resize=248%2C325&#038;ssl=1\" alt=\"\" width=\"248\" height=\"325\" srcset=\"https:\/\/i1.wp.com\/interno.uepb.edu.br\/wp-content\/uploads\/2021\/10\/Professor-Jose-Claudio-Baptista.jpeg?w=735&amp;ssl=1 735w, https:\/\/i1.wp.com\/interno.uepb.edu.br\/wp-content\/uploads\/2021\/10\/Professor-Jose-Claudio-Baptista.jpeg?resize=229%2C300&amp;ssl=1 229w\" sizes=\"auto, (max-width: 248px) 100vw, 248px\" data-recalc-dims=\"1\" \/><\/p>\n<p>A Administra\u00e7\u00e3o Central da Universidade Estadual da Para\u00edba (UEPB), juntamente a Dire\u00e7\u00e3o do Centro de Ci\u00eancias Jur\u00eddicas (CCJ) da Institui\u00e7\u00e3o, bem como toda a comunidade universit\u00e1ria, lamentam com profundo pesar o falecimento do ex-professor Jos\u00e9 Cl\u00e1udio Baptista, 89 anos, ocorrido nesta sexta-feira (29), em Campina Grande.<\/p>\n<p>Professor Jos\u00e9 Cl\u00e1udio Baptista fez parte da Institui\u00e7\u00e3o desde quando foi docente da Faculdade de Direito da Universidade Regional do Nordeste (URNe), como tamb\u00e9m ocupou o cargo de procurador-geral da UEPB durante o reitorado do professor Sebasti\u00e3o Vieira, al\u00e9m de ter desenvolvido durante anos suas atividades acad\u00eamicas no CCJ, C\u00e2mpus I.<\/p>\n<p>Figura querida na Universidade, professor Jos\u00e9 Cl\u00e1udio sempre ser\u00e1 lembrado pelo exemplo profissional que durante v\u00e1rios anos emprestou seus conhecimentos \u00e0 forma\u00e7\u00e3o de profissionais do Direito na UEPB.<\/p>\n<p>O vel\u00f3rio do professor Jos\u00e9 Cl\u00e1udio Baptista acontece no cemit\u00e9rio Campo Santo Parque da Paz, em Campina Grande. O sepultamento est\u00e1 marcado para as 16h, deste s\u00e1bado (30), no mesmo local. Enlutada, a Institui\u00e7\u00e3o presta solidariedade aos familiares e amigos por t\u00e3o dolorosa perda.<\/p>\n","protected":false},"excerpt":{"rendered":"<p>A Administra\u00e7\u00e3o Central da Universidade Estadual da Para\u00edba (UEPB), juntamente a Dire\u00e7\u00e3o do Centro de Ci\u00eancias Jur\u00eddicas (CCJ) da Institui\u00e7\u00e3o, bem como toda a comunidade universit\u00e1ria, lamentam com profundo pesar o falecimento do ex-professor Jos\u00e9 Cl\u00e1udio Baptista, 89 anos, ocorrido nesta sexta-feira (29), em Campina Grande. Professor Jos\u00e9 Cl\u00e1udio Baptista fez parte da Institui\u00e7\u00e3o desde <a class=\"leiamais\" href=\"https:\/\/interno.uepb.edu.br\/universidade-estadual-da-paraiba-lamenta-falecimento-de-ex-professor-do-curso-de-direito-do-campus-i\/\">Leia Mais&#8230;<\/a><\/p>\n","protected":false},"author":39,"featured_media":0,"comment_status":"closed","ping_status":"closed","sticky":false,"template":"","format":"standard","meta":{"jetpack_post_was_ever_published":false,"_jetpack_newsletter_access":"","_jetpack_dont_email_post_to_subs":false,"_jetpack_newsletter_tier_id":0,"_jetpack_memberships_contains_paywalled_content":false,"_jetpack_memberships_contains_paid_content":false,"footnotes":"","jetpack_publicize_message":"","jetpack_publicize_feature_enabled":true,"jetpack_social_post_already_shared":true,"jetpack_social_options":{"image_generator_settings":{"template":"highway","default_image_id":0,"font":"","enabled":false},"version":2}},"categories":[10,4,12,14],"tags":[],"class_list":["post-1500","post","type-post","status-publish","format-standard","hentry","category-ccj","category-noticias","category-noticias-destaque","category-noticias-professores"],"jetpack_publicize_connections":[],"jetpack_featured_media_url":"","jetpack_sharing_enabled":true,"jetpack_shortlink":"https:\/\/wp.me\/p7WTDo-oc","_links":{"self":[{"href":"https:\/\/centros.uepb.edu.br\/ccj\/wp-json\/wp\/v2\/posts\/1500","targetHints":{"allow":["GET"]}}],"collection":[{"href":"https:\/\/centros.uepb.edu.br\/ccj\/wp-json\/wp\/v2\/posts"}],"about":[{"href":"https:\/\/centros.uepb.edu.br\/ccj\/wp-json\/wp\/v2\/types\/post"}],"author":[{"embeddable":true,"href":"https:\/\/centros.uepb.edu.br\/ccj\/wp-json\/wp\/v2\/users\/39"}],"replies":[{"embeddable":true,"href":"https:\/\/centros.uepb.edu.br\/ccj\/wp-json\/wp\/v2\/comments?post=1500"}],"version-history":[{"count":0,"href":"https:\/\/centros.uepb.edu.br\/ccj\/wp-json\/wp\/v2\/posts\/1500\/revisions"}],"wp:attachment":[{"href":"https:\/\/centros.uepb.edu.br\/ccj\/wp-json\/wp\/v2\/media?parent=1500"}],"wp:term":[{"taxonomy":"category","embeddable":true,"href":"https:\/\/centros.uepb.edu.br\/ccj\/wp-json\/wp\/v2\/categories?post=1500"},{"taxonomy":"post_tag","embeddable":true,"href":"https:\/\/centros.uepb.edu.br\/ccj\/wp-json\/wp\/v2\/tags?post=1500"}],"curies":[{"name":"wp","href":"https:\/\/api.w.org\/{rel}","templated":true}]}}