{"id":1456,"date":"2021-09-09T12:03:02","date_gmt":"2021-09-09T15:03:02","guid":{"rendered":"https:\/\/interno.uepb.edu.br\/?p=73146"},"modified":"2021-09-09T12:03:02","modified_gmt":"2021-09-09T15:03:02","slug":"nucleo-de-pesquisa-e-extensao-em-historia-local-abre-selecao-para-monitores-voluntarios","status":"publish","type":"post","link":"https:\/\/centros.uepb.edu.br\/ccj\/nucleo-de-pesquisa-e-extensao-em-historia-local-abre-selecao-para-monitores-voluntarios\/","title":{"rendered":"N\u00facleo de Pesquisa e Extens\u00e3o em Hist\u00f3ria Local abre sele\u00e7\u00e3o para monitores volunt\u00e1rios"},"content":{"rendered":"<p>Com o objetivo de propiciar um campo de experi\u00eancias e conhecimentos de articula\u00e7\u00e3o te\u00f3rico-pr\u00e1tica, a Coordena\u00e7\u00e3o do N\u00facleo de Pesquisa e Extens\u00e3o em Hist\u00f3ria Local (NUPEHL) da Universidade Estadual da Para\u00edba (UEPB) publicou edital com 16 vagas para monitores volunt\u00e1rios para atuar em projetos vinculados ao n\u00facleo. As inscri\u00e7\u00f5es estar\u00e3o abertas de 30 de setembro a 2 de outubro e os selecionados para o per\u00edodo 2021.2 atuar\u00e3o pelo prazo de um ano.<\/p>\n<p>Entre os requisitos para a inscri\u00e7\u00e3o os candidatos devem estar cursando a partir do segundo semestre dos cursos de gradua\u00e7\u00e3o em Hist\u00f3ria, Arquivologia, Sociologia, Jornalismo, Direito, Antropologia ou Ci\u00eancia da Computa\u00e7\u00e3o, preferencialmente; ou estar devidamente matriculado em curso de p\u00f3s-gradua\u00e7\u00e3o da UEPB.<\/p>\n<p>As inscri\u00e7\u00f5es ser\u00e3o feitas exclusivamente pelo e-mail institucional do NUPEHL, <strong>nupehl@setor.uepb.edu.br<\/strong>. A ficha de inscri\u00e7\u00e3o pode ser baixada diretamente do <a href=\"https:\/\/www.nupehl.com\/documentos\"  rel=\"noopener\"><strong>site do N\u00facleo<\/strong><\/a>. Na ocasi\u00e3o, o candidato deve enviar todos os documentos exigidos no edital, que pode ser conferido <a href=\"https:\/\/uepb.edu.br\/download\/nupehl-selecao-monitores-voluntarios-edital-2021-2\/?wpdmdl=73132&amp;masterkey=6139f160050a7\"  rel=\"noopener\"><strong>aqui<\/strong><\/a>.<\/p>\n<p><em><strong>Texto:<\/strong> Juliana Rosas<\/em><\/p>\n","protected":false},"excerpt":{"rendered":"<p>Com o objetivo de propiciar um campo de experi\u00eancias e conhecimentos de articula\u00e7\u00e3o te\u00f3rico-pr\u00e1tica, a Coordena\u00e7\u00e3o do N\u00facleo de Pesquisa e Extens\u00e3o em Hist\u00f3ria Local (NUPEHL) da Universidade Estadual da Para\u00edba (UEPB) publicou edital com 16 vagas para monitores volunt\u00e1rios para atuar em projetos vinculados ao n\u00facleo. As inscri\u00e7\u00f5es estar\u00e3o abertas de 30 de setembro <a class=\"leiamais\" href=\"https:\/\/interno.uepb.edu.br\/nucleo-de-pesquisa-e-extensao-em-historia-local-abre-selecao-para-monitores-voluntarios\/\">Leia Mais&#8230;<\/a><\/p>\n","protected":false},"author":39,"featured_media":0,"comment_status":"closed","ping_status":"closed","sticky":false,"template":"","format":"standard","meta":{"jetpack_post_was_ever_published":false,"_jetpack_newsletter_access":"","_jetpack_dont_email_post_to_subs":false,"_jetpack_newsletter_tier_id":0,"_jetpack_memberships_contains_paywalled_content":false,"_jetpack_memberships_contains_paid_content":false,"footnotes":"","jetpack_publicize_message":"","jetpack_publicize_feature_enabled":true,"jetpack_social_post_already_shared":true,"jetpack_social_options":{"image_generator_settings":{"template":"highway","default_image_id":0,"font":"","enabled":false},"version":2}},"categories":[19,10,11,26,28,59,4,33,12,47],"tags":[],"class_list":["post-1456","post","type-post","status-publish","format-standard","hentry","category-ccbsa","category-ccj","category-ccsa","category-cct","category-ceduc","category-covid-19","category-noticias","category-noticias-alunos","category-noticias-destaque","category-prpgp"],"jetpack_publicize_connections":[],"jetpack_featured_media_url":"","jetpack_sharing_enabled":true,"jetpack_shortlink":"https:\/\/wp.me\/p7WTDo-nu","_links":{"self":[{"href":"https:\/\/centros.uepb.edu.br\/ccj\/wp-json\/wp\/v2\/posts\/1456","targetHints":{"allow":["GET"]}}],"collection":[{"href":"https:\/\/centros.uepb.edu.br\/ccj\/wp-json\/wp\/v2\/posts"}],"about":[{"href":"https:\/\/centros.uepb.edu.br\/ccj\/wp-json\/wp\/v2\/types\/post"}],"author":[{"embeddable":true,"href":"https:\/\/centros.uepb.edu.br\/ccj\/wp-json\/wp\/v2\/users\/39"}],"replies":[{"embeddable":true,"href":"https:\/\/centros.uepb.edu.br\/ccj\/wp-json\/wp\/v2\/comments?post=1456"}],"version-history":[{"count":0,"href":"https:\/\/centros.uepb.edu.br\/ccj\/wp-json\/wp\/v2\/posts\/1456\/revisions"}],"wp:attachment":[{"href":"https:\/\/centros.uepb.edu.br\/ccj\/wp-json\/wp\/v2\/media?parent=1456"}],"wp:term":[{"taxonomy":"category","embeddable":true,"href":"https:\/\/centros.uepb.edu.br\/ccj\/wp-json\/wp\/v2\/categories?post=1456"},{"taxonomy":"post_tag","embeddable":true,"href":"https:\/\/centros.uepb.edu.br\/ccj\/wp-json\/wp\/v2\/tags?post=1456"}],"curies":[{"name":"wp","href":"https:\/\/api.w.org\/{rel}","templated":true}]}}