{"id":1431,"date":"2021-07-02T09:52:47","date_gmt":"2021-07-02T12:52:47","guid":{"rendered":"https:\/\/interno.uepb.edu.br\/?p=60486"},"modified":"2021-07-02T09:52:47","modified_gmt":"2021-07-02T12:52:47","slug":"nucleo-de-pratica-juridica-oferece-atendimento-juridico-remoto-para-populacao-da-comarca-de-cg-2","status":"publish","type":"post","link":"https:\/\/centros.uepb.edu.br\/ccj\/nucleo-de-pratica-juridica-oferece-atendimento-juridico-remoto-para-populacao-da-comarca-de-cg-2\/","title":{"rendered":"N\u00facleo de Pr\u00e1tica Jur\u00eddica oferece atendimento jur\u00eddico remoto para popula\u00e7\u00e3o da comarca de CG"},"content":{"rendered":"<p>O N\u00facleo de Pr\u00e1ticas Jur\u00eddicas (NPJ), tamb\u00e9m conhecido como Escrit\u00f3rio Modelo da Universidade Estadual da Para\u00edba (UEPB), instalado no Centro de Ci\u00eancias Jur\u00eddicas (CCJ), C\u00e2mpus I da Institui\u00e7\u00e3o, est\u00e1 oferecendo atendimento para a popula\u00e7\u00e3o da comarca de Campina Grande.<br \/>\nAs \u00e1reas do atendimento oferecido ao p\u00fablico compreendem os direitos Civil, Penal, Trabalhista, Previdenci\u00e1rio e Administrativo. Os interessados poder\u00e3o enviar suas demandas para o e-mail do escrit\u00f3rio: <strong>npj@setor.uepb.edu.br<\/strong>.<br \/>\nO N\u00facleo de Pr\u00e1tica Jur\u00eddica\/Escrit\u00f3rio Modelo tem como objetivo proporcionar a integra\u00e7\u00e3o dos estagi\u00e1rios do Curso de Direito com a comunidade atrav\u00e9s da presta\u00e7\u00e3o gratuita de servi\u00e7os advocat\u00edcios.<br \/>\nTexto: Givaldo Cavalcanti<\/p>\n","protected":false},"excerpt":{"rendered":"<p>O N\u00facleo de Pr\u00e1ticas Jur\u00eddicas (NPJ), tamb\u00e9m conhecido como Escrit\u00f3rio Modelo da Universidade Estadual da Para\u00edba (UEPB), instalado no Centro de Ci\u00eancias Jur\u00eddicas (CCJ), C\u00e2mpus I da Institui\u00e7\u00e3o, est\u00e1 oferecendo atendimento para a popula\u00e7\u00e3o da comarca de Campina Grande. As \u00e1reas do atendimento oferecido ao p\u00fablico compreendem os direitos Civil, Penal, Trabalhista, Previdenci\u00e1rio e Administrativo. <a class=\"leiamais\" href=\"https:\/\/interno.uepb.edu.br\/nucleo-de-pratica-juridica-oferece-atendimento-juridico-remoto-para-populacao-da-comarca-de-campina-grande\/\">Leia Mais&#8230;<\/a><\/p>\n","protected":false},"author":39,"featured_media":0,"comment_status":"closed","ping_status":"closed","sticky":false,"template":"","format":"standard","meta":{"jetpack_post_was_ever_published":false,"_jetpack_newsletter_access":"","_jetpack_dont_email_post_to_subs":false,"_jetpack_newsletter_tier_id":0,"_jetpack_memberships_contains_paywalled_content":false,"_jetpack_memberships_contains_paid_content":false,"footnotes":"","jetpack_publicize_message":"","jetpack_publicize_feature_enabled":true,"jetpack_social_post_already_shared":true,"jetpack_social_options":{"image_generator_settings":{"template":"highway","default_image_id":0,"font":"","enabled":false},"version":2}},"categories":[10,59,4,38],"tags":[],"class_list":["post-1431","post","type-post","status-publish","format-standard","hentry","category-ccj","category-covid-19","category-noticias","category-proex"],"jetpack_publicize_connections":[],"jetpack_featured_media_url":"","jetpack_sharing_enabled":true,"jetpack_shortlink":"https:\/\/wp.me\/p7WTDo-n5","_links":{"self":[{"href":"https:\/\/centros.uepb.edu.br\/ccj\/wp-json\/wp\/v2\/posts\/1431","targetHints":{"allow":["GET"]}}],"collection":[{"href":"https:\/\/centros.uepb.edu.br\/ccj\/wp-json\/wp\/v2\/posts"}],"about":[{"href":"https:\/\/centros.uepb.edu.br\/ccj\/wp-json\/wp\/v2\/types\/post"}],"author":[{"embeddable":true,"href":"https:\/\/centros.uepb.edu.br\/ccj\/wp-json\/wp\/v2\/users\/39"}],"replies":[{"embeddable":true,"href":"https:\/\/centros.uepb.edu.br\/ccj\/wp-json\/wp\/v2\/comments?post=1431"}],"version-history":[{"count":0,"href":"https:\/\/centros.uepb.edu.br\/ccj\/wp-json\/wp\/v2\/posts\/1431\/revisions"}],"wp:attachment":[{"href":"https:\/\/centros.uepb.edu.br\/ccj\/wp-json\/wp\/v2\/media?parent=1431"}],"wp:term":[{"taxonomy":"category","embeddable":true,"href":"https:\/\/centros.uepb.edu.br\/ccj\/wp-json\/wp\/v2\/categories?post=1431"},{"taxonomy":"post_tag","embeddable":true,"href":"https:\/\/centros.uepb.edu.br\/ccj\/wp-json\/wp\/v2\/tags?post=1431"}],"curies":[{"name":"wp","href":"https:\/\/api.w.org\/{rel}","templated":true}]}}