{"id":1392,"date":"2021-07-05T11:59:26","date_gmt":"2021-07-05T14:59:26","guid":{"rendered":"https:\/\/www.interno.uepb.edu.br\/?p=60516"},"modified":"2021-07-05T11:59:26","modified_gmt":"2021-07-05T14:59:26","slug":"projeto-de-extensao-do-curso-de-direito-do-centro-de-humanidades-promove-discussao-sobre-direito-e-literatura","status":"publish","type":"post","link":"https:\/\/centros.uepb.edu.br\/ccj\/projeto-de-extensao-do-curso-de-direito-do-centro-de-humanidades-promove-discussao-sobre-direito-e-literatura\/","title":{"rendered":"Projeto de Extens\u00e3o do Curso de Direito do Centro de Humanidades promove discuss\u00e3o sobre Direito e Literatura"},"content":{"rendered":"<p><a href=\"https:\/\/www.interno.uepb.edu.br\/wp-content\/uploads\/2021\/07\/Primeira_Palestra_PapoDireitocomaLiteratura.jpeg\"><img decoding=\"async\" loading=\"lazy\" class=\"alignleft size-full wp-image-60515 img-responsive img-responsive\" src=\"https:\/\/www.interno.uepb.edu.br\/wp-content\/uploads\/2021\/07\/Primeira_Palestra_PapoDireitocomaLiteratura.jpeg\" alt=\"\" width=\"1080\" height=\"390\" srcset=\"https:\/\/www.interno.uepb.edu.br\/wp-content\/uploads\/2021\/07\/Primeira_Palestra_PapoDireitocomaLiteratura.jpeg 1080w, https:\/\/www.interno.uepb.edu.br\/wp-content\/uploads\/2021\/07\/Primeira_Palestra_PapoDireitocomaLiteratura-300x108.jpeg 300w, https:\/\/www.interno.uepb.edu.br\/wp-content\/uploads\/2021\/07\/Primeira_Palestra_PapoDireitocomaLiteratura-1024x370.jpeg 1024w, https:\/\/www.interno.uepb.edu.br\/wp-content\/uploads\/2021\/07\/Primeira_Palestra_PapoDireitocomaLiteratura-768x277.jpeg 768w, https:\/\/www.interno.uepb.edu.br\/wp-content\/uploads\/2021\/07\/Primeira_Palestra_PapoDireitocomaLiteratura-370x134.jpeg 370w, https:\/\/www.interno.uepb.edu.br\/wp-content\/uploads\/2021\/07\/Primeira_Palestra_PapoDireitocomaLiteratura-840x303.jpeg 840w\" sizes=\"auto, (max-width: 1080px) 100vw, 1080px\" \/><\/a>Um projeto de Extens\u00e3o do curso de Direito, do Centro de Humanidades (CH) da Universidade Estadual da Para\u00edba (UEPB), C\u00e2mpus III em Guarabira, est\u00e1 possibilitando a promo\u00e7\u00e3o de um debate sobre o Direito e a Literatura. Diversas palestras com especialistas das duas \u00e1reas j\u00e1 foram realizadas desde o in\u00edcio das atividades. Por conta da pandemia, os encontros est\u00e3o sendo realizados de forma virtual.<\/p>\n<p>Intitulado de \u201cO Papo Direto com a Literatura\u201d, faz parte de um movimento que vem ganhando cada vez mais espa\u00e7o no cen\u00e1rio nacional, que busca humanizar o estudo e a interpreta\u00e7\u00e3o das ci\u00eancias jur\u00eddicas atrav\u00e9s de uma abordagem interdisciplinar com a literatura. A idealizadora do projeto, professora Luciana Souto de Oliveira, explicou que \u201co objetivo do papo Dire(i)to com a Literatura \u00e9 realizar uma palestra a cada m\u00eas, na qual um professor convidado escolher\u00e1 uma obra liter\u00e1ria, com abordagem jur\u00eddica, para conversar com alunos e demais interessados, de maneira direta e descontra\u00edda\u201d, afirmou.<\/p>\n<p>Os eventos est\u00e3o sendo realizados remotamente, atrav\u00e9s do Google Meet, plataforma de videochamadas do Google, na \u00faltima semana de cada m\u00eas e contam com certifica\u00e7\u00e3o para os ouvintes que participarem dos encontros. At\u00e9 o momento, j\u00e1 foram trabalhadas tem\u00e1ticas como a discrimina\u00e7\u00e3o do trabalho dom\u00e9stico, o tr\u00e1gico e o maravilhoso no mundo do direito, a viol\u00eancia contra a mulher, a sertanidade e os direitos fundamentais.<\/p>\n<p>Aluno extensionista do projeto, Rivaldo Damacena Ramos, observou que apesar de serem realizadas com enfoque jur\u00eddico, as palestras s\u00e3o abertas ao p\u00fablico em geral, e qualquer pessoa pode participar, desde que se inscreva nos formul\u00e1rios que s\u00e3o disponibilizados. Para ter mais acesso \u00e0s informa\u00e7\u00f5es sobre o projeto e ficar atento aos pr\u00f3ximos eventos, basta acessar o perfil no Instagram (<strong>@papodireitocomaliteratura<\/strong>).<\/p>\n<p><a href=\"https:\/\/www.interno.uepb.edu.br\/wp-content\/uploads\/2021\/07\/Quarta_Palestra_PapoDireitcomaLiteratura.jpeg\"><img decoding=\"async\" loading=\"lazy\" class=\"alignleft size-full wp-image-60514 img-responsive img-responsive\" src=\"https:\/\/www.interno.uepb.edu.br\/wp-content\/uploads\/2021\/07\/Quarta_Palestra_PapoDireitcomaLiteratura.jpeg\" alt=\"\" width=\"1280\" height=\"581\" srcset=\"https:\/\/www.interno.uepb.edu.br\/wp-content\/uploads\/2021\/07\/Quarta_Palestra_PapoDireitcomaLiteratura.jpeg 1280w, https:\/\/www.interno.uepb.edu.br\/wp-content\/uploads\/2021\/07\/Quarta_Palestra_PapoDireitcomaLiteratura-300x136.jpeg 300w, https:\/\/www.interno.uepb.edu.br\/wp-content\/uploads\/2021\/07\/Quarta_Palestra_PapoDireitcomaLiteratura-1024x465.jpeg 1024w, https:\/\/www.interno.uepb.edu.br\/wp-content\/uploads\/2021\/07\/Quarta_Palestra_PapoDireitcomaLiteratura-768x349.jpeg 768w, https:\/\/www.interno.uepb.edu.br\/wp-content\/uploads\/2021\/07\/Quarta_Palestra_PapoDireitcomaLiteratura-370x168.jpeg 370w, https:\/\/www.interno.uepb.edu.br\/wp-content\/uploads\/2021\/07\/Quarta_Palestra_PapoDireitcomaLiteratura-840x381.jpeg 840w\" sizes=\"auto, (max-width: 1280px) 100vw, 1280px\" \/><\/a><\/p>\n<p><em><strong>Texto:<\/strong> Severino Lopes<\/em><br \/>\n<em><strong>Fotos:<\/strong> Reprodu\u00e7\u00e3o Sala Virtual<\/em><\/p>\n","protected":false},"excerpt":{"rendered":"<p>Um projeto de Extens\u00e3o do curso de Direito, do Centro de Humanidades (CH) da Universidade Estadual da Para\u00edba (UEPB), C\u00e2mpus III em Guarabira, est\u00e1 possibilitando a promo\u00e7\u00e3o de um debate sobre o Direito e a Literatura. Diversas palestras com especialistas das duas \u00e1reas j\u00e1 foram realizadas desde o in\u00edcio das atividades. Por conta da pandemia, <a class=\"leiamais\" href=\"https:\/\/www.interno.uepb.edu.br\/projeto-de-extensao-do-curso-de-direito-do-centro-de-humanidades-promove-discussao-sobre-direito-e-literatura\/\">Leia Mais&#8230;<\/a><\/p>\n","protected":false},"author":39,"featured_media":0,"comment_status":"closed","ping_status":"closed","sticky":false,"template":"","format":"standard","meta":{"jetpack_post_was_ever_published":false,"_jetpack_newsletter_access":"","_jetpack_dont_email_post_to_subs":false,"_jetpack_newsletter_tier_id":0,"_jetpack_memberships_contains_paywalled_content":false,"_jetpack_memberships_contains_paid_content":false,"footnotes":"","jetpack_publicize_message":"","jetpack_publicize_feature_enabled":true,"jetpack_social_post_already_shared":true,"jetpack_social_options":{"image_generator_settings":{"template":"highway","default_image_id":0,"font":"","enabled":false},"version":2}},"categories":[10,59,4,33],"tags":[],"class_list":["post-1392","post","type-post","status-publish","format-standard","hentry","category-ccj","category-covid-19","category-noticias","category-noticias-alunos"],"jetpack_publicize_connections":[],"jetpack_featured_media_url":"","jetpack_sharing_enabled":true,"jetpack_shortlink":"https:\/\/wp.me\/p7WTDo-ms","_links":{"self":[{"href":"https:\/\/centros.uepb.edu.br\/ccj\/wp-json\/wp\/v2\/posts\/1392","targetHints":{"allow":["GET"]}}],"collection":[{"href":"https:\/\/centros.uepb.edu.br\/ccj\/wp-json\/wp\/v2\/posts"}],"about":[{"href":"https:\/\/centros.uepb.edu.br\/ccj\/wp-json\/wp\/v2\/types\/post"}],"author":[{"embeddable":true,"href":"https:\/\/centros.uepb.edu.br\/ccj\/wp-json\/wp\/v2\/users\/39"}],"replies":[{"embeddable":true,"href":"https:\/\/centros.uepb.edu.br\/ccj\/wp-json\/wp\/v2\/comments?post=1392"}],"version-history":[{"count":0,"href":"https:\/\/centros.uepb.edu.br\/ccj\/wp-json\/wp\/v2\/posts\/1392\/revisions"}],"wp:attachment":[{"href":"https:\/\/centros.uepb.edu.br\/ccj\/wp-json\/wp\/v2\/media?parent=1392"}],"wp:term":[{"taxonomy":"category","embeddable":true,"href":"https:\/\/centros.uepb.edu.br\/ccj\/wp-json\/wp\/v2\/categories?post=1392"},{"taxonomy":"post_tag","embeddable":true,"href":"https:\/\/centros.uepb.edu.br\/ccj\/wp-json\/wp\/v2\/tags?post=1392"}],"curies":[{"name":"wp","href":"https:\/\/api.w.org\/{rel}","templated":true}]}}