{"id":1355,"date":"2021-05-26T06:29:39","date_gmt":"2021-05-26T09:29:39","guid":{"rendered":"https:\/\/www.interno.uepb.edu.br\/?p=60132"},"modified":"2021-05-26T06:29:39","modified_gmt":"2021-05-26T09:29:39","slug":"consuni-aprova-programa-de-divulgacao-de-conhecimento-e-institucionaliza-nucleo-juridico","status":"publish","type":"post","link":"https:\/\/centros.uepb.edu.br\/ccj\/consuni-aprova-programa-de-divulgacao-de-conhecimento-e-institucionaliza-nucleo-juridico\/","title":{"rendered":"Consuni aprova Programa de Divulga\u00e7\u00e3o de Conhecimento e institucionaliza N\u00facleo Jur\u00eddico"},"content":{"rendered":"<p><a href=\"https:\/\/www.interno.uepb.edu.br\/wp-content\/uploads\/2021\/05\/Reuniao-Consuni-02.jpg\"><img decoding=\"async\" loading=\"lazy\" class=\"alignleft size-full wp-image-60129 img-responsive img-responsive\" src=\"https:\/\/www.interno.uepb.edu.br\/wp-content\/uploads\/2021\/05\/Reuniao-Consuni-02.jpg\" alt=\"\" width=\"850\" height=\"481\" srcset=\"https:\/\/www.interno.uepb.edu.br\/wp-content\/uploads\/2021\/05\/Reuniao-Consuni-02.jpg 850w, https:\/\/www.interno.uepb.edu.br\/wp-content\/uploads\/2021\/05\/Reuniao-Consuni-02-300x170.jpg 300w, https:\/\/www.interno.uepb.edu.br\/wp-content\/uploads\/2021\/05\/Reuniao-Consuni-02-768x435.jpg 768w, https:\/\/www.interno.uepb.edu.br\/wp-content\/uploads\/2021\/05\/Reuniao-Consuni-02-370x209.jpg 370w, https:\/\/www.interno.uepb.edu.br\/wp-content\/uploads\/2021\/05\/Reuniao-Consuni-02-840x475.jpg 840w\" sizes=\"auto, (max-width: 850px) 100vw, 850px\" \/><\/a>Em reuni\u00e3o ordin\u00e1ria realizada nesta ter\u00e7a-feira (25), o Conselho Universit\u00e1rio (Consuni) da Universidade Estadual da Para\u00edba (UEPB) aprovou dois importantes projetos de divulga\u00e7\u00e3o cient\u00edfica e cunho social. Ap\u00f3s pareceres favor\u00e1veis e delibera\u00e7\u00e3o, foram autorizadas a cria\u00e7\u00e3o do Programa de Divulga\u00e7\u00e3o e Dissemina\u00e7\u00e3o do Conhecimento e a institucionaliza\u00e7\u00e3o do N\u00facleo de Pr\u00e1tica Jur\u00eddica.<\/p>\n<p>A reuni\u00e3o foi presidida pela reitora, professora C\u00e9lia Regina Diniz, que iniciou dando posse aos novos conselheiros, transmitiu informes gerais sobre a Universidade e em seguida partiu para os pontos da pauta. A vice-reitora, professora Ivonildes Fonseca tamb\u00e9m participou da reuni\u00e3o. O processo sobre a cria\u00e7\u00e3o do Programa de Divulga\u00e7\u00e3o e Dissemina\u00e7\u00e3o do Conhecimento foi encaminhado conjuntamente pelas Pr\u00f3-Reitorias de P\u00f3s-Gradua\u00e7\u00e3o e Pesquisa (PRPGP), Extens\u00e3o (PROEX) e pela Coordenadoria de Comunica\u00e7\u00e3o (Codecom) da UEPB, tendo como relatora a professora Maria Isabelle Yanes.<\/p>\n<p><a href=\"https:\/\/www.interno.uepb.edu.br\/wp-content\/uploads\/2021\/05\/Reuniao-Consuni-03.jpg\"><img decoding=\"async\" loading=\"lazy\" class=\"alignleft size-full wp-image-60128 img-responsive img-responsive\" src=\"https:\/\/www.interno.uepb.edu.br\/wp-content\/uploads\/2021\/05\/Reuniao-Consuni-03.jpg\" alt=\"\" width=\"849\" height=\"482\" srcset=\"https:\/\/www.interno.uepb.edu.br\/wp-content\/uploads\/2021\/05\/Reuniao-Consuni-03.jpg 849w, https:\/\/www.interno.uepb.edu.br\/wp-content\/uploads\/2021\/05\/Reuniao-Consuni-03-300x170.jpg 300w, https:\/\/www.interno.uepb.edu.br\/wp-content\/uploads\/2021\/05\/Reuniao-Consuni-03-768x436.jpg 768w, https:\/\/www.interno.uepb.edu.br\/wp-content\/uploads\/2021\/05\/Reuniao-Consuni-03-370x210.jpg 370w, https:\/\/www.interno.uepb.edu.br\/wp-content\/uploads\/2021\/05\/Reuniao-Consuni-03-840x477.jpg 840w\" sizes=\"auto, (max-width: 849px) 100vw, 849px\" \/><\/a>O processo de cria\u00e7\u00e3o do programa de divulga\u00e7\u00e3o e dissemina\u00e7\u00e3o do conhecimento, atrav\u00e9s de a\u00e7\u00f5es de difus\u00e3o tecnol\u00f3gica e populariza\u00e7\u00e3o da ci\u00eancia, visa contribuir com a divulga\u00e7\u00e3o dos projetos e pesquisas pelos estudantes da UEPB, demonstrando o impacto e retornos dos investimentos para sociedade, apresentando algumas atividades que ser\u00e3o desenvolvidas no \u00e2mbito do programa.<\/p>\n<p>A professora Isabelle concedeu parecer favor\u00e1vel ao projeto, que seguiu para discuss\u00e3o e foi aprovado por unanimidade. Conselheiros frisaram a relev\u00e2ncia do projeto, apontaram os pontos positivos da divulga\u00e7\u00e3o cient\u00edfica e a troca de experi\u00eancias e conhecimento entre estudantes, docentes, pesquisadores, servidores t\u00e9cnico-administrativos e p\u00fablico externo \u00e0 universidade.<\/p>\n<p><a href=\"https:\/\/www.interno.uepb.edu.br\/wp-content\/uploads\/2021\/05\/Reuniao-Consuni-04.jpg\"><img decoding=\"async\" loading=\"lazy\" class=\"alignleft size-full wp-image-60127 img-responsive img-responsive\" src=\"https:\/\/www.interno.uepb.edu.br\/wp-content\/uploads\/2021\/05\/Reuniao-Consuni-04.jpg\" alt=\"\" width=\"849\" height=\"478\" srcset=\"https:\/\/www.interno.uepb.edu.br\/wp-content\/uploads\/2021\/05\/Reuniao-Consuni-04.jpg 849w, https:\/\/www.interno.uepb.edu.br\/wp-content\/uploads\/2021\/05\/Reuniao-Consuni-04-300x169.jpg 300w, https:\/\/www.interno.uepb.edu.br\/wp-content\/uploads\/2021\/05\/Reuniao-Consuni-04-768x432.jpg 768w, https:\/\/www.interno.uepb.edu.br\/wp-content\/uploads\/2021\/05\/Reuniao-Consuni-04-370x208.jpg 370w, https:\/\/www.interno.uepb.edu.br\/wp-content\/uploads\/2021\/05\/Reuniao-Consuni-04-840x473.jpg 840w\" sizes=\"auto, (max-width: 849px) 100vw, 849px\" \/><\/a>Em seguida, foi apreciada a proposta de cria\u00e7\u00e3o e institucionaliza\u00e7\u00e3o do N\u00facleo de Pr\u00e1tica Jur\u00eddica (NPJ), encaminhada pelo Centro de Ci\u00eancias Jur\u00eddicas (CCJ), C\u00e2mpus I da UEPB, e que teve como relator o professor Alde Cleber Silva, que igualmente concedeu parecer favor\u00e1vel. A proposta, ap\u00f3s delibera\u00e7\u00e3o, foi aprovada pelos conselheiros. De acordo com o processo, o N\u00facleo de Pr\u00e1tica Jur\u00eddica \u00e9 uma estrutura administrativa relacionada ao est\u00e1gio curricular obrigat\u00f3rio e que agora, ademais do Escrit\u00f3rio Modelo, abranger\u00e1 outros programas e a\u00e7\u00f5es, a exemplo da C\u00e2mara da Cidadania e Unidades de Pr\u00e1tica Processual.<\/p>\n<p>Emocionado, o professor Laplace Guedes, diretor do CCJ, mencionou a import\u00e2ncia deste dia que considerou hist\u00f3rico e que ele e o Centro que dirige esperam h\u00e1 tantos anos. Na pr\u00e1tica, o N\u00facleo existe h\u00e1 mais de uma d\u00e9cada na UEPB, por meio de projetos como a Escrit\u00f3rio Modelo, ajudando na pr\u00e1tica jur\u00eddica dos estudantes de Direito, mas que agora ganha novos contornos. \u201cPor estas a\u00e7\u00f5es, n\u00f3s ganhamos votos de aplauso da Universidade Estadual de Pernambuco, anos atr\u00e1s. A partir de hoje, o CCJ vai viver um novo momento\u201d, disse o professor Laplace.<\/p>\n<p>Outro docente do CCJ, professor Luciano Nascimento, refor\u00e7ou a relev\u00e2ncia do momento e da pr\u00e1xis jur\u00eddica exercida por estudantes da UEPB, especialmente no \u00e2mbito social. O professor lembrou que pr\u00e1ticas deste tipo j\u00e1 auxiliaram e prestaram assist\u00eancia jur\u00eddica a diversas fam\u00edlias carentes paraibanas, especialmente de Campina Grande, que se n\u00e3o fosse esta oportunidade, n\u00e3o poderiam arcar com tais custos nem teriam seus direitos atendidos.<\/p>\n<p>Ambas as propostas seguem agora para aprimoramento de seus regimentos e normatiza\u00e7\u00f5es dentro das inst\u00e2ncias jur\u00eddicas e de delibera\u00e7\u00e3o da UEPB. A reuni\u00e3o desta ter\u00e7a-feira (25) foi realizada por videoconfer\u00eancia e transmitida pelos canais oficiais da Institui\u00e7\u00e3o.<\/p>\n<p><em><strong>Texto:<\/strong> Juliana Rosas<\/em><br \/>\n<em><strong>Fotos:<\/strong> Reprodu\u00e7\u00e3o Rede UEPB<\/em><\/p>\n","protected":false},"excerpt":{"rendered":"<p>Em reuni\u00e3o ordin\u00e1ria realizada nesta ter\u00e7a-feira (25), o Conselho Universit\u00e1rio (Consuni) da Universidade Estadual da Para\u00edba (UEPB) aprovou dois importantes projetos de divulga\u00e7\u00e3o cient\u00edfica e cunho social. Ap\u00f3s pareceres favor\u00e1veis e delibera\u00e7\u00e3o, foram autorizadas a cria\u00e7\u00e3o do Programa de Divulga\u00e7\u00e3o e Dissemina\u00e7\u00e3o do Conhecimento e a institucionaliza\u00e7\u00e3o do N\u00facleo de Pr\u00e1tica Jur\u00eddica. A reuni\u00e3o foi <a class=\"leiamais\" href=\"https:\/\/www.interno.uepb.edu.br\/consuni-aprova-programa-de-divulgacao-de-conhecimento-e-institucionaliza-nucleo-juridico\/\">Leia Mais&#8230;<\/a><\/p>\n","protected":false},"author":39,"featured_media":0,"comment_status":"closed","ping_status":"closed","sticky":false,"template":"","format":"standard","meta":{"jetpack_post_was_ever_published":false,"_jetpack_newsletter_access":"","_jetpack_dont_email_post_to_subs":false,"_jetpack_newsletter_tier_id":0,"_jetpack_memberships_contains_paywalled_content":false,"_jetpack_memberships_contains_paid_content":false,"footnotes":"","jetpack_publicize_message":"","jetpack_publicize_feature_enabled":true,"jetpack_social_post_already_shared":true,"jetpack_social_options":{"image_generator_settings":{"template":"highway","default_image_id":0,"font":"","enabled":false},"version":2}},"categories":[10,4,33,13,14,38,47],"tags":[],"class_list":["post-1355","post","type-post","status-publish","format-standard","hentry","category-ccj","category-noticias","category-noticias-alunos","category-noticias-destaque-img","category-noticias-professores","category-proex","category-prpgp"],"jetpack_publicize_connections":[],"jetpack_featured_media_url":"","jetpack_sharing_enabled":true,"jetpack_shortlink":"https:\/\/wp.me\/p7WTDo-lR","_links":{"self":[{"href":"https:\/\/centros.uepb.edu.br\/ccj\/wp-json\/wp\/v2\/posts\/1355","targetHints":{"allow":["GET"]}}],"collection":[{"href":"https:\/\/centros.uepb.edu.br\/ccj\/wp-json\/wp\/v2\/posts"}],"about":[{"href":"https:\/\/centros.uepb.edu.br\/ccj\/wp-json\/wp\/v2\/types\/post"}],"author":[{"embeddable":true,"href":"https:\/\/centros.uepb.edu.br\/ccj\/wp-json\/wp\/v2\/users\/39"}],"replies":[{"embeddable":true,"href":"https:\/\/centros.uepb.edu.br\/ccj\/wp-json\/wp\/v2\/comments?post=1355"}],"version-history":[{"count":0,"href":"https:\/\/centros.uepb.edu.br\/ccj\/wp-json\/wp\/v2\/posts\/1355\/revisions"}],"wp:attachment":[{"href":"https:\/\/centros.uepb.edu.br\/ccj\/wp-json\/wp\/v2\/media?parent=1355"}],"wp:term":[{"taxonomy":"category","embeddable":true,"href":"https:\/\/centros.uepb.edu.br\/ccj\/wp-json\/wp\/v2\/categories?post=1355"},{"taxonomy":"post_tag","embeddable":true,"href":"https:\/\/centros.uepb.edu.br\/ccj\/wp-json\/wp\/v2\/tags?post=1355"}],"curies":[{"name":"wp","href":"https:\/\/api.w.org\/{rel}","templated":true}]}}