{"id":1349,"date":"2021-05-19T05:14:40","date_gmt":"2021-05-19T08:14:40","guid":{"rendered":"https:\/\/www.interno.uepb.edu.br\/?p=60002"},"modified":"2021-05-19T05:14:40","modified_gmt":"2021-05-19T08:14:40","slug":"universidade-estadual-da-paraiba-lamenta-falecimento-de-estudante-do-curso-de-direito-em-campina-grande","status":"publish","type":"post","link":"https:\/\/centros.uepb.edu.br\/ccj\/universidade-estadual-da-paraiba-lamenta-falecimento-de-estudante-do-curso-de-direito-em-campina-grande\/","title":{"rendered":"Universidade Estadual da Para\u00edba lamenta falecimento de estudante do curso de Direito, em Campina Grande"},"content":{"rendered":"<p><a href=\"https:\/\/www.interno.uepb.edu.br\/wp-content\/uploads\/2021\/05\/Yanne-Silveira.jpeg\"><img decoding=\"async\" loading=\"lazy\" class=\"alignleft  wp-image-60003 img-responsive img-responsive\" src=\"https:\/\/www.interno.uepb.edu.br\/wp-content\/uploads\/2021\/05\/Yanne-Silveira-236x300.jpeg\" alt=\"\" width=\"190\" height=\"242\" srcset=\"https:\/\/www.interno.uepb.edu.br\/wp-content\/uploads\/2021\/05\/Yanne-Silveira-236x300.jpeg 236w, https:\/\/www.interno.uepb.edu.br\/wp-content\/uploads\/2021\/05\/Yanne-Silveira-807x1024.jpeg 807w, https:\/\/www.interno.uepb.edu.br\/wp-content\/uploads\/2021\/05\/Yanne-Silveira-768x974.jpeg 768w, https:\/\/www.interno.uepb.edu.br\/wp-content\/uploads\/2021\/05\/Yanne-Silveira-370x469.jpeg 370w, https:\/\/www.interno.uepb.edu.br\/wp-content\/uploads\/2021\/05\/Yanne-Silveira-840x1066.jpeg 840w, https:\/\/www.interno.uepb.edu.br\/wp-content\/uploads\/2021\/05\/Yanne-Silveira.jpeg 1009w\" sizes=\"auto, (max-width: 190px) 100vw, 190px\" \/><\/a>A Administra\u00e7\u00e3o Central da Universidade Estadual da Para\u00edba (UEPB), bem como a Dire\u00e7\u00e3o do Centro de Ci\u00eancias Jur\u00eddicas (CCJ) da Institui\u00e7\u00e3o e em nome de toda comunidade universit\u00e1ria, lamenta com profundo pesar o falecimento da estudante Yanne Silveira de Castro Oliveira, ocorrido nesta quarta-feira (19).<\/p>\n<p>Yanne Silveira era aluna do 2\u00ba per\u00edodo do curso de Direito, no C\u00e2mpus de Campina Grande. Em virtude do seu falecimento as aulas no CCJ foram suspensas durante todo o dia desta quarta (19).<\/p>\n<p>Enlutada, a Reitoria da UEPB presta sua total solidariedade aos familiares e amigos da estudante por t\u00e3o dolorosa perda.<\/p>\n","protected":false},"excerpt":{"rendered":"<p>A Administra\u00e7\u00e3o Central da Universidade Estadual da Para\u00edba (UEPB), bem como a Dire\u00e7\u00e3o do Centro de Ci\u00eancias Jur\u00eddicas (CCJ) da Institui\u00e7\u00e3o e em nome de toda comunidade universit\u00e1ria, lamenta com profundo pesar o falecimento da estudante Yanne Silveira de Castro Oliveira, ocorrido nesta quarta-feira (19). Yanne Silveira era aluna do 2\u00ba per\u00edodo do curso de <a class=\"leiamais\" href=\"https:\/\/www.interno.uepb.edu.br\/universidade-estadual-da-paraiba-lamenta-falecimento-de-estudante-do-curso-de-direito-em-campina-grande\/\">Leia Mais&#8230;<\/a><\/p>\n","protected":false},"author":39,"featured_media":0,"comment_status":"closed","ping_status":"closed","sticky":false,"template":"","format":"standard","meta":{"jetpack_post_was_ever_published":false,"_jetpack_newsletter_access":"","_jetpack_dont_email_post_to_subs":false,"_jetpack_newsletter_tier_id":0,"_jetpack_memberships_contains_paywalled_content":false,"_jetpack_memberships_contains_paid_content":false,"footnotes":"","jetpack_publicize_message":"","jetpack_publicize_feature_enabled":true,"jetpack_social_post_already_shared":true,"jetpack_social_options":{"image_generator_settings":{"template":"highway","default_image_id":0,"font":"","enabled":false},"version":2}},"categories":[10,4,33,12],"tags":[],"class_list":["post-1349","post","type-post","status-publish","format-standard","hentry","category-ccj","category-noticias","category-noticias-alunos","category-noticias-destaque"],"jetpack_publicize_connections":[],"jetpack_featured_media_url":"","jetpack_sharing_enabled":true,"jetpack_shortlink":"https:\/\/wp.me\/p7WTDo-lL","_links":{"self":[{"href":"https:\/\/centros.uepb.edu.br\/ccj\/wp-json\/wp\/v2\/posts\/1349","targetHints":{"allow":["GET"]}}],"collection":[{"href":"https:\/\/centros.uepb.edu.br\/ccj\/wp-json\/wp\/v2\/posts"}],"about":[{"href":"https:\/\/centros.uepb.edu.br\/ccj\/wp-json\/wp\/v2\/types\/post"}],"author":[{"embeddable":true,"href":"https:\/\/centros.uepb.edu.br\/ccj\/wp-json\/wp\/v2\/users\/39"}],"replies":[{"embeddable":true,"href":"https:\/\/centros.uepb.edu.br\/ccj\/wp-json\/wp\/v2\/comments?post=1349"}],"version-history":[{"count":0,"href":"https:\/\/centros.uepb.edu.br\/ccj\/wp-json\/wp\/v2\/posts\/1349\/revisions"}],"wp:attachment":[{"href":"https:\/\/centros.uepb.edu.br\/ccj\/wp-json\/wp\/v2\/media?parent=1349"}],"wp:term":[{"taxonomy":"category","embeddable":true,"href":"https:\/\/centros.uepb.edu.br\/ccj\/wp-json\/wp\/v2\/categories?post=1349"},{"taxonomy":"post_tag","embeddable":true,"href":"https:\/\/centros.uepb.edu.br\/ccj\/wp-json\/wp\/v2\/tags?post=1349"}],"curies":[{"name":"wp","href":"https:\/\/api.w.org\/{rel}","templated":true}]}}