{"id":1261,"date":"2021-04-05T10:51:37","date_gmt":"2021-04-05T13:51:37","guid":{"rendered":"https:\/\/www.interno.uepb.edu.br\/?p=59316"},"modified":"2021-04-05T10:51:37","modified_gmt":"2021-04-05T13:51:37","slug":"universidade-estadual-da-paraiba-convoca-advogada-aprovada-em-processo-seletivo-simplificado","status":"publish","type":"post","link":"https:\/\/centros.uepb.edu.br\/ccj\/universidade-estadual-da-paraiba-convoca-advogada-aprovada-em-processo-seletivo-simplificado\/","title":{"rendered":"Universidade Estadual da Para\u00edba convoca advogada aprovada em Processo Seletivo Simplificado"},"content":{"rendered":"<p>A Pr\u00f3-Reitoria de Gest\u00e3o de Pessoas (PROGEP) da Universidade Estadual da Para\u00edba (UEPB) divulgou nesta segunda-feira (5), edital de convoca\u00e7\u00e3o para candidata aprovada na sele\u00e7\u00e3o para contrata\u00e7\u00e3o em Processo Seletivo para a fun\u00e7\u00e3o de advogada em car\u00e1ter tempor\u00e1rio, para exerc\u00edcio no C\u00e2mpus I.<\/p>\n<p>Em virtude da publica\u00e7\u00e3o do Decreto do Governo do Estado da Para\u00edba, que recomenda o exerc\u00edcio de atividades remotas, a convocada deve enviar a documenta\u00e7\u00e3o listada no edital para o endere\u00e7o de e-mail <strong>progepat@setor.uepb.edu.br<\/strong>.<\/p>\n<p>Confira o edital de convoca\u00e7\u00e3o clicando <a href=\"https:\/\/www.interno.uepb.edu.br\/download\/1_2\/outros_editais\/Edital-de-Convocacao-No-005-2021-Advogado-Centro-de-Ciencias-Juridicas.pdf\"  rel=\"noopener\"><strong>AQUI<\/strong><\/a>.<\/p>\n<p><em><strong>Texto:<\/strong> Givaldo Cavalcanti<\/em><\/p>\n","protected":false},"excerpt":{"rendered":"<p>A Pr\u00f3-Reitoria de Gest\u00e3o de Pessoas (PROGEP) da Universidade Estadual da Para\u00edba (UEPB) divulgou nesta segunda-feira (5), edital de convoca\u00e7\u00e3o para candidata aprovada na sele\u00e7\u00e3o para contrata\u00e7\u00e3o em Processo Seletivo para a fun\u00e7\u00e3o de advogada em car\u00e1ter tempor\u00e1rio, para exerc\u00edcio no C\u00e2mpus I. Em virtude da publica\u00e7\u00e3o do Decreto do Governo do Estado da Para\u00edba, <a class=\"leiamais\" href=\"https:\/\/www.interno.uepb.edu.br\/universidade-estadual-da-paraiba-convoca-advogada-aprovada-em-processo-seletivo-simplificado\/\">Leia Mais&#8230;<\/a><\/p>\n","protected":false},"author":39,"featured_media":0,"comment_status":"closed","ping_status":"closed","sticky":false,"template":"","format":"standard","meta":{"jetpack_post_was_ever_published":false,"_jetpack_newsletter_access":"","_jetpack_dont_email_post_to_subs":false,"_jetpack_newsletter_tier_id":0,"_jetpack_memberships_contains_paywalled_content":false,"_jetpack_memberships_contains_paid_content":false,"footnotes":"","jetpack_publicize_message":"","jetpack_publicize_feature_enabled":true,"jetpack_social_post_already_shared":true,"jetpack_social_options":{"image_generator_settings":{"template":"highway","default_image_id":0,"font":"","enabled":false},"version":2}},"categories":[10,4,37,44],"tags":[],"class_list":["post-1261","post","type-post","status-publish","format-standard","hentry","category-ccj","category-noticias","category-noticias-tecnicos","category-progep"],"jetpack_publicize_connections":[],"jetpack_featured_media_url":"","jetpack_sharing_enabled":true,"jetpack_shortlink":"https:\/\/wp.me\/p7WTDo-kl","_links":{"self":[{"href":"https:\/\/centros.uepb.edu.br\/ccj\/wp-json\/wp\/v2\/posts\/1261","targetHints":{"allow":["GET"]}}],"collection":[{"href":"https:\/\/centros.uepb.edu.br\/ccj\/wp-json\/wp\/v2\/posts"}],"about":[{"href":"https:\/\/centros.uepb.edu.br\/ccj\/wp-json\/wp\/v2\/types\/post"}],"author":[{"embeddable":true,"href":"https:\/\/centros.uepb.edu.br\/ccj\/wp-json\/wp\/v2\/users\/39"}],"replies":[{"embeddable":true,"href":"https:\/\/centros.uepb.edu.br\/ccj\/wp-json\/wp\/v2\/comments?post=1261"}],"version-history":[{"count":0,"href":"https:\/\/centros.uepb.edu.br\/ccj\/wp-json\/wp\/v2\/posts\/1261\/revisions"}],"wp:attachment":[{"href":"https:\/\/centros.uepb.edu.br\/ccj\/wp-json\/wp\/v2\/media?parent=1261"}],"wp:term":[{"taxonomy":"category","embeddable":true,"href":"https:\/\/centros.uepb.edu.br\/ccj\/wp-json\/wp\/v2\/categories?post=1261"},{"taxonomy":"post_tag","embeddable":true,"href":"https:\/\/centros.uepb.edu.br\/ccj\/wp-json\/wp\/v2\/tags?post=1261"}],"curies":[{"name":"wp","href":"https:\/\/api.w.org\/{rel}","templated":true}]}}